{"id":5045,"date":"2022-02-05T09:18:33","date_gmt":"2022-02-05T09:18:33","guid":{"rendered":"https:\/\/blogs.lasprovincias.es\/carlospajuelo\/?p=5045"},"modified":"2022-02-05T09:18:33","modified_gmt":"2022-02-05T09:18:33","slug":"gas-y-atomos-son-verdes","status":"publish","type":"post","link":"https:\/\/blogs.lasprovincias.es\/carlospajuelo\/2022\/02\/05\/gas-y-atomos-son-verdes\/","title":{"rendered":"GAS Y \u00c1TOMOS SON VERDES"},"content":{"rendered":"<table class=\"W_6D6F H_6D6F p_R bo_BA ku_f\" data-test-id=\"message-view\">\n<tbody>\n<tr class=\"W_6D6F\">\n<td class=\"V_GM H_6D6F\">\n<div class=\"d_3zJDR P_1Izyn\">\n<div class=\"msg-body w_AS mq_AS ix_AS H_Z1jxxvJ o_A\" data-test-id=\"message-body\">\n<div dir=\"ltr\"><strong>GAS Y \u00c1TOMOS SON VERDES<\/strong><\/div>\n<div dir=\"ltr\"><strong>Europa no siempre da dinero para ver c\u00f3mo lo repartimos. De vez en cuando dice cosas como clasificar a la energ\u00eda nuclear como verde y al gas tambi\u00e9n.<\/strong><\/div>\n<div dir=\"ltr\"><strong>Ya s\u00e9 que nosotros mantenemos, cuando digo nosotros me refiero al Gobierno, un criterio diferente y as\u00ed lo hemos manifestado sin \u00e9xito por el momento.<\/strong><\/div>\n<div dir=\"ltr\"><strong>En esa clasificaci\u00f3n digo que hay pa\u00edses, caso de Francia, que viene defendiendo la energ\u00eda nuclear desde hace a\u00f1os y de hecho, en este cuadro podemos encontrar la respuesta de su defensa a seguir en la l\u00ednea de mantenerse en su conservaci\u00f3n.<\/strong><\/div>\n<div dir=\"ltr\"><strong>Pa\u00eds\u00a0\u00a0\u00a0 Reactores en situaci\u00f3n de operar\u00a0\u00a0\u00a0 Electricidad de origen nuclear (%)<\/strong><\/div>\n<div dir=\"ltr\"><strong>Espa\u00f1a\u00a0\u00a0\u00a0 7\u00a0\u00a0\u00a0 21,41<\/strong><\/div>\n<div dir=\"ltr\"><strong>Estados Unidos\u00a0\u00a0\u00a0 94\u00a0\u00a0\u00a0 19,70<\/strong><\/div>\n<div dir=\"ltr\"><strong>Finlandia\u00a0\u00a0\u00a0 4\u00a0\u00a0\u00a0 37,41<\/strong><\/div>\n<div dir=\"ltr\"><strong>Francia\u00a0\u00a0\u00a0 56\u00a0\u00a0\u00a0 70,58<\/strong><\/div>\n<div dir=\"ltr\"><\/div>\n<div dir=\"ltr\"><strong>De hecho, las nucleares emiten menos contaminaci\u00f3n al aire. S\u00ed. Sin embargo, hay un detalle en este asunto que permite dudar acerca de lo verde que es la energ\u00eda de origen nuclear. \u00bfCu\u00e1l? Los residuos.<\/strong><\/div>\n<div dir=\"ltr\"><strong>Hace a\u00f1os recuerdo las grandes movilizaciones de civiles alemanes frente a los trenes que transportaban esos residuos y miles de polic\u00edas los custodiaban esos trenes y combat\u00edan contra los miles de partidarios de NUCLEAR NO y de hecho, por aquellas luchas y otras razones Alemania pr\u00e1cticamente ha eliminado sus centrales, quedan 6 activas. Ten\u00edamos la experiencia japonesa de Fukushima.<\/strong><\/div>\n<div dir=\"ltr\"><strong>Angela Merkel, la canciller alemana, esboz\u00f3 con mucha claridad qu\u00e9 consecuencias tendr\u00eda adelantar el cierre de sus centrales nucleares en el Foro Econ\u00f3mico Mundial que se celebr\u00f3 en Davos (Suiza), el 23 de enero de 2019:<\/strong><\/div>\n<div dir=\"ltr\"><strong>\u00abLlevaremos a cabo el apagado progresivo de nuestra energ\u00eda nuclear con el prop\u00f3sito de concluirlo en 2022. Pero tenemos un enorme desaf\u00edo por delante debido a que las \u00fanicas fuentes de energ\u00eda que son capaces de dar respuesta a nuestras necesidades energ\u00e9ticas son el carb\u00f3n y el lignito \u2026El gas natural de nuevo jugar\u00e1 un rol esencial para nosotros durante las pr\u00f3ximas d\u00e9cadas [&#8230;]\u00bb<\/strong><\/div>\n<div dir=\"ltr\"><strong>\u00bfVerde el gas? Aporta efectos negativos para el ambiente relacionados con el calentamiento global y el cambio clim\u00e1tico\u00a0<\/strong><\/div>\n<div dir=\"ltr\"><strong>Adem\u00e1s de saberlo Putin, otros lo saben. Piensen.<\/strong><\/div>\n<div dir=\"ltr\"><strong>En materia de residuos nos estamos tragando en la ex mina de cobre de Nerva m\u00e1s de 100 mil toneladas de basura sin contrapartidas para los habitantes. \u00bfVenderemos la Espa\u00f1a vaciada?<\/strong><\/div>\n<div dir=\"ltr\"><\/div>\n<\/div>\n<\/div>\n<\/td>\n<\/tr>\n<tr class=\"W_6D6F\">\n<td class=\"V_GM\">\n<div class=\"D_B P_1Eu6qC z_2wc7QY\">\n<table class=\"W_6D6F H_6D6F p_R bo_BA\" data-test-id=\"message-toolbar\">\n<thead class=\"b_n\"><\/thead>\n<tbody>\n<tr class=\"W_6D6F\">\n<td class=\"V_M W_d3W t_l J_x\">\n<form class=\"D_I\" action=\"https:\/\/mail.yahoo.com\/b\/compose?.src=ym&amp;reason=unsupported_browser&amp;folderType=SENT&amp;accountIds=1\" method=\"POST\" name=\"msgListForm\" data-test-id=\"dummyTestId\"><button class=\"b_n D_X A_6EqO u_e69 H_6LEV i_6LEV o_h P_Z2guAVt G_e V_M C4_Z2aVTcY q_Z1Q0oGn q4_ZlS9Rj E_eo6\" title=\"Responder\" name=\"action\" type=\"submit\" value=\"reply\" aria-label=\"Responder\"><\/button><button class=\"b_n D_X A_6EqO u_e69 H_6LEV i_6LEV o_h P_Z2guAVt G_e V_M C4_Z2aVTcY q_22a6rV q4_Z1xTMwV E_eo6\" title=\"Responder a todos\" name=\"action\" type=\"submit\" value=\"replyAll\" aria-label=\"Responder a todos\"><\/button><button class=\"b_n D_X A_6EqO u_e69 H_6LEV i_6LEV o_h P_Z2guAVt G_e V_M C4_Z2aVTcY q_P8sMj q4_Z47DJi E_eo6\" title=\"Reenviar\" name=\"action\" type=\"submit\" value=\"forward\" aria-label=\"Reenviar\"><\/button><\/form>\n<\/td>\n<td class=\"V_M t_C J_x\">\n<form id=\"msgListForm\" class=\"D_I\" action=\"https:\/\/mail.yahoo.com\/b\/folders\/2?.src=ym&amp;reason=unsupported_browser&amp;folderType=SENT&amp;offset=0\" method=\"POST\" name=\"msgListForm\" data-test-id=\"dummyTestId\">\n<div><span class=\"J_x D_X M_3Y3Gk P_3LQ7g\"><button class=\"b_n D_X A_6EqO u_e69 H_6LEV i_6LEV o_h P_Z2guAVt G_e V_M C4_Z2aVTcY q_Z25N1By q4_ZB0RNU Q_eo6\" title=\"Eliminar\" name=\"action\" type=\"submit\" value=\"moveToFolder\" aria-label=\"Eliminar\">Eliminar<\/button><\/span><\/div>\n<\/form>\n<\/td>\n<\/tr>\n<\/tbody>\n<\/table>\n<\/div>\n<\/td>\n<\/tr>\n<\/tbody>\n<\/table>\n","protected":false},"excerpt":{"rendered":"<p>GAS Y \u00c1TOMOS SON VERDES Europa no siempre da dinero para ver c\u00f3mo lo repartimos. De vez en cuando dice cosas como clasificar a la energ\u00eda nuclear como verde y al gas tambi\u00e9n. Ya s\u00e9 que nosotros mantenemos, cuando digo nosotros me refiero al Gobierno, un criterio diferente y as\u00ed lo hemos manifestado sin \u00e9xito [&hellip;]<\/p>\n","protected":false},"author":7,"featured_media":0,"comment_status":"closed","ping_status":"closed","sticky":false,"template":"","format":"standard","meta":[],"categories":[1],"tags":[],"_links":{"self":[{"href":"https:\/\/blogs.lasprovincias.es\/carlospajuelo\/wp-json\/wp\/v2\/posts\/5045"}],"collection":[{"href":"https:\/\/blogs.lasprovincias.es\/carlospajuelo\/wp-json\/wp\/v2\/posts"}],"about":[{"href":"https:\/\/blogs.lasprovincias.es\/carlospajuelo\/wp-json\/wp\/v2\/types\/post"}],"author":[{"embeddable":true,"href":"https:\/\/blogs.lasprovincias.es\/carlospajuelo\/wp-json\/wp\/v2\/users\/7"}],"replies":[{"embeddable":true,"href":"https:\/\/blogs.lasprovincias.es\/carlospajuelo\/wp-json\/wp\/v2\/comments?post=5045"}],"version-history":[{"count":1,"href":"https:\/\/blogs.lasprovincias.es\/carlospajuelo\/wp-json\/wp\/v2\/posts\/5045\/revisions"}],"predecessor-version":[{"id":5046,"href":"https:\/\/blogs.lasprovincias.es\/carlospajuelo\/wp-json\/wp\/v2\/posts\/5045\/revisions\/5046"}],"wp:attachment":[{"href":"https:\/\/blogs.lasprovincias.es\/carlospajuelo\/wp-json\/wp\/v2\/media?parent=5045"}],"wp:term":[{"taxonomy":"category","embeddable":true,"href":"https:\/\/blogs.lasprovincias.es\/carlospajuelo\/wp-json\/wp\/v2\/categories?post=5045"},{"taxonomy":"post_tag","embeddable":true,"href":"https:\/\/blogs.lasprovincias.es\/carlospajuelo\/wp-json\/wp\/v2\/tags?post=5045"}],"curies":[{"name":"wp","href":"https:\/\/api.w.org\/{rel}","templated":true}]}}