{"id":5053,"date":"2022-02-14T16:01:57","date_gmt":"2022-02-14T16:01:57","guid":{"rendered":"https:\/\/blogs.lasprovincias.es\/carlospajuelo\/?p=5053"},"modified":"2022-02-14T16:01:57","modified_gmt":"2022-02-14T16:01:57","slug":"veo-crecer-y-madurar-el-odio","status":"publish","type":"post","link":"https:\/\/blogs.lasprovincias.es\/carlospajuelo\/2022\/02\/14\/veo-crecer-y-madurar-el-odio\/","title":{"rendered":"VEO CRECER Y MADURAR EL ODIO"},"content":{"rendered":"<table class=\"W_6D6F H_6D6F p_R bo_BA ku_f\" data-test-id=\"message-view\">\n<tbody>\n<tr class=\"W_6D6F\">\n<td class=\"V_GM H_6D6F\">\n<div class=\"d_3zJDR P_1Izyn\">\n<div class=\"msg-body w_AS mq_AS ix_AS H_Z1jxxvJ o_A\" data-test-id=\"message-body\">\n<div dir=\"ltr\">VEO CRECER Y MADURAR AL ODIO<\/div>\n<div dir=\"ltr\">Hay gente que dice que ve crecer la hierba bajo sus pies y debe ser por la atenci\u00f3n, o\u00eddo y vista que tienen o por su especial sensibilidad hacia el entorno y llegan a percibir antes que uno esa sensaci\u00f3n vital de la tierra cuando da a luz sus brotes, cualquiera que sea la \u00e9poca del a\u00f1o, principalmente en primavera. Benditos sean los que tiene esa capacidad prof\u00e9tica.<\/div>\n<div dir=\"ltr\">No es mi caso. Yo soy m\u00e1s lerdo, tard\u00edo en percibir, lento en creer.<\/div>\n<div dir=\"ltr\">Pese a esa diferencia contra mi sensibilidad, los d\u00edas pasados y aun los presentes y colig\u00f3 que lo venideros, el panorama que nos ofrecen las instituciones en plena batalla por ver quien tiene raz\u00f3n y donde el mercado de las votaciones se ve alterado por dif\u00edciles acciones.<\/div>\n<div dir=\"ltr\">Esas acciones no pasar\u00edan un examen de primero de bachiller, cuando el bachiller era lo que era y no como hoy, se ve, que con suspensos se pasa e incluso se llega uno licenciar para menoscabo de quienes hemos pasado por las horcas caudinas de largos y prolijos tiempos de corregir y volver a redactar y finalmente ir a ex\u00e1menes para acabar un doctorado, por ejemplo.<\/div>\n<div dir=\"ltr\">Me refiero a la reciente y todav\u00eda candente lucha por el voto de un \u201csujeto\u201d que inventa cualquiera excusa idiota para justificar su error inform\u00e1tico, al hecho simple de pulsar un bot\u00f3n en vez de otro. El pulsador sin seso lo hace a sabiendas y a cambio de alguna promesa inconfesable ahora o es tonto de solemnidad. Puede usted elegir la afirmaci\u00f3n que quiera.<\/div>\n<div dir=\"ltr\">Si a eso a\u00f1adimos el constante devenir de los careos tabernarios de las formaciones que se sientan al calor del voto cautivo del partido de turno; partido\u00a0 que ayuda a calentar sus gl\u00fateos protegidos por una y mil leyes que los hace distintos a los m\u00edos o al de otro ciudadano que espera cotizar los a\u00f1os, cada vez m\u00e1s seg\u00fan el Sr. Escriv\u00e1, y que no necesita esperar a cobrar la pensi\u00f3n para ir tirando, no es de extra\u00f1ar que haya flexiones de cintura cada vez que aparece el l\u00edder y se permite deslizar la sombra de su mirada y el soslayo de su sonrisa. Todo es caldo de baba a su paso, como cuando yo me duermo frente a la televisi\u00f3n de turno.<\/div>\n<div dir=\"ltr\">Es el momento en el que si el \u201cBoss\u201d llama a rebato y toca machacar al adversario ideol\u00f3gico cuando yo percibo el transcurrir de la ola de odio, la siembra de la discordia que permite demostrar a sus seguidores, cada uno a los suyos, el mal llevar, la arrogancia, la insolidaridad como \u00fanico veh\u00edculo que lleva una especie de comienzo de Guerra civilismo al tiempo que todos los \u00edndices de precios de los m\u00e1s elementales y b\u00e1sicos productos de la cesta de la compra, de la movilidad etc.( en fin lo que llaman la vida) est\u00e1n al alza y son culpa \u201cdel otro&#8221; sea ese otro qui\u00e9n sea.<\/div>\n<div dir=\"ltr\">Es entonces cuando tard\u00edamente noto crecer esa hierba a la que hac\u00eda alusi\u00f3n al principio de la columna.<\/div>\n<div dir=\"ltr\">Doy en pensar si esa generaci\u00f3n de parlamentarios que se han destetado con la Constituci\u00f3n a la que contribuimos todos(incluso los catalanes tan independistas ellos y a los que se les ca\u00eda la misma baba cuando el dictador Franco les visitaba o tomaba la siesta en Pedralbes mientras le daban medallas y le nombraban hijo adoptivo de no s\u00e9 cuantos sitios y los aplausos no necesitaban micros , ni altavoces) digo que doy en pensar si estoy asistiendo al crecimiento de la ceremonia inicial o al ritual del odio y su desarrollo como si alguien hubiera podido destilar en el o\u00eddo de algunos o casi todos los parlamentarios de gl\u00fateos calientes, la ponzo\u00f1a del odio como \u00fanico sistema de seguir vivos y cobrando a fin de mes sea el tiempo que sea que haga afuera.<\/div>\n<div dir=\"ltr\">Es cierto que como en Hamlet \u201calgo huele a podrido en Dinamarca\u201d que en este caso ser\u00eda \u201ccasi todo huele a podrido en Espa\u00f1a\u201d.<\/div>\n<div dir=\"ltr\">Me voy a Descartes D. Ren\u00e9, para m\u00ed la raz\u00f3n hecha filosof\u00eda, en cuanto a su pensamiento en relaci\u00f3n con el odio. \u201cEl odio como conciencia de que algo est\u00e1 mal, combinado con un deseo de retirarse de \u00e9l. Otros preferir\u00e1n al Arist\u00f3teles, m\u00e1s contundente, y quiz\u00e1s m\u00e1s acertado en estos tiempos. Lo ve como un deseo de la aniquilaci\u00f3n de un objeto que es incurable con el tiempo\u201d.<\/div>\n<div dir=\"ltr\">Yo no veo sosiego en el comportamiento de nuestros representantes, que cada d\u00eda nos parece que nos representan menos. \u00a1Cuidado con sembrar el odio que es una mala hierba!<\/div>\n<\/div>\n<\/div>\n<\/td>\n<\/tr>\n<tr class=\"W_6D6F\">\n<td class=\"V_GM\">\n<div class=\"D_B P_1Eu6qC z_2wc7QY\">\n<table class=\"W_6D6F H_6D6F p_R bo_BA\" data-test-id=\"message-toolbar\">\n<thead class=\"b_n\"><\/thead>\n<tbody>\n<tr class=\"W_6D6F\">\n<td class=\"V_M W_d3W t_l J_x\">\n<form class=\"D_I\" action=\"https:\/\/mail.yahoo.com\/b\/compose?.src=ym&amp;reason=unsupported_browser&amp;folderType=SENT&amp;accountIds=1\" method=\"POST\" name=\"msgListForm\" data-test-id=\"dummyTestId\"><button class=\"b_n D_X A_6EqO u_e69 H_6LEV i_6LEV o_h P_Z2guAVt G_e V_M C4_Z2aVTcY q_Z1Q0oGn q4_ZlS9Rj E_eo6\" title=\"Responder\" name=\"action\" type=\"submit\" value=\"reply\" aria-label=\"Responder\"><\/button><button class=\"b_n D_X A_6EqO u_e69 H_6LEV i_6LEV o_h P_Z2guAVt G_e V_M C4_Z2aVTcY q_22a6rV q4_Z1xTMwV E_eo6\" title=\"Responder a todos\" name=\"action\" type=\"submit\" value=\"replyAll\" aria-label=\"Responder a todos\"><\/button><button class=\"b_n D_X A_6EqO u_e69 H_6LEV i_6LEV o_h P_Z2guAVt G_e V_M C4_Z2aVTcY q_P8sMj q4_Z47DJi E_eo6\" title=\"Reenviar\" name=\"action\" type=\"submit\" value=\"forward\" aria-label=\"Reenviar\"><\/button><\/form>\n<\/td>\n<td class=\"V_M t_C J_x\">\n<form id=\"msgListForm\" class=\"D_I\" action=\"https:\/\/mail.yahoo.com\/b\/folders\/2?.src=ym&amp;reason=unsupported_browser&amp;folderType=SENT&amp;offset=0\" method=\"POST\" name=\"msgListForm\" data-test-id=\"dummyTestId\">\n<div><span class=\"J_x D_X M_3Y3Gk P_3LQ7g\"><button class=\"b_n D_X A_6EqO u_e69 H_6LEV i_6LEV o_h P_Z2guAVt G_e V_M C4_Z2aVTcY q_Z25N1By q4_ZB0RNU Q_eo6\" title=\"Eliminar\" name=\"action\" type=\"submit\" value=\"moveToFolder\" aria-label=\"Eliminar\">Eliminar<\/button><\/span><\/div>\n<\/form>\n<\/td>\n<\/tr>\n<\/tbody>\n<\/table>\n<\/div>\n<\/td>\n<\/tr>\n<\/tbody>\n<\/table>\n","protected":false},"excerpt":{"rendered":"<p>VEO CRECER Y MADURAR AL ODIO Hay gente que dice que ve crecer la hierba bajo sus pies y debe ser por la atenci\u00f3n, o\u00eddo y vista que tienen o por su especial sensibilidad hacia el entorno y llegan a percibir antes que uno esa sensaci\u00f3n vital de la tierra cuando da a luz sus [&hellip;]<\/p>\n","protected":false},"author":7,"featured_media":0,"comment_status":"closed","ping_status":"closed","sticky":false,"template":"","format":"standard","meta":[],"categories":[1],"tags":[],"_links":{"self":[{"href":"https:\/\/blogs.lasprovincias.es\/carlospajuelo\/wp-json\/wp\/v2\/posts\/5053"}],"collection":[{"href":"https:\/\/blogs.lasprovincias.es\/carlospajuelo\/wp-json\/wp\/v2\/posts"}],"about":[{"href":"https:\/\/blogs.lasprovincias.es\/carlospajuelo\/wp-json\/wp\/v2\/types\/post"}],"author":[{"embeddable":true,"href":"https:\/\/blogs.lasprovincias.es\/carlospajuelo\/wp-json\/wp\/v2\/users\/7"}],"replies":[{"embeddable":true,"href":"https:\/\/blogs.lasprovincias.es\/carlospajuelo\/wp-json\/wp\/v2\/comments?post=5053"}],"version-history":[{"count":1,"href":"https:\/\/blogs.lasprovincias.es\/carlospajuelo\/wp-json\/wp\/v2\/posts\/5053\/revisions"}],"predecessor-version":[{"id":5054,"href":"https:\/\/blogs.lasprovincias.es\/carlospajuelo\/wp-json\/wp\/v2\/posts\/5053\/revisions\/5054"}],"wp:attachment":[{"href":"https:\/\/blogs.lasprovincias.es\/carlospajuelo\/wp-json\/wp\/v2\/media?parent=5053"}],"wp:term":[{"taxonomy":"category","embeddable":true,"href":"https:\/\/blogs.lasprovincias.es\/carlospajuelo\/wp-json\/wp\/v2\/categories?post=5053"},{"taxonomy":"post_tag","embeddable":true,"href":"https:\/\/blogs.lasprovincias.es\/carlospajuelo\/wp-json\/wp\/v2\/tags?post=5053"}],"curies":[{"name":"wp","href":"https:\/\/api.w.org\/{rel}","templated":true}]}}