{"id":5056,"date":"2022-02-17T04:52:03","date_gmt":"2022-02-17T04:52:03","guid":{"rendered":"https:\/\/blogs.lasprovincias.es\/carlospajuelo\/?p=5056"},"modified":"2022-02-17T04:52:03","modified_gmt":"2022-02-17T04:52:03","slug":"fundacion-por-la-justicia-2","status":"publish","type":"post","link":"https:\/\/blogs.lasprovincias.es\/carlospajuelo\/2022\/02\/17\/fundacion-por-la-justicia-2\/","title":{"rendered":"FUNDACI\u00d3N POR LA JUSTICIA"},"content":{"rendered":"<p><strong>FUNDACI\u00d3N POR LA JUSTICIA<\/strong><\/p>\n<p><strong>En unos d\u00edas, el domingo 20 de febrero en concreto, se celebrar\u00e1 \u201cEl D\u00eda Mundial de la Justicia Social\u201d y eso est\u00e1 muy bien. <\/strong><\/p>\n<p><strong>Hay d\u00edas para todos y hay tantos que los 365 del calendario son insuficientes para albergar m\u00e1s acontecimientos que merezcan un d\u00eda especial, aunque he de decir que cada d\u00eda los llamados eventos van ganando en frivolidad y as\u00ed pronto todos tendremos, al amparo de las Naciones Unidas, nuestro d\u00eda personal y los m\u00e1s ricos e influyentes lo tendr\u00e1n antes como ocurre siempre. Todo est\u00e1 bien.<\/strong><\/p>\n<p><strong>Pese a esto del D\u00eda citado y antes que la Naciones Unidas se dieran cuenta p\u00fablica, un grupo de gente en Valencia y en 1994 se empe\u00f1\u00f3 en poner en marcha un proyecto que hoy es una realidad bien patente.<\/strong><\/p>\n<p><strong>Por si se ha olvidado. \u00bfQui\u00e9nes son?<\/strong><\/p>\n<p><strong><em>La Fundaci\u00f3n por la Justicia (FxJ)\u00a0es una\u00a0organizaci\u00f3n sin \u00e1nimo de lucro, independiente y aconfesional, que trabaja por la promoci\u00f3n y defensa de los\u00a0Derechos Humanos\u00a0tanto en\u00a0Espa\u00f1a\u00a0como en los\u00a0pa\u00edses m\u00e1s desfavorecidos de Asia, \u00c1frica y Am\u00e9rica Latina.<\/em><\/strong><\/p>\n<p><strong><em>Se constituy\u00f3 en 1994, despu\u00e9s de una prolongada reflexi\u00f3n de ut\u00f3picos aventureros de la ilusi\u00f3n, y parti\u00f3 de la certeza de que es posible, pol\u00edticamente rentable, socialmente exigible y \u00e9ticamente imprescindible apostar por una Justicia diferente, comprometida, accesible y cercana.<\/em><\/strong><\/p>\n<p><strong><em>En el\u00a0<\/em><\/strong><strong><a href=\"http:\/\/fundacionporlajusticia.org\/es\/quienes-somos\/patronato-y-estatutos\" rel=\"external nofollow\"><em>Patronato de la Fundaci\u00f3n<\/em><\/a><\/strong><strong><em>\u00a0se integraron observadores desde todos los balcones de la Justicia; Magistrados, Fiscales, secretarios Judiciales, Abogados, Procuradores, M\u00e9dicos Forenses, Profesores Universitarios de variadas disciplinas, empresarios y representantes de Asociaciones de Consumidores y Usuarios, desvinculados de cualquier opci\u00f3n pol\u00edtica o asociativa.<\/em><\/strong><\/p>\n<p><strong>\u00a0Sucede que me involucr\u00e9 con ellos a ra\u00edz del asesinato de los jesuitas en El Salvador y surgi\u00f3 como fruto un libro m\u00edo titulado\u201d \u201cAsesinar a un jesuita\u201d.<\/strong><\/p>\n<p><strong>Siguen. y ahora han trabajado, con apoyo econ\u00f3mico de la Generalitat valenciana, haciendo \u201ccosas\u201d en todo el mundo y estos d\u00edas han publicado un informe completo titulado \u201cUna ventana a la realidad de las mujeres transg\u00e9nero en El Salvador\u201d. \u00a0Me interesa.<\/strong><\/p>\n<p><strong>Son personas que sufren, al margen de otras consideraciones, violencia, tanta que su esperanza de vida media es de 33 a\u00f1os y desde el \u00b494 llevan m\u00e1s de 600 personas asesinadas; este a\u00f1o 100 que hayan sido reportados y solo el 11% han llegado a juicio.<\/strong><\/p>\n<p><strong>S\u00e9 que algunos pensar\u00e1n que a que viene esto con tantos `problemas que nos rodean de orden pol\u00edtico, social etc. y adem\u00e1s cerca de las fiestas valencianas por excelencia: Las Fallas.<\/strong><\/p>\n<p><strong>Viene a que quiz\u00e1s sirva como un peque\u00f1o ejemplo, una llamada de atenci\u00f3n, para que recordemos que no estamos solos y que hay personas que necesitan comprensi\u00f3n- vuelvo a decir que en este caso al margen de otras consideraciones- y ayuda; me viene a la memoria una petici\u00f3n de un hijo m\u00edo acerca de que le busque informaci\u00f3n en torno al fen\u00f3meno del ego\u00edsmo y pronto pienso en la era de la tecnolog\u00eda, del metaverso, de los mundos virtuales que incitan al \u201ctener, m\u00e1s que compartir\u201d.<\/strong><\/p>\n<p><strong>\u00bfC\u00f3mo se resuelve? Copio lo que dice como antecedentes la ONU sobre el asunto.<\/strong><\/p>\n<p><strong>\u00a0<\/strong><\/p>\n<p><strong><em>Lograr la justicia social a trav\u00e9s del empleo formal<\/em><\/strong><\/p>\n<p><strong><em>M\u00e1s del 60 por ciento de la poblaci\u00f3n mundial empleada, es decir, 2 000 millones de mujeres, hombres y j\u00f3venes, se ganan la vida en la econom\u00eda informal. La pandemia de COVID-19 ha puesto de relieve la vulnerabilidad de los trabajadores informales ya que, a menudo, carecen de cualquier forma de protecci\u00f3n social o beneficios relacionados con el empleo. Ello se traduce en que tienen el doble de probabilidades de ser pobres en comparaci\u00f3n con los trabajadores regulados.<\/em><\/strong><\/p>\n<p><strong><em>La mayor\u00eda de las personas ingresan a la econom\u00eda informal no por elecci\u00f3n, sino debido a la falta de oportunidades en la econom\u00eda formal.<\/em><\/strong><\/p>\n<p><strong><em>Promover la transici\u00f3n a la formalidad de estos empleos es una condici\u00f3n necesaria para reducir la pobreza y las desigualdades, promover el trabajo decente, aumentar la productividad y la sostenibilidad de las empresas y ampliar el campo de acci\u00f3n del gobierno, especialmente en tiempos de crisis.<\/em><\/strong><\/p>\n<p><strong>Como esta columna larga no es un informe lo que yo pretendo es llamar la atenci\u00f3n sobre dos asuntos:<\/strong><\/p>\n<p><strong>1.- De la existencia y recordatorio de una Fundaci\u00f3n civil valenciana que acomete siempre proyectos tendentes a lograr la justicia en todos los campos y\u2026ya tiene trabajo.<\/strong><\/p>\n<p><strong>2.-Concienciar a alg\u00fan lector e involucrarle en acciones de apoyo a la Fundaci\u00f3n.<\/strong><\/p>\n<p><strong>Yo ir\u00e9 informando mientras el editor del diario me lo permita y lo ha hecho siempre, por cierto.<\/strong><\/p>\n","protected":false},"excerpt":{"rendered":"<p>FUNDACI\u00d3N POR LA JUSTICIA En unos d\u00edas, el domingo 20 de febrero en concreto, se celebrar\u00e1 \u201cEl D\u00eda Mundial de la Justicia Social\u201d y eso est\u00e1 muy bien. Hay d\u00edas para todos y hay tantos que los 365 del calendario son insuficientes para albergar m\u00e1s acontecimientos que merezcan un d\u00eda especial, aunque he de decir [&hellip;]<\/p>\n","protected":false},"author":7,"featured_media":0,"comment_status":"closed","ping_status":"closed","sticky":false,"template":"","format":"standard","meta":[],"categories":[1],"tags":[],"_links":{"self":[{"href":"https:\/\/blogs.lasprovincias.es\/carlospajuelo\/wp-json\/wp\/v2\/posts\/5056"}],"collection":[{"href":"https:\/\/blogs.lasprovincias.es\/carlospajuelo\/wp-json\/wp\/v2\/posts"}],"about":[{"href":"https:\/\/blogs.lasprovincias.es\/carlospajuelo\/wp-json\/wp\/v2\/types\/post"}],"author":[{"embeddable":true,"href":"https:\/\/blogs.lasprovincias.es\/carlospajuelo\/wp-json\/wp\/v2\/users\/7"}],"replies":[{"embeddable":true,"href":"https:\/\/blogs.lasprovincias.es\/carlospajuelo\/wp-json\/wp\/v2\/comments?post=5056"}],"version-history":[{"count":1,"href":"https:\/\/blogs.lasprovincias.es\/carlospajuelo\/wp-json\/wp\/v2\/posts\/5056\/revisions"}],"predecessor-version":[{"id":5057,"href":"https:\/\/blogs.lasprovincias.es\/carlospajuelo\/wp-json\/wp\/v2\/posts\/5056\/revisions\/5057"}],"wp:attachment":[{"href":"https:\/\/blogs.lasprovincias.es\/carlospajuelo\/wp-json\/wp\/v2\/media?parent=5056"}],"wp:term":[{"taxonomy":"category","embeddable":true,"href":"https:\/\/blogs.lasprovincias.es\/carlospajuelo\/wp-json\/wp\/v2\/categories?post=5056"},{"taxonomy":"post_tag","embeddable":true,"href":"https:\/\/blogs.lasprovincias.es\/carlospajuelo\/wp-json\/wp\/v2\/tags?post=5056"}],"curies":[{"name":"wp","href":"https:\/\/api.w.org\/{rel}","templated":true}]}}