{"id":5218,"date":"2022-07-24T19:53:50","date_gmt":"2022-07-24T19:53:50","guid":{"rendered":"https:\/\/blogs.lasprovincias.es\/carlospajuelo\/?p=5218"},"modified":"2022-07-24T19:53:50","modified_gmt":"2022-07-24T19:53:50","slug":"daniel-mocher-el-aforista","status":"publish","type":"post","link":"https:\/\/blogs.lasprovincias.es\/carlospajuelo\/2022\/07\/24\/daniel-mocher-el-aforista\/","title":{"rendered":"DANIEL MOCHER &#8220;el aforista&#8221;"},"content":{"rendered":"<p>DANIEL MOCHER \u201cEL AFORISTA\u201d<\/p>\n<p><strong><em>Un aforismo es una idea po\u00e9tica, una idea literaria. Es una escritura mediante la cual se puede emitir una idea fulminante, se parece a un telegrama.<\/em><\/strong><\/p>\n<p><strong>Yo ya hab\u00eda escrito sobre Daniel hace apenas un a\u00f1o y entonces me llam\u00f3 la atenci\u00f3n, como ocurre hoy, el fen\u00f3meno de la s\u00edntesis que encuentra \u00e9l entre una determinada realidad que traspasa su propio yo del que parte y sin, f\u00edjense, sin que parezca en su origen nada que busque esa \u00a0transcendencia. con lo que su lectura te implica en el sentir, que es otra forma m\u00e1s natural de transcender.<\/strong><\/p>\n<p><strong>Veamos en este nuevo libro de titulo \u201cLos propios pasos\u201d de la editorial La isla de Silltola en su colecci\u00f3n de aforismos lo que dice nada m\u00e1s abrir y pasar las llamadas \u201cp\u00e1ginas de respeto\u201d en las que me confiesa -en una de las conversaciones mantenidas con \u00e9l- que este volumen surge al hilo de o\u00edr la marcha Radestzky- esa marcha que o\u00edmos cada concierto de A\u00f1o Nuevo en Viena y donde los asistentes privilegiado a ese acontecimiento musical acompa\u00f1an con sendos golpes de palmas las ordenes del director de turno y que sirve para impulsar el esp\u00edritu de quienes \u00a0la o\u00edmos, a veces apagando otras composiciones menos \u201cpopulares\u201d y quiz\u00e1s m\u00e1s cl\u00e1sicas.<\/strong><\/p>\n<p><strong>Sin duda el aforismo es un arte.<\/strong><\/p>\n<p><strong>Pensemos en el que se inicia con el volumen. Se\u00f1ala Daniel con precisi\u00f3n quir\u00fargica (quiz\u00e1s aprendido en el ejercicio de su profesi\u00f3n como sanitario acostumbrado al ay o a la confesi\u00f3n del doliente)<\/strong><\/p>\n<p><strong>\u201cLa mayor\u00eda de las cualidades propias son prestadas\u201d. <\/strong><\/p>\n<p><strong>De ello se desprende un ejercicio posible, para quien piense en profundidad en que la vanidad es in\u00fatil y aquel que nos habla con magistratura y sonoro verbo de alg\u00fan asunto con aparente acento de verdad propia no es sino el resultado de haber tomado prestado de otro u otros aquello que dice.<\/strong><\/p>\n<p><strong>A m\u00ed\u00ba me gusta este otro \u201cLas <\/strong><strong>conversaciones m\u00e1s profundas son las que se tienen en silencio\u201d<\/strong><\/p>\n<p><strong>No es f\u00e1cil decirse a uno mismo en reflexi\u00f3n \u00edntima la realidad de como nos vemos de verdad; la confesi\u00f3n nunca es inocua, las sombras y luces de uno mismo relucen como nunca en el silencio.<\/strong><\/p>\n<p><strong>Dice m\u00e1s adelante: \u201cEn los relojes, el segundero ya es un exceso\u201d suena a t\u00e9rmino, a final de algo, lo que hace suponer, al menos m\u00ed, que todo lo que pase del instante es un exceso de imaginaci\u00f3n y de falsedad premonitoria.<\/strong><\/p>\n<p><strong>Yo termino con este: \u201cUn d\u00e9bil sin miedo es indestructible\u201d o quiz\u00e1s ustedes prefieran este otro: \u201cLa azada es el ansiol\u00edtico m\u00e1s antiguo y eficaz\u201d<\/strong><\/p>\n<p><strong>Estos PROPIOS PASOS de Daniel Mocher ya no son suyos porque al leerlos y poseerlos pasan a otros, por ejemplo, a m\u00ed que escribo esto y me apropiar\u00e9 de alguno de ellos si consigo mantenerlo en la memoria y los har\u00e9 m\u00edos, y quiz\u00e1s al final diga que nos m\u00edos y son de Daniel \u201cel aforista\u201d.<\/strong><\/p>\n<p><strong>Cuando escribimos y publicamos dejamos de ser propietarios de nuestro lenguaje y estamos expuestos a la luz y vista de otros.<\/strong><\/p>\n<p><strong>Yo sugiero e invito a que eso propios pasos vayan m\u00e1s all\u00e1 y que sus lectores se inviten a s\u00ed mismos a construir sus aforismos y los afilen.<\/strong><\/p>\n<p><strong>Espero seguir hablando de otros libros de este autor reci\u00e9n descubierto por m\u00ed; tengo la esperanza de leer m\u00e1s de estas p\u00edldoras de verdad po\u00e9tica que muchas veces se nos pierde entre la hojarasca de la vida diaria como el sol se oculta en d\u00edas de nubes densas.<\/strong><\/p>\n<p><strong><em>\u00a0<\/em><\/strong><\/p>\n<p><strong><em>\u00a0<\/em><\/strong><\/p>\n<p>&nbsp;<\/p>\n<p>&nbsp;<\/p>\n<p>&nbsp;<\/p>\n<p>&nbsp;<\/p>\n<p>&nbsp;<\/p>\n<p>&nbsp;<\/p>\n<p>&nbsp;<\/p>\n<p>&nbsp;<\/p>\n<p>&nbsp;<\/p>\n","protected":false},"excerpt":{"rendered":"<p>DANIEL MOCHER \u201cEL AFORISTA\u201d Un aforismo es una idea po\u00e9tica, una idea literaria. Es una escritura mediante la cual se puede emitir una idea fulminante, se parece a un telegrama. Yo ya hab\u00eda escrito sobre Daniel hace apenas un a\u00f1o y entonces me llam\u00f3 la atenci\u00f3n, como ocurre hoy, el fen\u00f3meno de la s\u00edntesis que [&hellip;]<\/p>\n","protected":false},"author":7,"featured_media":0,"comment_status":"closed","ping_status":"closed","sticky":false,"template":"","format":"standard","meta":[],"categories":[1],"tags":[],"_links":{"self":[{"href":"https:\/\/blogs.lasprovincias.es\/carlospajuelo\/wp-json\/wp\/v2\/posts\/5218"}],"collection":[{"href":"https:\/\/blogs.lasprovincias.es\/carlospajuelo\/wp-json\/wp\/v2\/posts"}],"about":[{"href":"https:\/\/blogs.lasprovincias.es\/carlospajuelo\/wp-json\/wp\/v2\/types\/post"}],"author":[{"embeddable":true,"href":"https:\/\/blogs.lasprovincias.es\/carlospajuelo\/wp-json\/wp\/v2\/users\/7"}],"replies":[{"embeddable":true,"href":"https:\/\/blogs.lasprovincias.es\/carlospajuelo\/wp-json\/wp\/v2\/comments?post=5218"}],"version-history":[{"count":1,"href":"https:\/\/blogs.lasprovincias.es\/carlospajuelo\/wp-json\/wp\/v2\/posts\/5218\/revisions"}],"predecessor-version":[{"id":5219,"href":"https:\/\/blogs.lasprovincias.es\/carlospajuelo\/wp-json\/wp\/v2\/posts\/5218\/revisions\/5219"}],"wp:attachment":[{"href":"https:\/\/blogs.lasprovincias.es\/carlospajuelo\/wp-json\/wp\/v2\/media?parent=5218"}],"wp:term":[{"taxonomy":"category","embeddable":true,"href":"https:\/\/blogs.lasprovincias.es\/carlospajuelo\/wp-json\/wp\/v2\/categories?post=5218"},{"taxonomy":"post_tag","embeddable":true,"href":"https:\/\/blogs.lasprovincias.es\/carlospajuelo\/wp-json\/wp\/v2\/tags?post=5218"}],"curies":[{"name":"wp","href":"https:\/\/api.w.org\/{rel}","templated":true}]}}