{"id":5284,"date":"2022-11-12T16:16:34","date_gmt":"2022-11-12T16:16:34","guid":{"rendered":"https:\/\/blogs.lasprovincias.es\/carlospajuelo\/?p=5284"},"modified":"2022-11-12T16:16:34","modified_gmt":"2022-11-12T16:16:34","slug":"libertad-de-expresion","status":"publish","type":"post","link":"https:\/\/blogs.lasprovincias.es\/carlospajuelo\/2022\/11\/12\/libertad-de-expresion\/","title":{"rendered":"LIBERTAD DE EXPRESI\u00d3N"},"content":{"rendered":"<table class=\"W_6D6F H_6D6F p_R bo_BA ku_f\" data-test-id=\"message-view\">\n<tbody>\n<tr class=\"W_6D6F\">\n<td class=\"V_GM H_6D6F\">\n<div class=\"d_3zJDR P_1Izyn\">\n<div class=\"msg-body w_AS mq_AS ix_AS H_Z1jxxvJ o_A\" data-test-id=\"message-body\">\n<div dir=\"ltr\">LIBERTAD DE EXPRESI\u00d3N<\/div>\n<div dir=\"ltr\">\u00a1Animal! Ese es, al parecer, el calificativo que ha golpeado los o\u00eddos de la tercera autoridad de USA, la Sra. Nancy Pelosi a cuyo marido le rompieron la cabeza a martillazos uno de estos pasados d\u00edas, con un martillo esgrimido por un feroz seguidor del republicano expresidente.\u00a0 Ha sido pronunciada por el expresidente Trump entre otras lindezas como la que sigue: \u201c\u2026un radicalismo populista que le llev\u00f3 el martes a pedir, por segunda vez en dos semanas, que los periodistas que invoquen el secreto profesional sean enviados a la c\u00e1rcel y violados,\u2026( fuente El Mundo).<\/div>\n<div dir=\"ltr\">Le\u00eddo lo anterior se podr\u00eda decir que vivimos en Espa\u00f1a, pese a todo, un para\u00edso donde los que escribimos todav\u00eda tenemos un margen de libertad que, por cierto, se estrecha cada d\u00eda un poquito m\u00e1s. Lo hace por el simple m\u00e9todo de que los amigos del Gobierno van siendo \u201cmasajeados\u201d con guantes de dinero y filtrando deliberadamente las noticias o alterando su posici\u00f3n en las aperturas de algunos telediarios como fue el caso el otro d\u00eda de la 1 que abri\u00f3 como noticia estrella el que el Sr. Piqu\u00e9, jugador de futbol a la saz\u00f3n, abandonaba el club Barcelona; no sin antes, decirle al \u00e1rbitro:\u201d \u00a1Es una puta verg\u00fcenza, me cago en tu puta madre!&#8217;. Un ejemplo.<\/div>\n<div dir=\"ltr\">Sin duda esto no es un ejemplo de libertad de expresi\u00f3n, sino de mala educaci\u00f3n, de ni\u00f1o malcriado pese a la edad que el tal jugador tiene.<\/div>\n<div dir=\"ltr\">Tenemos un dato muy pr\u00f3ximo con el cese del comisario que denunci\u00f3 que un porcentaje muy alto de delitos tratados en su comisaria en los \u00faltimos cuatro meses han sido realizados inmigrantes.<\/div>\n<div dir=\"ltr\">Cada uno tenemos nuestras fuentes y estas son delicadas y su menci\u00f3n p\u00fablica, se ve, puede generar un riesgo potencial.<\/div>\n<div dir=\"ltr\">Alguno de los actuales pol\u00edticos ven en riesgo su credibilidad y quiz\u00e1s su puesto por las informaciones que salen a la luz (l\u00e9ase el caso de la frontera en Melilla para el Sr. Marlaska y del Sr. Puig en Valencia por ciertos asuntos que salpican a sus hermanos). Desear\u00edan en su intimidad que esas noticias no fueran p\u00fablicas. Desearlo supone ya un acto de corrupci\u00f3n democr\u00e1tica y un atentado serio a la libertad de expresi\u00f3n.<\/div>\n<div dir=\"ltr\"><\/div>\n<\/div>\n<\/div>\n<\/td>\n<\/tr>\n<tr class=\"W_6D6F\">\n<td class=\"V_GM\">\n<div class=\"D_B P_1Eu6qC z_2wc7QY\">\n<table class=\"W_6D6F H_6D6F p_R bo_BA\" data-test-id=\"message-toolbar\">\n<thead class=\"b_n\"><\/thead>\n<tbody>\n<tr class=\"W_6D6F\">\n<td class=\"V_M W_d3W t_l J_x\">\n<form class=\"D_I\" action=\"https:\/\/mail.yahoo.com\/b\/compose?.src=ym&amp;reason=unsupported_browser&amp;folderType=INBOX&amp;accountIds=1&amp;unblockNow=false\" method=\"POST\" name=\"msgListForm\" data-test-id=\"dummyTestId\"><button class=\"b_n D_X A_6EqO u_e69 H_6LEV i_6LEV o_h P_Z2guAVt G_e V_M C4_Z29WjXl q_14sM6A q4_Z2vB6Sh E_eo6\" title=\"Responder\" name=\"action\" type=\"submit\" value=\"reply\" aria-label=\"Responder\"><\/button><button class=\"b_n D_X A_6EqO u_e69 H_6LEV i_6LEV o_h P_Z2guAVt G_e V_M C4_Z29WjXl q_Z7xPy2 q4_1myog2 E_eo6\" title=\"Responder a todos\" name=\"action\" type=\"submit\" value=\"replyAll\" aria-label=\"Responder a todos\"><\/button><button class=\"b_n D_X A_6EqO u_e69 H_6LEV i_6LEV o_h P_Z2guAVt G_e V_M C4_Z29WjXl q_Z1jztdE q4_Z2dPAKg E_eo6\" title=\"Reenviar\" name=\"action\" type=\"submit\" value=\"forward\" aria-label=\"Reenviar\"><\/button><\/form>\n<\/td>\n<td class=\"V_M t_C J_x\">\n<form id=\"msgListForm\" class=\"D_I\" action=\"https:\/\/mail.yahoo.com\/b\/folders\/1?.src=ym&amp;reason=unsupported_browser&amp;folderType=INBOX&amp;accountIds=1&amp;offset=0\" method=\"POST\" name=\"msgListForm\" data-test-id=\"dummyTestId\">\n<div><span class=\"J_x D_X M_3Y3Gk P_3LQ7g\"><button class=\"b_n D_X A_6EqO u_e69 H_6LEV i_6LEV o_h P_Z2guAVt G_e V_M C4_Z29WjXl q_OFabp q4_2jsiY3 Q_eo6\" title=\"Eliminar\" name=\"action\" type=\"submit\" value=\"moveToFolder\" aria-label=\"Eliminar\">Eliminar<\/button><button class=\"b_n D_X A_6EqO u_e69 H_6LEV i_6LEV o_h P_Z2guAVt G_e V_M C4_Z29WjXl q_Z1QsHih q4_21GMQ2 Q_eo6\" title=\"Marcar como spam\" name=\"action\" type=\"submit\" value=\"markAsSpam\" aria-label=\"Marcar como spam\">Spam<\/button><\/span><\/div>\n<\/form>\n<\/td>\n<\/tr>\n<\/tbody>\n<\/table>\n<\/div>\n<\/td>\n<\/tr>\n<\/tbody>\n<\/table>\n","protected":false},"excerpt":{"rendered":"<p>LIBERTAD DE EXPRESI\u00d3N \u00a1Animal! Ese es, al parecer, el calificativo que ha golpeado los o\u00eddos de la tercera autoridad de USA, la Sra. Nancy Pelosi a cuyo marido le rompieron la cabeza a martillazos uno de estos pasados d\u00edas, con un martillo esgrimido por un feroz seguidor del republicano expresidente.\u00a0 Ha sido pronunciada por el [&hellip;]<\/p>\n","protected":false},"author":7,"featured_media":0,"comment_status":"closed","ping_status":"closed","sticky":false,"template":"","format":"standard","meta":[],"categories":[1],"tags":[],"_links":{"self":[{"href":"https:\/\/blogs.lasprovincias.es\/carlospajuelo\/wp-json\/wp\/v2\/posts\/5284"}],"collection":[{"href":"https:\/\/blogs.lasprovincias.es\/carlospajuelo\/wp-json\/wp\/v2\/posts"}],"about":[{"href":"https:\/\/blogs.lasprovincias.es\/carlospajuelo\/wp-json\/wp\/v2\/types\/post"}],"author":[{"embeddable":true,"href":"https:\/\/blogs.lasprovincias.es\/carlospajuelo\/wp-json\/wp\/v2\/users\/7"}],"replies":[{"embeddable":true,"href":"https:\/\/blogs.lasprovincias.es\/carlospajuelo\/wp-json\/wp\/v2\/comments?post=5284"}],"version-history":[{"count":1,"href":"https:\/\/blogs.lasprovincias.es\/carlospajuelo\/wp-json\/wp\/v2\/posts\/5284\/revisions"}],"predecessor-version":[{"id":5285,"href":"https:\/\/blogs.lasprovincias.es\/carlospajuelo\/wp-json\/wp\/v2\/posts\/5284\/revisions\/5285"}],"wp:attachment":[{"href":"https:\/\/blogs.lasprovincias.es\/carlospajuelo\/wp-json\/wp\/v2\/media?parent=5284"}],"wp:term":[{"taxonomy":"category","embeddable":true,"href":"https:\/\/blogs.lasprovincias.es\/carlospajuelo\/wp-json\/wp\/v2\/categories?post=5284"},{"taxonomy":"post_tag","embeddable":true,"href":"https:\/\/blogs.lasprovincias.es\/carlospajuelo\/wp-json\/wp\/v2\/tags?post=5284"}],"curies":[{"name":"wp","href":"https:\/\/api.w.org\/{rel}","templated":true}]}}