{"id":5302,"date":"2022-12-07T09:37:18","date_gmt":"2022-12-07T09:37:18","guid":{"rendered":"https:\/\/blogs.lasprovincias.es\/carlospajuelo\/?p=5302"},"modified":"2022-12-07T09:37:18","modified_gmt":"2022-12-07T09:37:18","slug":"farem-foc-o-fuchirem","status":"publish","type":"post","link":"https:\/\/blogs.lasprovincias.es\/carlospajuelo\/2022\/12\/07\/farem-foc-o-fuchirem\/","title":{"rendered":"\u00bfFAREM FOC O FUCHIREM?"},"content":{"rendered":"<p>Parece que est\u00e1 en marcha la demolici\u00f3n penal de los delitos de sedici\u00f3n y rebeli\u00f3n y de paso la anulaci\u00f3n del delito de aplicar recursos econ\u00f3micos al plan de sedici\u00f3n en Catalu\u00f1a.<\/p>\n<p>A veces conviene repasar los asuntos, una vez m\u00e1s, para que el humo de decepci\u00f3n por ser vencidos por Marruecos no nuble el entendimiento y la vista.<\/p>\n<p>Es una pregunta muy simple. \u00bfQu\u00e9 hacemos o mejor que haremos?<\/p>\n<p>Vamos a ello con paciencia y respeto.<\/p>\n<p>\u00bfQUE FAREM?<\/p>\n<p>Es el caso que, desde siempre, la expresi\u00f3n valenciana \u201c\u00bfque farem, farem \u00a0Foc o fuxirem?\u201d, me ha llamado la atenci\u00f3n porque implica una duda existencial en s\u00ed participo o participamos o nos vamos de naja ante una situaci\u00f3n que evidencia la necesidad de hacer algo o largarse.<\/p>\n<p>S\u00e9pase que yo soy valenciano de primera generaci\u00f3n por lo que he dejado atr\u00e1s la posibilidad de ser conocido como \u201cchurro\u201d, que es apelativo, como en otras regiones(charnego), que se aplica a quienes vienen a establecerse aqu\u00ed para vivir (me gusta mucho mi tierra) y vienen de otras partes de Espa\u00f1a.<\/p>\n<p>Viene lo de \u201cchurro\u201d a ser como los motes que o\u00edmos muchas veces aplicados en los pueblos a familias que lo van heredando de generaci\u00f3n en generaci\u00f3n y casi son reconocidos mejor que si se emplease su apellido verdadero. Cosas.<\/p>\n<p>\u00bfA qu\u00e9 viene esta larga introducci\u00f3n?<\/p>\n<p>Viene al hecho de que estos d\u00edas toca hablar a quien de eso sabe por experiencia, conocimiento jur\u00eddico etc. sobre t\u00e9rminos como rebeli\u00f3n, sedici\u00f3n o tumulto.<\/p>\n<p>Como ese no es mi campo especifico me abstengo de pontificar y me dedico a opinar, que de eso s\u00ed tengo experiencia.<\/p>\n<p>Lo primero definiciones para entrar en materia. Una especie de entrem\u00e9s-<\/p>\n<p><strong><em>Conforme al C\u00f3digo Penal, la\u00a0<\/em><\/strong><strong><em>sedici\u00f3n<\/em><\/strong><strong><em>\u00a0requiere que sus autores &#8220;se alcen<\/em><\/strong><strong><em>\u00a0p\u00fablica y tumultuariamente<\/em><\/strong><strong><em>\u00a0para impedir, por la fuerza o fuera de las v\u00edas legales, la aplicaci\u00f3n de las leyes&#8221;.<\/em><\/strong><\/p>\n<p><strong><em>En la\u00a0<\/em><\/strong><strong><em>rebeli\u00f3n<\/em><\/strong><strong><em>, que vendr\u00eda a ser una versi\u00f3n m\u00e1s grave de la sedici\u00f3n, el alzamiento ha de ser &#8220;<\/em><\/strong><strong><em>p\u00fablico y violento<\/em><\/strong><strong><em>&#8221; y perseguir fines como &#8220;derogar, suspender o modificar total o parcialmente la Constituci\u00f3n&#8221; o &#8220;declarar la\u00a0<\/em><\/strong><strong><em>independencia de una parte del territorio nacional<\/em><\/strong>&#8220;.<\/p>\n<p><strong>Al parecer el asunto no tiene duda alguna. <\/strong><\/p>\n<p><strong>Tanto es as\u00ed que nuestro respetado presidente del Gobierno, respetado por muchos y odiado por otros (ah\u00ed estar\u00e1n las urnas para ver qu\u00e9 grupo se alza con el \u201ctrofeo\u201d ganador qued\u00e1ndose el primero con el podio monclovita).<\/strong><\/p>\n<p><strong>\u00a0Por cierto, me gustar\u00eda que fueran las urnas el \u00e1rbitro de la contienda.<\/strong><\/p>\n<p><strong>\u00a0Al principio de su mandato e incluso antes, dej\u00f3 claro que lo ocurrido coincid\u00eda con lo expresado por el diccionario que dice as\u00ed: que lo que aconteci\u00f3 en Catalu\u00f1a, era en esa materia de zozobra sobre s\u00ed si o si no se hab\u00eda declarado la Republica catalana con el apoyo de ciertos y numerosos grupos, la calific\u00f3 de REBELI\u00d3N. <\/strong><\/p>\n<p><strong>Luego m\u00e1s tarde se inclin\u00f3 por suavizar el t\u00e9rmino y lo bautiz\u00f3 como SEDICI\u00d3N y ahora, en otro giro de cintura presupuestaria dibla el t\u00e9rmino y se pasa ambas definiciones por el llamado, honorablemente, \u201carco de triunfo\u201d y lo recalifica como \u201ctumultuario\u201d. <\/strong><\/p>\n<p><strong>Para evitar errores y controversias in\u00fatiles acudo de nuevo al diccionario que dice as\u00ed:<\/strong><\/p>\n<p><strong><em>Adjetivo.\u00a0 Se entiende por tumultuario el que levanta, origina y ocasiona\u00a0<\/em><\/strong><a href=\"https:\/\/definiciona.com\/tumulto\/\" rel=\"external nofollow\"><strong><em>tumulto<\/em><\/strong><\/a><strong><em>, caos, desorden o alboroto, causado por una congregaci\u00f3n o muchedumbre de gente, que se hace sin secuencia ni concierto, esta acepci\u00f3n se le conoce tambi\u00e9n como tumultuoso del mismo significado. Ri\u00f1a o\u00a0<\/em><\/strong><a href=\"https:\/\/definiciona.com\/pendencia\/\" rel=\"external nofollow\"><strong><em>pendencia<\/em><\/strong><\/a><strong><em>\u00a0que se cometen varias personas de una manera confuso y mutuamente.<\/em><\/strong><\/p>\n<p><strong>Por el momento y a la vista de lo le\u00eddo llego a mi primera conclusi\u00f3n: El se\u00f1or presidente del Gobierno a la saz\u00f3n, el controvertido acad\u00e9micamente doctor S\u00e1nchez, ha cambiado dos veces de opini\u00f3n\u2026por el momento en este asunto.<\/strong><\/p>\n<p><strong>\u00bfPor qu\u00e9 lo ha hecho? Me pregunto yo y algunos miles m\u00e1s de conciudadanos.<\/strong><\/p>\n<p><strong>Algunos pensamos que la necesidad hace milagros y uno podr\u00eda ser el antiguo nombre de \u201ccambiar de chaqueta\u201d quiz\u00e1s hoy moderado por un vocablo menos hiriente. <\/strong><\/p>\n<p><strong>\u00bfCu\u00e1l ser\u00eda? Si. Natural evoluci\u00f3n del pensamiento. \u00bfpodr\u00eda ser este por ejemplo? \u00bfPor qu\u00e9 no?<\/strong><\/p>\n<p><strong>Tambi\u00e9n el m\u00e1s trabajado de: \u201ctras haber evaluado las circunstancias, el Gobierno ha decidido replantearse la calificaci\u00f3n de lo sucedido en Catalu\u00f1a y someterlo al filtro de una proposici\u00f3n de ley para amparar la unidad de Espa\u00f1a y permitir que la democracia avance, siendo as\u00ed un ejemplo para Europa de flexibilidad imitable\u201d<\/strong><\/p>\n<p><strong>O sea que lo que parece es que desea o necesita seguir en el colch\u00f3n de La Moncloa- recu\u00e9rdese que fue una de las cosas que se\u00f1al\u00f3 si llegaba, ha llegado, ser\u00eda la de cambiar el colch\u00f3n y ser\u00eda una pena tener que renovar ahora otra vez el citado colch\u00f3n, porque hay que ahorrar gastos al presupuesto.<\/strong><\/p>\n<p><strong>Por cierto, quiz\u00e1s eso del cambio del C\u00f3digo penal para adaptarlo a las nuevas definiciones tenga que ver con la necesidad del voto de sus socios catalanes que est\u00e1n a la que cae; es decir: yo te voto y t\u00fa me das.<\/strong><\/p>\n<p><strong>Cosas veredes Mio Cid. <\/strong><\/p>\n<p><strong>Claro que ahora no hay que remontarse al Cid. Las cosas se est\u00e1n viendo con una claridad meridiana y es por eso por lo que yo me remont\u00f3 al titular, en el supuesto que ortogr\u00e1ficamente est\u00e9 bien escrito, aunque no hay duda de lo que quiere decir \u00bffarem foc o fuxirem?<\/strong><\/p>\n","protected":false},"excerpt":{"rendered":"<p>Parece que est\u00e1 en marcha la demolici\u00f3n penal de los delitos de sedici\u00f3n y rebeli\u00f3n y de paso la anulaci\u00f3n del delito de aplicar recursos econ\u00f3micos al plan de sedici\u00f3n en Catalu\u00f1a. A veces conviene repasar los asuntos, una vez m\u00e1s, para que el humo de decepci\u00f3n por ser vencidos por Marruecos no nuble el [&hellip;]<\/p>\n","protected":false},"author":7,"featured_media":0,"comment_status":"closed","ping_status":"closed","sticky":false,"template":"","format":"standard","meta":[],"categories":[1],"tags":[],"_links":{"self":[{"href":"https:\/\/blogs.lasprovincias.es\/carlospajuelo\/wp-json\/wp\/v2\/posts\/5302"}],"collection":[{"href":"https:\/\/blogs.lasprovincias.es\/carlospajuelo\/wp-json\/wp\/v2\/posts"}],"about":[{"href":"https:\/\/blogs.lasprovincias.es\/carlospajuelo\/wp-json\/wp\/v2\/types\/post"}],"author":[{"embeddable":true,"href":"https:\/\/blogs.lasprovincias.es\/carlospajuelo\/wp-json\/wp\/v2\/users\/7"}],"replies":[{"embeddable":true,"href":"https:\/\/blogs.lasprovincias.es\/carlospajuelo\/wp-json\/wp\/v2\/comments?post=5302"}],"version-history":[{"count":1,"href":"https:\/\/blogs.lasprovincias.es\/carlospajuelo\/wp-json\/wp\/v2\/posts\/5302\/revisions"}],"predecessor-version":[{"id":5303,"href":"https:\/\/blogs.lasprovincias.es\/carlospajuelo\/wp-json\/wp\/v2\/posts\/5302\/revisions\/5303"}],"wp:attachment":[{"href":"https:\/\/blogs.lasprovincias.es\/carlospajuelo\/wp-json\/wp\/v2\/media?parent=5302"}],"wp:term":[{"taxonomy":"category","embeddable":true,"href":"https:\/\/blogs.lasprovincias.es\/carlospajuelo\/wp-json\/wp\/v2\/categories?post=5302"},{"taxonomy":"post_tag","embeddable":true,"href":"https:\/\/blogs.lasprovincias.es\/carlospajuelo\/wp-json\/wp\/v2\/tags?post=5302"}],"curies":[{"name":"wp","href":"https:\/\/api.w.org\/{rel}","templated":true}]}}