{"id":5310,"date":"2022-12-24T20:20:16","date_gmt":"2022-12-24T20:20:16","guid":{"rendered":"https:\/\/blogs.lasprovincias.es\/carlospajuelo\/?p=5310"},"modified":"2022-12-24T20:20:16","modified_gmt":"2022-12-24T20:20:16","slug":"huelo-mal","status":"publish","type":"post","link":"https:\/\/blogs.lasprovincias.es\/carlospajuelo\/2022\/12\/24\/huelo-mal\/","title":{"rendered":"HUELO MAL"},"content":{"rendered":"<table class=\"W_6D6F H_6D6F p_R bo_BA ku_f\" data-test-id=\"message-view\">\n<tbody>\n<tr class=\"W_6D6F\">\n<td class=\"V_GM H_6D6F\">\n<div class=\"d_3zJDR P_1Izyn\">\n<div class=\"msg-body w_AS mq_AS ix_AS H_Z1jxxvJ o_A\" data-test-id=\"message-body\">\n<div id=\"yiv0990157557\">\n<div>\n<div id=\"yiv0990157557yqt70982\" class=\"yiv0990157557yqt3869223865\">\n<div class=\"yiv0990157557yahoo_quoted\">\n<div>\n<div>\n<div dir=\"ltr\">HUELO MAL<\/div>\n<div dir=\"ltr\">Si. En realidad, no solo yo. Creo, que media poblaci\u00f3n espa\u00f1ola huele mal . Esto no tiene nada que ver con el famoso \u201calgo huele a podrido en Dinamarca\u201d ,que podr\u00eda aplicarse a nuestra Espa\u00f1a \u2013 camisa blanca de mi esperanza- dada la situaci\u00f3n pol\u00edtica que venimos padeciendo.<\/div>\n<div dir=\"ltr\">\u00bfEntonces? Nada, que si hemos de hacer caso a la ingente catarata de perfume que intentan colocarnos en este mes del amor comercial por excelencia, ser\u00e1 por algo.<\/div>\n<div dir=\"ltr\">\u00bfCombatir la exudaci\u00f3n, tras un paseo ciclista a trav\u00e9s del bosque de carriles bici \u201crib\u00f3gresianos\u201d que cruzan la ciudad? \u00bfBuscar en el olor perfumista la aproximaci\u00f3n y exhalar feromonas de atracci\u00f3n fatal?<\/div>\n<div dir=\"ltr\">Recordemos que las feromonas son:<\/div>\n<div dir=\"ltr\">\u201cLas feromonas, son sustancias que influyen en individuos de la misma especie y que pueden regular la maduraci\u00f3n sexual, desarrollo o estado fisiol\u00f3gico, o pueden servir como un sistema de alarma para la reproducci\u00f3n sexual, la agregaci\u00f3n de los individuos, el marcaje territorial\u201d<\/div>\n<div dir=\"ltr\">Lo saben ellos. \u00bfQui\u00e9nes? Los expertos en asesorar mensajes, los publicitarios y los anunciantes. \u00bfNo?<\/div>\n<div dir=\"ltr\">Ser\u00e1 por algo y creo que debe ser para ocultar el mal olor, olor normal del cuerpo y para contribuir a la seducci\u00f3n por la v\u00eda de las narices.<\/div>\n<div dir=\"ltr\">La cantidad de euros de curso legar que los fabricantes nacionales y multinacionales invierten en intentar seducirnos con sus videos, sus anuncios en los que vigorosos j\u00f3venes m\u00e1s que eb\u00farneos y sofisticadas modelos de piel bronceada se dejan caer l\u00e1nguidamente sobre s\u00ed mismas en plan \u201cmira que guapa soy\u201d, ser\u00e1 por algo, insisto.<\/div>\n<div dir=\"ltr\">Veo que los guapos y guapas que pasan envueltos en glamur, enmarcados por estrellas relucientes y polvillo de n\u00e1car como lluvia, pasan del mensaje sociofeminista a ultranza que se lanza d\u00eda s\u00ed, d\u00eda tambi\u00e9n, sobre el uso de las mujeres como objeto concupiscente del macho brutal que viola a troche y moche.<\/div>\n<div dir=\"ltr\">Se ha dejado atr\u00e1s la inocencia infantil del bel\u00e9n olvidado y sustituido por m\u00e1quinas electr\u00f3nicas que sirven para que los ni\u00f1os no den la lata.<\/div>\n<div dir=\"ltr\">Los papas Noel lanzan sus grititos absurdos que remedan a la fiesta y los Reyes se han adelantado de la noche del 5 de Enero al casi el final de Noviembre. Voy a perfumarme \u201cper si de cas\u201d.<\/div>\n<div dir=\"ltr\">\u00a1Otro tiempo!<\/div>\n<\/div>\n<\/div>\n<\/div>\n<\/div>\n<\/div>\n<\/div>\n<\/div>\n<\/div>\n<\/td>\n<\/tr>\n<tr class=\"W_6D6F\">\n<td class=\"V_GM\">\n<div class=\"D_B P_1Eu6qC z_2wc7QY\">\n<table class=\"W_6D6F H_6D6F p_R bo_BA\" data-test-id=\"message-toolbar\">\n<thead class=\"b_n\"><\/thead>\n<tbody>\n<tr class=\"W_6D6F\">\n<td class=\"V_M W_d3W t_l J_x\">\n<form class=\"D_I\" action=\"https:\/\/mail.yahoo.com\/b\/compose?.src=ym&amp;reason=unsupported_browser&amp;accountIds=1&amp;folderType=INBOX&amp;unblockNow=false\" method=\"POST\" name=\"msgListForm\" data-test-id=\"dummyTestId\"><button class=\"b_n D_X A_6EqO u_e69 H_6LEV i_6LEV o_h P_Z2guAVt G_e V_M C4_Z29WjXl q_14sM6A q4_Z2vB6Sh E_eo6\" title=\"Responder\" name=\"action\" type=\"submit\" value=\"reply\" aria-label=\"Responder\"><span class=\"D_n c26zcWk_I\">Responder<\/span><\/button><button class=\"b_n D_X A_6EqO u_e69 H_6LEV i_6LEV o_h P_Z2guAVt G_e V_M C4_Z29WjXl q_Z7xPy2 q4_1myog2 E_eo6\" title=\"Responder a todos\" name=\"action\" type=\"submit\" value=\"replyAll\" aria-label=\"Responder a todos\"><span class=\"D_n c26zcWk_I\">Responder a todos<\/span><\/button><button class=\"b_n D_X A_6EqO u_e69 H_6LEV i_6LEV o_h P_Z2guAVt G_e V_M C4_Z29WjXl q_Z1jztdE q4_Z2dPAKg E_eo6\" title=\"Reenviar\" name=\"action\" type=\"submit\" value=\"forward\" aria-label=\"Reenviar\"><span class=\"D_n c26zcWk_I\">Reenviar<\/span><\/button><\/form>\n<\/td>\n<td class=\"V_M t_C J_x\">\n<form id=\"msgListForm\" class=\"D_I\" action=\"https:\/\/mail.yahoo.com\/b\/folders\/1?.src=ym&amp;reason=unsupported_browser&amp;accountIds=1&amp;folderType=INBOX&amp;offset=0\" method=\"POST\" name=\"msgListForm\" data-test-id=\"dummyTestId\">\n<div><span class=\"J_x D_X M_3Y3Gk P_3LQ7g\"><button class=\"b_n D_X A_6EqO u_e69 H_6LEV i_6LEV o_h P_Z2guAVt G_e V_M C4_Z29WjXl q_OFabp q4_2jsiY3 Q_eo6\" title=\"Eliminar\" name=\"action\" type=\"submit\" value=\"moveToFolder\" aria-label=\"Eliminar\">Eliminar<\/button><button class=\"b_n D_X A_6EqO u_e69 H_6LEV i_6LEV o_h P_Z2guAVt G_e V_M C4_Z29WjXl q_Z1QsHih q4_21GMQ2 Q_eo6\" title=\"Marcar como spam\" name=\"action\" type=\"submit\" value=\"markAsSpam\" aria-label=\"Marcar como spam\">Spam<\/button><\/span><\/div>\n<\/form>\n<\/td>\n<\/tr>\n<\/tbody>\n<\/table>\n<\/div>\n<\/td>\n<\/tr>\n<\/tbody>\n<\/table>\n","protected":false},"excerpt":{"rendered":"<p>HUELO MAL Si. En realidad, no solo yo. Creo, que media poblaci\u00f3n espa\u00f1ola huele mal . Esto no tiene nada que ver con el famoso \u201calgo huele a podrido en Dinamarca\u201d ,que podr\u00eda aplicarse a nuestra Espa\u00f1a \u2013 camisa blanca de mi esperanza- dada la situaci\u00f3n pol\u00edtica que venimos padeciendo. \u00bfEntonces? Nada, que si hemos [&hellip;]<\/p>\n","protected":false},"author":7,"featured_media":0,"comment_status":"closed","ping_status":"closed","sticky":false,"template":"","format":"standard","meta":[],"categories":[1],"tags":[],"_links":{"self":[{"href":"https:\/\/blogs.lasprovincias.es\/carlospajuelo\/wp-json\/wp\/v2\/posts\/5310"}],"collection":[{"href":"https:\/\/blogs.lasprovincias.es\/carlospajuelo\/wp-json\/wp\/v2\/posts"}],"about":[{"href":"https:\/\/blogs.lasprovincias.es\/carlospajuelo\/wp-json\/wp\/v2\/types\/post"}],"author":[{"embeddable":true,"href":"https:\/\/blogs.lasprovincias.es\/carlospajuelo\/wp-json\/wp\/v2\/users\/7"}],"replies":[{"embeddable":true,"href":"https:\/\/blogs.lasprovincias.es\/carlospajuelo\/wp-json\/wp\/v2\/comments?post=5310"}],"version-history":[{"count":1,"href":"https:\/\/blogs.lasprovincias.es\/carlospajuelo\/wp-json\/wp\/v2\/posts\/5310\/revisions"}],"predecessor-version":[{"id":5311,"href":"https:\/\/blogs.lasprovincias.es\/carlospajuelo\/wp-json\/wp\/v2\/posts\/5310\/revisions\/5311"}],"wp:attachment":[{"href":"https:\/\/blogs.lasprovincias.es\/carlospajuelo\/wp-json\/wp\/v2\/media?parent=5310"}],"wp:term":[{"taxonomy":"category","embeddable":true,"href":"https:\/\/blogs.lasprovincias.es\/carlospajuelo\/wp-json\/wp\/v2\/categories?post=5310"},{"taxonomy":"post_tag","embeddable":true,"href":"https:\/\/blogs.lasprovincias.es\/carlospajuelo\/wp-json\/wp\/v2\/tags?post=5310"}],"curies":[{"name":"wp","href":"https:\/\/api.w.org\/{rel}","templated":true}]}}