{"id":5334,"date":"2023-01-21T09:49:55","date_gmt":"2023-01-21T09:49:55","guid":{"rendered":"https:\/\/blogs.lasprovincias.es\/carlospajuelo\/?p=5334"},"modified":"2023-01-21T09:49:55","modified_gmt":"2023-01-21T09:49:55","slug":"el-trasvase","status":"publish","type":"post","link":"https:\/\/blogs.lasprovincias.es\/carlospajuelo\/2023\/01\/21\/el-trasvase\/","title":{"rendered":"EL TRASVASE"},"content":{"rendered":"<p>EL TRASVASE<\/p>\n<p>El nieto de un amigo m\u00edo \u201cse col\u00f3\u201d en el comedor donde se celebraba la habitual tertulia; la aparici\u00f3n de ni\u00f1os siempre calma y rebaja el calor de la discusi\u00f3n y le a\u00f1ade un poco de ternura a nuestros rostros, ajados por el tiempo y con rictus de trascendencia intemporal.<\/p>\n<p>Habl\u00e1bamos de trasvases de agua entre hermanos de un mismo pa\u00eds. El agua es de todos. \u00bfNo?<\/p>\n<p>La aparici\u00f3n del ni\u00f1o que hace preguntas me recuerda a aquel hijo del presidente Kennedy, asesinado sin ponerse de acuerdo de quien fue el autor, que entraba y sal\u00eda del famoso despacho oval y se distend\u00eda el asunto del que trataba con su visita de turno.<\/p>\n<p>Viene esto a cuento de que determinadas presencias contribuyen a mejorar la tensi\u00f3n, as\u00ed como determinadas ausencias permiten adelantar juicios o poner en duda las declaraciones populistas. \u00bfSr. Puig porque no fue en persona a la manifestaci\u00f3n?<\/p>\n<p>\u00bfPor qu\u00e9 no fue el presidente Puig a la manifestaci\u00f3n en Madrid que reivindicaba agua y se mostraba contraria al pasteleo de la ministra a cuenta del trasvase Tajo-Segura?<\/p>\n<p>Otra vez el agua y el llamado ninguneo de la ministra Sra. Ribera a los argumentos de las Comunidades que van de Valencia a Almer\u00eda.<\/p>\n<p>El expresidente Zapatero, el hombre que dec\u00eda \u201cm\u00edreme a los ojos\u201d cosa que yo nunca he entendido salvo que haya una t\u00e9cnica de \u201cfondo de ojos\u201d para establecer si lo que te est\u00e1n diciendo es verdad o es un cuento chino. Fue el art\u00edfice de la paralizaci\u00f3n del trasvase de agua del Ebro hacia la Comunidad y de esta, siguiendo con el dedo en el mapa hasta Almer\u00eda. Sin embargo, le resultaba interesante que Catalu\u00f1a pensase en traer agua del rio R\u00f3dano en territorio franc\u00e9s (a\u00f1o 2006). Son cosas que no terminas de entender.<\/p>\n<p>El ni\u00f1o preguntaba: \u00bfAbuelo porque si sobra agua en el Ebro hasta el punto de tirarla al mar, dec\u00eds, y dado que con ella se podr\u00edan hacer de 10 a 13 trasvases para aliviar la escasez del sureste espa\u00f1ol, porque no se compart\u00eda ,como hago yo con mis galletas con mi hermano.? \u00a1Ah!<\/p>\n<p>Puig no fue a la manifestaci\u00f3n en Madrid? \u00bfMiedo al \u201camo\u201d en tiempo electoral? \u00bfPor qu\u00e9?<\/p>\n","protected":false},"excerpt":{"rendered":"<p>EL TRASVASE El nieto de un amigo m\u00edo \u201cse col\u00f3\u201d en el comedor donde se celebraba la habitual tertulia; la aparici\u00f3n de ni\u00f1os siempre calma y rebaja el calor de la discusi\u00f3n y le a\u00f1ade un poco de ternura a nuestros rostros, ajados por el tiempo y con rictus de trascendencia intemporal. Habl\u00e1bamos de trasvases [&hellip;]<\/p>\n","protected":false},"author":7,"featured_media":0,"comment_status":"closed","ping_status":"closed","sticky":false,"template":"","format":"standard","meta":[],"categories":[1],"tags":[],"_links":{"self":[{"href":"https:\/\/blogs.lasprovincias.es\/carlospajuelo\/wp-json\/wp\/v2\/posts\/5334"}],"collection":[{"href":"https:\/\/blogs.lasprovincias.es\/carlospajuelo\/wp-json\/wp\/v2\/posts"}],"about":[{"href":"https:\/\/blogs.lasprovincias.es\/carlospajuelo\/wp-json\/wp\/v2\/types\/post"}],"author":[{"embeddable":true,"href":"https:\/\/blogs.lasprovincias.es\/carlospajuelo\/wp-json\/wp\/v2\/users\/7"}],"replies":[{"embeddable":true,"href":"https:\/\/blogs.lasprovincias.es\/carlospajuelo\/wp-json\/wp\/v2\/comments?post=5334"}],"version-history":[{"count":1,"href":"https:\/\/blogs.lasprovincias.es\/carlospajuelo\/wp-json\/wp\/v2\/posts\/5334\/revisions"}],"predecessor-version":[{"id":5335,"href":"https:\/\/blogs.lasprovincias.es\/carlospajuelo\/wp-json\/wp\/v2\/posts\/5334\/revisions\/5335"}],"wp:attachment":[{"href":"https:\/\/blogs.lasprovincias.es\/carlospajuelo\/wp-json\/wp\/v2\/media?parent=5334"}],"wp:term":[{"taxonomy":"category","embeddable":true,"href":"https:\/\/blogs.lasprovincias.es\/carlospajuelo\/wp-json\/wp\/v2\/categories?post=5334"},{"taxonomy":"post_tag","embeddable":true,"href":"https:\/\/blogs.lasprovincias.es\/carlospajuelo\/wp-json\/wp\/v2\/tags?post=5334"}],"curies":[{"name":"wp","href":"https:\/\/api.w.org\/{rel}","templated":true}]}}