{"id":5336,"date":"2023-01-22T13:46:54","date_gmt":"2023-01-22T13:46:54","guid":{"rendered":"https:\/\/blogs.lasprovincias.es\/carlospajuelo\/?p=5336"},"modified":"2023-01-22T13:46:54","modified_gmt":"2023-01-22T13:46:54","slug":"otra-memoria-insatisfecha","status":"publish","type":"post","link":"https:\/\/blogs.lasprovincias.es\/carlospajuelo\/2023\/01\/22\/otra-memoria-insatisfecha\/","title":{"rendered":"OTRA MEMORIA INSATISFECHA"},"content":{"rendered":"<p>OTRA MEMORIA INSATISFECHA<\/p>\n<p>Un reportaje firmado por mi amigo Enrique Belloch (-un universitario volcado en el hecho teatral de forma \u00edntegra desde productor a actor, desde profesor a \u201ctaquillero\u201d en el recinto que albergaba \u201cQuart 23\u201d en la calle Quart de Valencia \u00a0y mucho m\u00e1s tarde en el tiempo\u201d Valencia cinema\u201d) publicaba en este diario un reportaje, delimitado en su contenido por las cl\u00e1sicas condiciones de espacio que siempre tiene un diario, donde se recreaban algunos aspectos de la memoria de nuestra ciudad en un \u00e1mbito del que se habla poco; me refiero al cultural y en concreto al teatro.<\/p>\n<p>Yo hab\u00eda pasado por aquel teatro no por casualidad, sino en busca de contenidos y respuestas.<\/p>\n<p>El reportaje estimul\u00f3 mi memoria. Una memoria hist\u00f3rica en otro campo ajeno en apariencia al pol\u00edtico.<\/p>\n<p>El teatro siempre ha sido un intento de poner en el escenario ciertas caras de la sociedad, una especie de revulsivo.<\/p>\n<p>Aqu\u00ed y en este caso un teatro con contenido \u201crompedor\u201d, denominado tambi\u00e9n realista, que trataba de explorar la crudeza de los sentimientos \u00edntimos de una generaci\u00f3n encerrada en el miedo y la contenci\u00f3n.<\/p>\n<p>Una especie de lanza redentora que intenta abrir una herida de luz por la grieta apenas visible de un pa\u00eds inmerso en lo banal a trav\u00e9s del teatro, en este caso.<\/p>\n<p>El t\u00edtulo de esta columna habla de OTRA memoria que no es la memoria pol\u00edtica que tanto se reivindica en este tiempo revuelto de venganzas y otros\u00edes.<\/p>\n<p>Muchas han sido y son reivindicaciones relacionadas con la guerra civil y sus \u201cactores\u201d.<\/p>\n<p>Lo vivos reclaman a sus muertos, pero pocos recuerdan y reivindican con inter\u00e9s real a los que hac\u00edan posible el teatro. Destaco como principal eje al valenciano<\/p>\n<p>En Valencia ha habido, hay y creo que habr\u00e1 dinero, recursos, que se dice, bastantes para que una burgues\u00eda acomodada volviese la cabeza y apoyase, aunque solo fuera por estrategia acomodaticia, al\u00a0 grupo de \u201crebeldes\u201d que ten\u00edan un alma com\u00fan y que encontraron en el valenciano Antonio Diaz Zamora , dise\u00f1ador de luces y su hermana Mar\u00eda Jos\u00e9 ,recientemente fallecida, un nexo de uni\u00f3n y que apostaban con su dinero esta aventura de programar a Enrique Morente, Manuel Gerena, Ovidi Montllor, \u00a0Els Pavesos Mar\u00eda del Mar Bonet cejijunta entonces, Antaviana (Dagoll Dagom).<\/p>\n<p>Eran tiempo de manifestaci\u00f3n bajo el lema\u201d Libertad, Amnist\u00eda y Estatuto de Autonom\u00eda\u201d; mientras la bolsa de los hermanos Diaz Zamora sustentaba el \u201ctinglado\u201d. \u00a0Sin apoyo oficial se fue disolviendo el intento convertido en realidad a veces.<\/p>\n<p>Enrique Belloch cuenta que el d\u00eda que se estrenaba \u201cla salvajes en puente san gil\u201d de Jos\u00e9 mart\u00edn recuerda, estaba Diaz Zamora decorando, poniendo a punto los juegos de luces ,una multitud nerviosa se apelotonaba a las puertas del teatro de tal suerte que irrumpieron como una estampida suscitando las protestas y los gritos de Diaz Zamora que exclam\u00f3 a voz en grito \u201cSalvajes. Tendr\u00e9is salvaje y dej\u00f3 las luces en directo\u201d.<\/p>\n<p>\u00bfTodo esto a que viene?<\/p>\n<p>Vengo, que se dir\u00eda, a denunciar la pasividad de la burgues\u00eda local, la que dispon\u00eda del dinero para hacer durar al grupo teatral.<\/p>\n<p>Yo pensaba en otra autonom\u00eda. Me refiero al viejo principado de Catalu\u00f1a y en el Liceo como templo, si ustedes quieren, de cierto post\u00edn clasista que no hace demasiado que se quem\u00f3 y fue reconstruido con dinero de todos, creo que alguno sali\u00f3 de aqu\u00ed.<\/p>\n<p>Quiz\u00e1s hoy, hay alg\u00fan ejemplo, se haya despertado una conciencia cultural y las actividades de nuestra Comunidad empiezan a salir de su letargo, un despertar de la hibernaci\u00f3n.<\/p>\n<p>Es hora pues de reivindicar la OTRA memoria y homenajear a aquellos que fueron valientes y pusieron hasta el \u00faltimo denario en y sobre el teatro hasta caer rendidos por el tiempo y el olvido.<\/p>\n<p>\u00a1Basta ya de meninfotismo cultural, pol\u00edtico y social! Somos algo m\u00e1s que smorsarets, paella y sol invernal.<\/p>\n<p>\u00bfTendr\u00eda raz\u00f3n el Conde Duque Olivares cuando le dec\u00eda al Rey Felipe IV que \u00e9ramos gente blanda y acomodaticia?<\/p>\n","protected":false},"excerpt":{"rendered":"<p>OTRA MEMORIA INSATISFECHA Un reportaje firmado por mi amigo Enrique Belloch (-un universitario volcado en el hecho teatral de forma \u00edntegra desde productor a actor, desde profesor a \u201ctaquillero\u201d en el recinto que albergaba \u201cQuart 23\u201d en la calle Quart de Valencia \u00a0y mucho m\u00e1s tarde en el tiempo\u201d Valencia cinema\u201d) publicaba en este diario [&hellip;]<\/p>\n","protected":false},"author":7,"featured_media":0,"comment_status":"closed","ping_status":"closed","sticky":false,"template":"","format":"standard","meta":[],"categories":[1],"tags":[],"_links":{"self":[{"href":"https:\/\/blogs.lasprovincias.es\/carlospajuelo\/wp-json\/wp\/v2\/posts\/5336"}],"collection":[{"href":"https:\/\/blogs.lasprovincias.es\/carlospajuelo\/wp-json\/wp\/v2\/posts"}],"about":[{"href":"https:\/\/blogs.lasprovincias.es\/carlospajuelo\/wp-json\/wp\/v2\/types\/post"}],"author":[{"embeddable":true,"href":"https:\/\/blogs.lasprovincias.es\/carlospajuelo\/wp-json\/wp\/v2\/users\/7"}],"replies":[{"embeddable":true,"href":"https:\/\/blogs.lasprovincias.es\/carlospajuelo\/wp-json\/wp\/v2\/comments?post=5336"}],"version-history":[{"count":1,"href":"https:\/\/blogs.lasprovincias.es\/carlospajuelo\/wp-json\/wp\/v2\/posts\/5336\/revisions"}],"predecessor-version":[{"id":5337,"href":"https:\/\/blogs.lasprovincias.es\/carlospajuelo\/wp-json\/wp\/v2\/posts\/5336\/revisions\/5337"}],"wp:attachment":[{"href":"https:\/\/blogs.lasprovincias.es\/carlospajuelo\/wp-json\/wp\/v2\/media?parent=5336"}],"wp:term":[{"taxonomy":"category","embeddable":true,"href":"https:\/\/blogs.lasprovincias.es\/carlospajuelo\/wp-json\/wp\/v2\/categories?post=5336"},{"taxonomy":"post_tag","embeddable":true,"href":"https:\/\/blogs.lasprovincias.es\/carlospajuelo\/wp-json\/wp\/v2\/tags?post=5336"}],"curies":[{"name":"wp","href":"https:\/\/api.w.org\/{rel}","templated":true}]}}