{"id":5341,"date":"2023-01-28T21:33:32","date_gmt":"2023-01-28T21:33:32","guid":{"rendered":"https:\/\/blogs.lasprovincias.es\/carlospajuelo\/?p=5341"},"modified":"2023-01-28T21:33:32","modified_gmt":"2023-01-28T21:33:32","slug":"el-cojo-manteca","status":"publish","type":"post","link":"https:\/\/blogs.lasprovincias.es\/carlospajuelo\/2023\/01\/28\/el-cojo-manteca\/","title":{"rendered":"EL COJO MANTECA"},"content":{"rendered":"<div dir=\"ltr\">EL COJO MANTECA<\/div>\n<div dir=\"ltr\">Muchos de los lectores quiz\u00e1s no sepan de la existencia pasada del llamado Cojo Manteca y otros, de alguna memoria m\u00e1s antigua, s\u00ed.<\/div>\n<div dir=\"ltr\">Jon Manteca Caba\u00f1es, m\u00e1s conocido como el Cojo Manteca fue un icono medi\u00e1tico de finales de los a\u00f1os ochenta en Espa\u00f1a a ra\u00edz de fotograf\u00edas y v\u00eddeos que le mostraban destrozando mobiliario urbano en una manifestaci\u00f3n de estudiantes el 23 de enero de 1987 en la ciudad de Madrid con una de sus muletas, pues las llevaba ya que le faltaba una pierna. Yo lo vi correr con una pierna a m\u00e1s velocidad que yo.<\/div>\n<div dir=\"ltr\">Lo recuerdo con su muleta agarrado a una farola, borracho de ira y sin tener nada que ver ni con estudiantes, ni con nada que estuviera conectado con aquella manifestaci\u00f3n. Punk y vagabundo sin hogar, el 23 de enero de 1987, estaba reci\u00e9n llegado a Madrid, mendigando, cuando se cruz\u00f3 casualmente con una de las muchas manifestaciones estudiantiles que por aquel entonces recorr\u00edan la ciudad<\/div>\n<div dir=\"ltr\">Viene esto a cuenta del esc\u00e1ndalo real y medi\u00e1tico montado en torno a la entrega de un diploma-concedido a una alumna ilustre. Parece ser el caso de la Sra. Ayuso.<\/div>\n<div dir=\"ltr\">A la presidenta de la Comunidad de Madrid a cuyo nombre, presencia y actos suele seguir pol\u00e9mica, le persiguen los \u201cenanos\u201d.<\/div>\n<div dir=\"ltr\">La formula consiste en orquestar siempre espect\u00e1culos de protestas y as\u00ed ir desgast\u00e1ndola. No se sabe si funciona. Ya se ver\u00e1.<\/div>\n<div dir=\"ltr\">Dentro y fuera de la Facultad de Ciencias de la Informaci\u00f3n, aplausos de unos y de otro los pitos, gritos y papeleras quemadas \u201ca lo Cojo Manteca\u201d. El espect\u00e1culo culmin\u00f3 con la frase de la mejor estudiante calificada que ten\u00eda el uso de la `palabra: \u00a1Ayuso, pepera, los ilustres est\u00e1n fuera\u201d.<\/div>\n<div dir=\"ltr\">Horas despu\u00e9s miembros del aparato gubernamental apoyaron la valent\u00eda de la estudiante henchida de revoluci\u00f3n.<\/div>\n<div dir=\"ltr\"><\/div>\n<div dir=\"ltr\">Pronto han empezado los activistas. El escrache como m\u00e9todo p\u00fablico suele poner negro sobre blanco los fallos del \u201cescrachado\u201d. Tengo una lista para escrachar.<\/div>\n<div dir=\"ltr\">Con cierta persistencia asistimos al ninguneo del Gobierno. Trasvase de agua, cambios de Atocha estaci\u00f3n por Chamart\u00edn o sea al final 40 minutos m\u00e1s, falta de apoyo a la ampliaci\u00f3n del Puerto y\u2026que cada uno haga su lista. \u00bfNecesitamos testosterona?<\/div>\n","protected":false},"excerpt":{"rendered":"<p>EL COJO MANTECA Muchos de los lectores quiz\u00e1s no sepan de la existencia pasada del llamado Cojo Manteca y otros, de alguna memoria m\u00e1s antigua, s\u00ed. Jon Manteca Caba\u00f1es, m\u00e1s conocido como el Cojo Manteca fue un icono medi\u00e1tico de finales de los a\u00f1os ochenta en Espa\u00f1a a ra\u00edz de fotograf\u00edas y v\u00eddeos que le [&hellip;]<\/p>\n","protected":false},"author":7,"featured_media":0,"comment_status":"closed","ping_status":"closed","sticky":false,"template":"","format":"standard","meta":[],"categories":[1],"tags":[],"_links":{"self":[{"href":"https:\/\/blogs.lasprovincias.es\/carlospajuelo\/wp-json\/wp\/v2\/posts\/5341"}],"collection":[{"href":"https:\/\/blogs.lasprovincias.es\/carlospajuelo\/wp-json\/wp\/v2\/posts"}],"about":[{"href":"https:\/\/blogs.lasprovincias.es\/carlospajuelo\/wp-json\/wp\/v2\/types\/post"}],"author":[{"embeddable":true,"href":"https:\/\/blogs.lasprovincias.es\/carlospajuelo\/wp-json\/wp\/v2\/users\/7"}],"replies":[{"embeddable":true,"href":"https:\/\/blogs.lasprovincias.es\/carlospajuelo\/wp-json\/wp\/v2\/comments?post=5341"}],"version-history":[{"count":1,"href":"https:\/\/blogs.lasprovincias.es\/carlospajuelo\/wp-json\/wp\/v2\/posts\/5341\/revisions"}],"predecessor-version":[{"id":5342,"href":"https:\/\/blogs.lasprovincias.es\/carlospajuelo\/wp-json\/wp\/v2\/posts\/5341\/revisions\/5342"}],"wp:attachment":[{"href":"https:\/\/blogs.lasprovincias.es\/carlospajuelo\/wp-json\/wp\/v2\/media?parent=5341"}],"wp:term":[{"taxonomy":"category","embeddable":true,"href":"https:\/\/blogs.lasprovincias.es\/carlospajuelo\/wp-json\/wp\/v2\/categories?post=5341"},{"taxonomy":"post_tag","embeddable":true,"href":"https:\/\/blogs.lasprovincias.es\/carlospajuelo\/wp-json\/wp\/v2\/tags?post=5341"}],"curies":[{"name":"wp","href":"https:\/\/api.w.org\/{rel}","templated":true}]}}