{"id":5389,"date":"2023-04-21T15:57:03","date_gmt":"2023-04-21T15:57:03","guid":{"rendered":"https:\/\/blogs.lasprovincias.es\/carlospajuelo\/?p=5389"},"modified":"2023-04-21T15:57:03","modified_gmt":"2023-04-21T15:57:03","slug":"empenarse","status":"publish","type":"post","link":"https:\/\/blogs.lasprovincias.es\/carlospajuelo\/2023\/04\/21\/empenarse\/","title":{"rendered":"EMPE\u00d1ARSE"},"content":{"rendered":"<p>EMPE\u00d1ARSE<\/p>\n<p>La riqueza del espa\u00f1ol como lengua permite desarrollar<br \/>\ndiferentes significados para una misma palabra.<br \/>\nEs lo que se llama polisemia. Fen\u00f3meno del<br \/>\nlenguaje que consiste en que una misma palabra<br \/>\ntiene varios significados. Veamos.<br \/>\nEstos d\u00edas de recrudecimiento de los esfuerzos<br \/>\npor subir a la grupa, o a la cabecera del caballo del<br \/>\ngobierno, se observan \u201cempe\u00f1os\u201d en la oferta, sin<br \/>\nton, ni son, sin capacidad de decidir nada, porque<br \/>\nnada est\u00e1 decidido. Se promete de todo.<br \/>\nMuchos son los candidatos locales que se apoyan<br \/>\nen el gobierno para ensalzar o vituperar los logros<br \/>\no los fracasos. Y ah\u00ed estamos en el mismo juego<br \/>\nde siempre, que se hace eterno por lo repetitivo.<br \/>\nPongo por ejemplo el caso de Ana Obreg\u00f3n, conocida<br \/>\nen algunos medios y por quienes peinamos<br \/>\nhace tiempo ya canas, por sus posados hace a\u00f1os<br \/>\nque significaban en el comienzo de la temporada de<br \/>\nba\u00f1o, o como El Corte Ingl\u00e9s que anuncia la primavera<br \/>\no el verano un mes antes del cambio meteorol\u00f3gico<br \/>\n(aunque ahora con la cosa clim\u00e1tica lo tiene<br \/>\npeor).<br \/>\nEstas dos semanas nos han dado \u201cla brasa\u201d por<br \/>\ntierra, mar y aire llenando minutos de pantallas y<br \/>\nhojas de revistas con que si, s\u00ed o no, era abuela, madre,<br \/>\no yo qu\u00e9 s\u00e9 qu\u00e9 parentesco, de una ni\u00f1a procedente<br \/>\nde un llamado \u201cvientre de alquiler\u201d y todo ello<br \/>\nacompa\u00f1ado de declaraciones de su ex que parece<br \/>\nque dice que quiere llevar a juicio a no s\u00e9 qui\u00e9n, por<br \/>\nsentirse ofendido por no s\u00e9 qu\u00e9.<br \/>\nSupongo que Espa\u00f1a sufre de falta de noticias,<br \/>\no quiz\u00e1s todo lo contrario; sobran las noticias que,<br \/>\na lo mejor, no son del agrado del gobierno que, entre<br \/>\ntanto, nos va colando lentamente el peso del<br \/>\ndeterioro de las libertades o avanza medidas que<br \/>\nse centran en las clases medias que van perdiendo<br \/>\ncada d\u00eda peso en sus ahorros, en su bienestar.<br \/>\nLejana ya aquella promesa de la sociedad del<br \/>\nbienestar otrora fuerza argumental bastante para<br \/>\nser eje de campa\u00f1as en las que Espa\u00f1a era mejor<br \/>\npa\u00eds que cualquiera de los europeos.<br \/>\nPero volviendo al origen de la palabra<br \/>\nempe\u00f1ar y la polisemia he visto<br \/>\nlargas colas en algunos centros donde<br \/>\ntodav\u00eda se permite el empe\u00f1o como<br \/>\nprenda a recuperar lo que se deja a<br \/>\ncambio de unos dineros que ayuden a<br \/>\nseguir pagando facturas de energ\u00eda, alimentos,<br \/>\nense\u00f1anza o medicina privada.<br \/>\nAh\u00ed no hay cita previa posible.<br \/>\nY hablando de empe\u00f1ar me pregunto:<br \/>\nuna vez obtenido el puesto para el<br \/>\nque se han hecho promesas y se ha<br \/>\nempe\u00f1ado la palabra, \u00bfqu\u00e9 puede empe\u00f1ar<br \/>\nel cargo si no cumple? \u00bfEs empe\u00f1able<br \/>\nla vara de alcalde? \u00bfY el acta del<br \/>\ndiputado?<br \/>\nEl juego de causa efecto aqu\u00ed no es<br \/>\nposible.<br \/>\nLeo el c\u00f3mo, en el mismo orden de la palabra<br \/>\nempe\u00f1ar, la falta de agua para regar est\u00e1 arruinando<br \/>\nlas cosechas y los labradores y los ganaderos<br \/>\nse plantean el oscuro futuro. \u00bfSe puede<br \/>\nempe\u00f1ar una tierra que es arrendada? \u00bfSe puede<br \/>\nempe\u00f1ar la cosecha y no me refiero a asegurar?<br \/>\nNo quiero empe\u00f1arme, pero cada d\u00eda, convendr\u00e1n<br \/>\nconmigo, se est\u00e1 poniendo m\u00e1s dif\u00edcil el<br \/>\nasunto y no quiero ser negativo, aunque lo parece.<br \/>\nEspero empe\u00f1arme en encontrar hoy un buen d\u00eda<br \/>\ny compartirlo con ustedes y viceversa que se dice.<br \/>\nHasta pronto.<\/p>\n","protected":false},"excerpt":{"rendered":"<p>EMPE\u00d1ARSE La riqueza del espa\u00f1ol como lengua permite desarrollar diferentes significados para una misma palabra. Es lo que se llama polisemia. Fen\u00f3meno del lenguaje que consiste en que una misma palabra tiene varios significados. Veamos. Estos d\u00edas de recrudecimiento de los esfuerzos por subir a la grupa, o a la cabecera del caballo del gobierno, [&hellip;]<\/p>\n","protected":false},"author":7,"featured_media":0,"comment_status":"closed","ping_status":"closed","sticky":false,"template":"","format":"standard","meta":[],"categories":[1],"tags":[],"_links":{"self":[{"href":"https:\/\/blogs.lasprovincias.es\/carlospajuelo\/wp-json\/wp\/v2\/posts\/5389"}],"collection":[{"href":"https:\/\/blogs.lasprovincias.es\/carlospajuelo\/wp-json\/wp\/v2\/posts"}],"about":[{"href":"https:\/\/blogs.lasprovincias.es\/carlospajuelo\/wp-json\/wp\/v2\/types\/post"}],"author":[{"embeddable":true,"href":"https:\/\/blogs.lasprovincias.es\/carlospajuelo\/wp-json\/wp\/v2\/users\/7"}],"replies":[{"embeddable":true,"href":"https:\/\/blogs.lasprovincias.es\/carlospajuelo\/wp-json\/wp\/v2\/comments?post=5389"}],"version-history":[{"count":1,"href":"https:\/\/blogs.lasprovincias.es\/carlospajuelo\/wp-json\/wp\/v2\/posts\/5389\/revisions"}],"predecessor-version":[{"id":5390,"href":"https:\/\/blogs.lasprovincias.es\/carlospajuelo\/wp-json\/wp\/v2\/posts\/5389\/revisions\/5390"}],"wp:attachment":[{"href":"https:\/\/blogs.lasprovincias.es\/carlospajuelo\/wp-json\/wp\/v2\/media?parent=5389"}],"wp:term":[{"taxonomy":"category","embeddable":true,"href":"https:\/\/blogs.lasprovincias.es\/carlospajuelo\/wp-json\/wp\/v2\/categories?post=5389"},{"taxonomy":"post_tag","embeddable":true,"href":"https:\/\/blogs.lasprovincias.es\/carlospajuelo\/wp-json\/wp\/v2\/tags?post=5389"}],"curies":[{"name":"wp","href":"https:\/\/api.w.org\/{rel}","templated":true}]}}