{"id":5412,"date":"2023-06-06T06:59:00","date_gmt":"2023-06-06T06:59:00","guid":{"rendered":"https:\/\/blogs.lasprovincias.es\/carlospajuelo\/?p=5412"},"modified":"2023-06-06T06:59:00","modified_gmt":"2023-06-06T06:59:00","slug":"las-cuatro-reglas","status":"publish","type":"post","link":"https:\/\/blogs.lasprovincias.es\/carlospajuelo\/2023\/06\/06\/las-cuatro-reglas\/","title":{"rendered":"LAS CUATRO REGLAS"},"content":{"rendered":"<p>LAS CUATRO REGLAS<\/p>\n<p>Es el caso que algunos candidatos no paran de elucubrar acerca de que ofrecer al votante con objeto de seducirle para llevarse su voto y acompa\u00f1arle en sus enso\u00f1aciones hasta la urna correspondiente y luego\u2026ya se ver\u00e1.<\/p>\n<p>Y s\u00ed no se ve no parece pasar nada. Y s\u00ed se ve la capacidad de hacer algo se desvanece en el tiempo, circunscribi\u00e9ndose a una especie de combate en el ring del Congreso.<\/p>\n<p>Las capacidades de oratoria que ten\u00edan en su tiempo algunos pr\u00f3ceres de la intelectualidad pol\u00edtica se han perdido en el tiempo y hoy, en ocasiones, parece asombroso que las intervenciones lleguen a imitar a la discusi\u00f3n de taberna.<\/p>\n<p>Mal tiempo para las formas y mal tiempo para el buen parlamentarismo<\/p>\n<p>S\u00e9 que lo que aqu\u00ed digo suena a algo repetido en los medios todos los d\u00edas y eso hace que sea especialmente dif\u00edcil separar lo que dicen unos y otros.<\/p>\n<p>Unos dicen s\u00ed y la oposici\u00f3n correspondiente se saca de la manga opositora argumentos y negaciones de lo que ha dicho el otro.<\/p>\n<p>A eso dicen que se le llama juego de participaci\u00f3n democr\u00e1tica y los que votamos o\u00edmos y decidimos o no creerlos. Esa es la cosa.<\/p>\n<p>Muy simple y en esa partida de trileros vocacionales, pesan m\u00e1s las creencias de cada uno que la carga de promesas.<\/p>\n<p>Existe en esta suerte de mercadeo democr\u00e1tico una oferta continua que en el fondo se sabe- lo sabe el candidato y lo saben muchos de los que votamos- que aquello es imposible de hacer, -pero seguimos en la idea de que participamos. \u00a1Venga ya!<\/p>\n<p>S\u00ed. Ya s\u00e9 que se dice que este es el mejor, el menos malo de los m\u00e9todos para gobernarnos.<\/p>\n<p>\u00bfQu\u00e9 cualidades ha de tener un candidato? \u00bfBasta con sonre\u00edr, besar a se\u00f1oras y abrazar ni\u00f1os? \u00bfTener una voz seductora y llenarla de argumentos ya sabidos?<\/p>\n<p>En realidad, no hace falta ser doctor en f\u00edsica cu\u00e1ntica para presentarse.; con solo eso que se dec\u00eda de saber las cuatro reglas y estar al lado de quien realmente manda en la formaci\u00f3n en la que uno ha sido apuntado en eso que se llama \u201cpuesto de salida\u201d, basta. \u00bfNo?<\/p>\n<p>Analizar una parte de las promesas que la Sra. Diaz-, la siempre sonriente, mientras besa a derecha e izquierda, enfundada en sendos y diversos trajes de buena factura en una evoluci\u00f3n, por cierto, curiosa, desde sus primeros escarceos con la `pol\u00edtica gallega, es interesante.<\/p>\n<p>Analizar, repito la \u00faltima promesa ocurrencia, muy destacada en relaci\u00f3n con las promesas tontas de sacar viviendas sociales de la noche de la ma\u00f1ana, en una especie de milagro de los panes y los peces, reviste de un cierto terror en los oyentes.<\/p>\n<p>Dotar, dice ella, a cada joven, reci\u00e9n alcanzada la mayor\u00eda de edad, de una prima a fondo perdido de 20.000 euros da gustito y miedo.<\/p>\n<p>Gustito de decirlo supongo, mientras por dentro Do\u00f1a Yolanda se muere de risa por no caer en la groser\u00eda de decir que se \u201cmea \u201cencima por la barbaridad que eso supone, en una especie de mantra que digo yo podr\u00eda ser del estilo: \u201c\u00bfy eso a que viene o a santo de qu\u00e9?<\/p>\n<p>De momento ha logrado, como en una carrera de caballos sacarles a sus competidores dos cuerpo y medio de ventaja, cabeza incluida.<\/p>\n<p>El miedo lo pone de adelanto y lo deja caer sobre las pobres testas de quienes votamos. \u00bfQui\u00e9n da m\u00e1s? \u00bfDe d\u00f3nde pensar\u00eda sacarlo?<\/p>\n<p>Por eso dec\u00eda que el terror anida entre los que la escuchamos. Solo con cuatro reglas. Sumar y restar.<\/p>\n<p>\u00bfEstar\u00e1 en sus cabales o se habr\u00e1 dejado en el camino el sentido com\u00fan? Como es gallega y se dice que nunca se sabe si sube o baja. Me pregunto si sube o baja o qu\u00e9 co\u00f1o hace.<\/p>\n<p>\u00bfSuma, resta, multiplica o divide? Yo qu\u00e9 s\u00e9. Son solo cuatro reglas, pero parece que con eso basta.<\/p>\n","protected":false},"excerpt":{"rendered":"<p>LAS CUATRO REGLAS Es el caso que algunos candidatos no paran de elucubrar acerca de que ofrecer al votante con objeto de seducirle para llevarse su voto y acompa\u00f1arle en sus enso\u00f1aciones hasta la urna correspondiente y luego\u2026ya se ver\u00e1. Y s\u00ed no se ve no parece pasar nada. Y s\u00ed se ve la capacidad [&hellip;]<\/p>\n","protected":false},"author":7,"featured_media":0,"comment_status":"closed","ping_status":"closed","sticky":false,"template":"","format":"standard","meta":[],"categories":[1],"tags":[],"_links":{"self":[{"href":"https:\/\/blogs.lasprovincias.es\/carlospajuelo\/wp-json\/wp\/v2\/posts\/5412"}],"collection":[{"href":"https:\/\/blogs.lasprovincias.es\/carlospajuelo\/wp-json\/wp\/v2\/posts"}],"about":[{"href":"https:\/\/blogs.lasprovincias.es\/carlospajuelo\/wp-json\/wp\/v2\/types\/post"}],"author":[{"embeddable":true,"href":"https:\/\/blogs.lasprovincias.es\/carlospajuelo\/wp-json\/wp\/v2\/users\/7"}],"replies":[{"embeddable":true,"href":"https:\/\/blogs.lasprovincias.es\/carlospajuelo\/wp-json\/wp\/v2\/comments?post=5412"}],"version-history":[{"count":1,"href":"https:\/\/blogs.lasprovincias.es\/carlospajuelo\/wp-json\/wp\/v2\/posts\/5412\/revisions"}],"predecessor-version":[{"id":5413,"href":"https:\/\/blogs.lasprovincias.es\/carlospajuelo\/wp-json\/wp\/v2\/posts\/5412\/revisions\/5413"}],"wp:attachment":[{"href":"https:\/\/blogs.lasprovincias.es\/carlospajuelo\/wp-json\/wp\/v2\/media?parent=5412"}],"wp:term":[{"taxonomy":"category","embeddable":true,"href":"https:\/\/blogs.lasprovincias.es\/carlospajuelo\/wp-json\/wp\/v2\/categories?post=5412"},{"taxonomy":"post_tag","embeddable":true,"href":"https:\/\/blogs.lasprovincias.es\/carlospajuelo\/wp-json\/wp\/v2\/tags?post=5412"}],"curies":[{"name":"wp","href":"https:\/\/api.w.org\/{rel}","templated":true}]}}