{"id":5414,"date":"2023-06-10T17:19:22","date_gmt":"2023-06-10T17:19:22","guid":{"rendered":"https:\/\/blogs.lasprovincias.es\/carlospajuelo\/?p=5414"},"modified":"2023-06-10T17:19:22","modified_gmt":"2023-06-10T17:19:22","slug":"el-juicio-mediatico","status":"publish","type":"post","link":"https:\/\/blogs.lasprovincias.es\/carlospajuelo\/2023\/06\/10\/el-juicio-mediatico\/","title":{"rendered":"EL JUICIO MEDI\u00c1TICO"},"content":{"rendered":"<div dir=\"ltr\">EL JUICIO MEDIATICO<\/div>\n<div dir=\"ltr\">\u00a0\u00a0\u00a0 Es el caso que me sorprende el hecho de asistir d\u00eda s\u00ed, d\u00eda tambi\u00e9n, a la condena o salvaci\u00f3n de un personaje, de su imagen antes del juicio \u201clegal\u201d. Todo tras la publicaci\u00f3n en diversos soportes de an\u00e9cdotas e informaciones que en ocasiones solo son rumores.<\/div>\n<div dir=\"ltr\">Ahora incluso se mide la capacidad intelectual de quien se asoma por primera vez a la posibilidad de ingresar en la Universidad.<\/div>\n<div dir=\"ltr\">Estos d\u00edas 23.000 estudiantes valencianos se han visto sorprendidos por una cuesti\u00f3n, que en su momento sirvi\u00f3 de \u201ccarne\u201d medi\u00e1tica, a prop\u00f3sito del alquiler de vientres para albergar seres vivos que luego ser\u00e1n de otra persona.<\/div>\n<div dir=\"ltr\">Ser\u00e1n de quien ha alquilado el vientre como si de un coche, un patinete, o un hotel de lujo se tratara.<\/div>\n<div dir=\"ltr\">La miseria del que lo necesita obliga a aceptar el contrato. Depende de qui\u00e9n alquila el asunto toma dimensi\u00f3n medi\u00e1tica y es pasto de comentaristas y tertulianos al peso. Todo vale ahora, se ve.<\/div>\n<div dir=\"ltr\">En el examen de selectividad valenciano para medir el conocimiento del castellano, se parte del an\u00e1lisis de un texto de un diario sobre el nacimiento de Alex Lequio, a la saz\u00f3n muerto e hijo de la se\u00f1ora conocida como Ana Obreg\u00f3n, alias \u201cAnto\u00f1ita la fant\u00e1stica\u201d.<\/div>\n<div dir=\"ltr\">Ella nos ten\u00eda acostumbrados a sus bikinis anunciando el verano, incluso antes que el Corte Ingles que ya es; mientras nos recordaba por en\u00e9sima vez su condici\u00f3n de bi\u00f3loga.<\/div>\n<div dir=\"ltr\">Curioso modo de examinar el castellano.<\/div>\n<div dir=\"ltr\">Nada de Lope de Vega, Calder\u00f3n, Unamuno, Cervantes que todos son antiguos y quien sabe si tienen la etiqueta secreta de fachas a los ojos de quienes redactan la prueba.<\/div>\n<div dir=\"ltr\">El asunto vale hasta 10 puntos.<\/div>\n<div dir=\"ltr\">Menos mal que aparecen Lorca y Mart\u00edn Gaite. Muy amables.<\/div>\n<div dir=\"ltr\">Claro que eso no es nuevo, ni solo pasa en la Comunidad Valenciana.<\/div>\n<div dir=\"ltr\">Parece que en Madrid una pol\u00e9mica parecida ha levantado polvo en torno a una pregunta sobre una declaraci\u00f3n, en forma de arenga, del militar Queipo de Llano en 1936.<\/div>\n<div dir=\"ltr\">Proclamaba la hombr\u00eda del soldado \u201cnacional\u201d, sugiriendo violaciones a las mujeres declaradas comunistas y anarquistas; todo ello para el examen de Historia.<\/div>\n<div dir=\"ltr\">Aqu\u00ed hay m\u00e1s juicios previos medi\u00e1ticos. El alcalde de Onteniente, M\u00f3nica Oltra, Francisco Camps etc.\u00a0 Mal, \u00bfNo?<\/div>\n","protected":false},"excerpt":{"rendered":"<p>EL JUICIO MEDIATICO \u00a0\u00a0\u00a0 Es el caso que me sorprende el hecho de asistir d\u00eda s\u00ed, d\u00eda tambi\u00e9n, a la condena o salvaci\u00f3n de un personaje, de su imagen antes del juicio \u201clegal\u201d. Todo tras la publicaci\u00f3n en diversos soportes de an\u00e9cdotas e informaciones que en ocasiones solo son rumores. Ahora incluso se mide la [&hellip;]<\/p>\n","protected":false},"author":7,"featured_media":0,"comment_status":"closed","ping_status":"closed","sticky":false,"template":"","format":"standard","meta":[],"categories":[1],"tags":[],"_links":{"self":[{"href":"https:\/\/blogs.lasprovincias.es\/carlospajuelo\/wp-json\/wp\/v2\/posts\/5414"}],"collection":[{"href":"https:\/\/blogs.lasprovincias.es\/carlospajuelo\/wp-json\/wp\/v2\/posts"}],"about":[{"href":"https:\/\/blogs.lasprovincias.es\/carlospajuelo\/wp-json\/wp\/v2\/types\/post"}],"author":[{"embeddable":true,"href":"https:\/\/blogs.lasprovincias.es\/carlospajuelo\/wp-json\/wp\/v2\/users\/7"}],"replies":[{"embeddable":true,"href":"https:\/\/blogs.lasprovincias.es\/carlospajuelo\/wp-json\/wp\/v2\/comments?post=5414"}],"version-history":[{"count":1,"href":"https:\/\/blogs.lasprovincias.es\/carlospajuelo\/wp-json\/wp\/v2\/posts\/5414\/revisions"}],"predecessor-version":[{"id":5415,"href":"https:\/\/blogs.lasprovincias.es\/carlospajuelo\/wp-json\/wp\/v2\/posts\/5414\/revisions\/5415"}],"wp:attachment":[{"href":"https:\/\/blogs.lasprovincias.es\/carlospajuelo\/wp-json\/wp\/v2\/media?parent=5414"}],"wp:term":[{"taxonomy":"category","embeddable":true,"href":"https:\/\/blogs.lasprovincias.es\/carlospajuelo\/wp-json\/wp\/v2\/categories?post=5414"},{"taxonomy":"post_tag","embeddable":true,"href":"https:\/\/blogs.lasprovincias.es\/carlospajuelo\/wp-json\/wp\/v2\/tags?post=5414"}],"curies":[{"name":"wp","href":"https:\/\/api.w.org\/{rel}","templated":true}]}}