{"id":5434,"date":"2023-07-31T03:56:19","date_gmt":"2023-07-31T03:56:19","guid":{"rendered":"https:\/\/blogs.lasprovincias.es\/carlospajuelo\/?p=5434"},"modified":"2023-07-31T03:56:19","modified_gmt":"2023-07-31T03:56:19","slug":"el-voto-del-huido","status":"publish","type":"post","link":"https:\/\/blogs.lasprovincias.es\/carlospajuelo\/2023\/07\/31\/el-voto-del-huido\/","title":{"rendered":"EL VOTO DEL HU\u00cdDO"},"content":{"rendered":"<div dir=\"ltr\">EL VOTO DEL HU\u00cdDO<\/div>\n<div dir=\"ltr\">\u00bfQu\u00e9 pensar\u00eda en el interior del maletero de un coche, en franca huida, el 103 president por 15 segundos de la inexistente Republica catalana?<\/div>\n<div dir=\"ltr\">\u00bfIntu\u00eda que, desde el exilio dorado en su mansi\u00f3n de 500 metros en estos calurosos d\u00edas del verano del 2023, su voto ser\u00eda decisivo para el resistente S\u00e1nchez?<\/div>\n<div dir=\"ltr\">El asunto roza la comicidad. Una persona exiliada, con una eurorden, creo que finalmente v\u00e1lida, aparece en el pr\u00f3ximo horizonte como posible pe\u00f3n, convirtiendo en un jaque mate posible a las aspiraciones fallidas de gobernar el pa\u00eds del Sr. N\u00fa\u00f1ez Feijoo.<\/div>\n<div dir=\"ltr\">\u00bfSer\u00e1 el Rey el que acepte la opci\u00f3n S\u00e1nchez ante la imposibilidad de formar gobierno del primer ganador en votos?<\/div>\n<div dir=\"ltr\">Eso s\u00ed que es tirar piedras sobre el propio tejado. La monarqu\u00eda que quieren destruir los potenciales socios del \u201cresistente\u201d dar\u00e1 el espaldarazo y comenzar\u00e1, si es as\u00ed, una especie de harakiri lento.<\/div>\n<div dir=\"ltr\">\u00bfQu\u00e9 precio tendr\u00e1 que pagar el socialista de nuevo cu\u00f1o para sestear en el mismo colch\u00f3n monclovita unos a\u00f1os m\u00e1s?<\/div>\n<div dir=\"ltr\">Se adivina no solo por las declaraciones recientes del PNV, Bildu y Esquerra Republicana, unidas por un deseo proclamado a voces medi\u00e1ticas de aceptaci\u00f3n de un refer\u00e9ndum y b\u00fasqueda de la autodeterminaci\u00f3n.<\/div>\n<div dir=\"ltr\">Entretanto toma el Sol, d\u00f3nde lo tome, el Sr. S\u00e1nchez, el exiliado Puigdemont deshoja la margarita y se relame de gusto en un descanso de su quiz\u00e1s tercer tomo de memorias.<\/div>\n<div dir=\"ltr\">Es posible que medite sobre el c\u00e9sped de su casa de Waterloo, cerca del monumento que conmemora la ca\u00edda de un Napole\u00f3n que hab\u00eda regresado desde la Isla de Elba en sus cien d\u00edas gloriosos, los \u00faltimos, de su remontada.<\/div>\n<div dir=\"ltr\">Recomiendo a los lectores los titulares cambiantes de la prensa de la \u00e9poca que oscila entre el Ogro hasta el Emperador<\/div>\n<div dir=\"ltr\">a medida que avanza hac\u00eda Paris. No han cambiado tanto las cosas.<\/div>\n<div dir=\"ltr\">Es un clamor de: \u00a1Feijoo ven a salvar Espa\u00f1a! a \u201cNo tiene carisma este gallego. Busquemos a otro\/a?<\/div>\n<div dir=\"ltr\">Pese a la opini\u00f3n de muchos se ha evidenciado que seguimos partidos en dos colores. Rojo y azul.<\/div>\n<div dir=\"ltr\">Estoy seguro de que la mayor\u00eda absoluta del PP en el Senado es in\u00fatil frente a la bater\u00eda armada de los decretos ley.<\/div>\n<div dir=\"ltr\">Entretanto la prensa rosa prospera.<\/div>\n","protected":false},"excerpt":{"rendered":"<p>EL VOTO DEL HU\u00cdDO \u00bfQu\u00e9 pensar\u00eda en el interior del maletero de un coche, en franca huida, el 103 president por 15 segundos de la inexistente Republica catalana? \u00bfIntu\u00eda que, desde el exilio dorado en su mansi\u00f3n de 500 metros en estos calurosos d\u00edas del verano del 2023, su voto ser\u00eda decisivo para el resistente [&hellip;]<\/p>\n","protected":false},"author":7,"featured_media":0,"comment_status":"closed","ping_status":"closed","sticky":false,"template":"","format":"standard","meta":[],"categories":[1],"tags":[],"_links":{"self":[{"href":"https:\/\/blogs.lasprovincias.es\/carlospajuelo\/wp-json\/wp\/v2\/posts\/5434"}],"collection":[{"href":"https:\/\/blogs.lasprovincias.es\/carlospajuelo\/wp-json\/wp\/v2\/posts"}],"about":[{"href":"https:\/\/blogs.lasprovincias.es\/carlospajuelo\/wp-json\/wp\/v2\/types\/post"}],"author":[{"embeddable":true,"href":"https:\/\/blogs.lasprovincias.es\/carlospajuelo\/wp-json\/wp\/v2\/users\/7"}],"replies":[{"embeddable":true,"href":"https:\/\/blogs.lasprovincias.es\/carlospajuelo\/wp-json\/wp\/v2\/comments?post=5434"}],"version-history":[{"count":1,"href":"https:\/\/blogs.lasprovincias.es\/carlospajuelo\/wp-json\/wp\/v2\/posts\/5434\/revisions"}],"predecessor-version":[{"id":5435,"href":"https:\/\/blogs.lasprovincias.es\/carlospajuelo\/wp-json\/wp\/v2\/posts\/5434\/revisions\/5435"}],"wp:attachment":[{"href":"https:\/\/blogs.lasprovincias.es\/carlospajuelo\/wp-json\/wp\/v2\/media?parent=5434"}],"wp:term":[{"taxonomy":"category","embeddable":true,"href":"https:\/\/blogs.lasprovincias.es\/carlospajuelo\/wp-json\/wp\/v2\/categories?post=5434"},{"taxonomy":"post_tag","embeddable":true,"href":"https:\/\/blogs.lasprovincias.es\/carlospajuelo\/wp-json\/wp\/v2\/tags?post=5434"}],"curies":[{"name":"wp","href":"https:\/\/api.w.org\/{rel}","templated":true}]}}