{"id":5436,"date":"2023-08-01T13:56:18","date_gmt":"2023-08-01T13:56:18","guid":{"rendered":"https:\/\/blogs.lasprovincias.es\/carlospajuelo\/?p=5436"},"modified":"2023-08-01T13:56:18","modified_gmt":"2023-08-01T13:56:18","slug":"podemos-ir-a-menos-en-la-calidad-del-esperma-valenciano","status":"publish","type":"post","link":"https:\/\/blogs.lasprovincias.es\/carlospajuelo\/2023\/08\/01\/podemos-ir-a-menos-en-la-calidad-del-esperma-valenciano\/","title":{"rendered":"\u00bfPODEMOS IR A MENOS EN LA CALIDAD DEL ESPERMA VALENCIANO?"},"content":{"rendered":"<blockquote>\n<div id=\"yiv5232944909replybody1\">\n<div class=\"yiv5232944909v1yahoo_quoted\">\n<div>\n<div>\n<div dir=\"ltr\">\u00bfPODEMOS IR A MENOS EN LA CALIDAD DEL ESPERMA VALENCIANO?<\/div>\n<div dir=\"ltr\">\u00a0\u00a0\u00a0 Se ataca la ampliaci\u00f3n del Puerto de Valencia con armas de destrucci\u00f3n masiva, supuestamente esperm\u00e1tica. \u00a1Cosas veredes M\u00edo Cid!<\/div>\n<div dir=\"ltr\">Un ataque ins\u00f3lito de un candidato, guardado por m\u00ed por no querer marear m\u00e1s la perdiz antes de la pasada votaci\u00f3n del 23J.<\/div>\n<div dir=\"ltr\">Mi pertenencia al noble pueblo valenciano, de m\u00e1s de 2000 a\u00f1os de historia sobre sus espaldas esenciales de existencia, me obliga ahora a dar cuenta del asunto.<\/div>\n<div dir=\"ltr\">Es una estocada a la intimidad escrotal del respetable habitante hombre valenciano. \u00a1Eso s\u00ed que es violencia de genero!<\/div>\n<div dir=\"ltr\">No he querido hablar del tema por haberse referido a ello un candidato en plena campa\u00f1a electoral. Por no asustar o por no hacer re\u00edr al personal potencialmente expuesto, mayormente si vive en la zona de la ampliaci\u00f3n del puerto prevista.<\/div>\n<div dir=\"ltr\">&#8220;No queremos ampliar el Puerto de Valencia porque va a suponer m\u00e1s muertos en las olas de calor o bajar la fertilidad de los hombres valencianos. Esto a Vox le deber\u00eda preocupar, ya que son tan machos. Ampliar el puerto de Valencia empeora la fertilidad de los hombres&#8221;, manifest\u00f3 inicialmente<\/div>\n<div dir=\"ltr\">Alberto Ib\u00e1\u00f1ez sostiene que la infraestructura &#8220;va a suponer m\u00e1s muertos en las olas de calor o bajar la fertilidad de los hombres valencianos&#8221;.<\/div>\n<div dir=\"ltr\">Alberto Ib\u00e1\u00f1ez, candidato al Congreso de los Diputados por Sumar (milita en Comprom\u00eds y es el n\u00famero 2 en la lista de Yolanda D\u00edaz por Valencia), sostiene que ampliar el Puerto de Valencia &#8220;empeora la fertilidad de los hombres&#8221;.<\/div>\n<div dir=\"ltr\">&#8220;Va a bajar la calidad de su esperma espa\u00f1ol&#8221;, lleg\u00f3 a decir en un acto de partido en alusi\u00f3n directa a Vox.<\/div>\n<div dir=\"ltr\">.\u00a0\u00a0\u00a0 Extiendo m\u00e1s all\u00e1 de lo razonable la cita por la importancia de su contenido.<\/div>\n<div dir=\"ltr\">\u00a0\u00a0\u00a0 Estoy fuera del partido hormonal y ni siquiera como individuo estoy en el banquillo de la reserva esperm\u00e1tica. Eso no quiere decir que el asunto no me interese.<\/div>\n<div dir=\"ltr\">C\u00f3mo yo no puedo hacer un trabajo de campo en esta materia tan \u00edntima y delicada que no admite apuntes, ni micros, debo especular.<\/div>\n<div dir=\"ltr\">Comprenden que yo no puedo acometer a un macho en edad de reproducir, por mucha acreditaci\u00f3n que lleve colgada del pecho con su identificaci\u00f3n correspondiente, del CIS, por ejemplo, y preguntarle as\u00ed de pronto: \u00bfUsted cree que su esperma es v\u00e1lido, capaz de reproducir y embarazar a una valenciana sin violencia por supuesto, con pleno y audaz consentimiento?<\/div>\n<div dir=\"ltr\">\u00bfO debo darle a leer la noticia primero y preguntarle si frecuenta la Marina o la zona industrial de atraque del Puerto de Valencia o si hace paseos en barca buscando peces en el \u00e1rea donde se supone que se va a ampliar esa infraestructura?<\/div>\n<div dir=\"ltr\">De momento me planteo por el estado f\u00edsico de quienes est\u00e1n en pleno est\u00edo disfrutando hasta el amanecer llegando al frenes\u00ed con la mezcla del alcohol y la bachata cerca del canal. Un canal que se construy\u00f3 para la salida al mar durante la Copa de Am\u00e9rica en una \u00e9poca dorada de luces y sombras para la ciudad de las flores que somos nosotros por si no se acuerdan.<\/div>\n<div dir=\"ltr\">Yo supongo, desde la perspectiva del desconocimiento biol\u00f3gico y de la seguridad de no sentirme afectado dada mi edad proclive m\u00e1s a la lumbalgia que a los deleites de la adoraci\u00f3n a Venus, que lo que dijo el candidato, excitado por la pasi\u00f3n pol\u00edtica, es una solemne estupidez.<\/div>\n<div dir=\"ltr\">Estoy con \u00e9l cuando dice que el calor extremo afecta al cuerpo y a\u00f1ado yo a la mente; sin embargo, no tengo claro que el hermoso sonido grave y extenso en el espacio de una sirena de barco, afecte a la virilidad de los valencianos y afectos de la zona.<\/div>\n<div dir=\"ltr\">Antes bien creo que disparar\u00eda las mentes aventureras que, a veces, buscan otras fronteras para vivir otras sensaciones o buscar una vida mejor.<\/div>\n<div dir=\"ltr\">Yo perdono al candidato, pero me pregunto en que basar\u00eda \u00e9l para decir esas cosas.<\/div>\n<div dir=\"ltr\">\u00bfSe traba de una intervenci\u00f3n pagada por la &#8220;caja oscura de euros&#8221; destinada a combatir la posible mayor rentabilidad de un puerto como el nuestro?<\/div>\n<div dir=\"ltr\">\u00bfLa mano oscura del Europort de Roterdamm?<\/div>\n<div dir=\"ltr\">\u00bfSon los turcos desde el B\u00f3sforo?<\/div>\n<div dir=\"ltr\">\u00bfSon nuestros vecinos y primos del Norte, los miembros del staff portuario catal\u00e1n, dispuestos a todo, adem\u00e1s de ayudarnos a suscribirnos a publicaciones por los nuevos aires de la Comunitat?<\/div>\n<div dir=\"ltr\">Queda dicho. Las elecciones han pasado ya, pero los ataques a la ampliaci\u00f3n del Puerto seguir\u00e1n. Este es un flanco in\u00e9dito. Quedan otros. \u00bfPeces, gaviotas, arenas en desplazamiento lateral, corrientes? OJO.<\/div>\n<div dir=\"ltr\"><\/div>\n<div dir=\"ltr\"><\/div>\n<\/div>\n<\/div>\n<\/div>\n<\/div>\n<\/blockquote>\n","protected":false},"excerpt":{"rendered":"<p>\u00bfPODEMOS IR A MENOS EN LA CALIDAD DEL ESPERMA VALENCIANO? \u00a0\u00a0\u00a0 Se ataca la ampliaci\u00f3n del Puerto de Valencia con armas de destrucci\u00f3n masiva, supuestamente esperm\u00e1tica. \u00a1Cosas veredes M\u00edo Cid! Un ataque ins\u00f3lito de un candidato, guardado por m\u00ed por no querer marear m\u00e1s la perdiz antes de la pasada votaci\u00f3n del 23J. Mi pertenencia [&hellip;]<\/p>\n","protected":false},"author":7,"featured_media":0,"comment_status":"closed","ping_status":"closed","sticky":false,"template":"","format":"standard","meta":[],"categories":[1],"tags":[],"_links":{"self":[{"href":"https:\/\/blogs.lasprovincias.es\/carlospajuelo\/wp-json\/wp\/v2\/posts\/5436"}],"collection":[{"href":"https:\/\/blogs.lasprovincias.es\/carlospajuelo\/wp-json\/wp\/v2\/posts"}],"about":[{"href":"https:\/\/blogs.lasprovincias.es\/carlospajuelo\/wp-json\/wp\/v2\/types\/post"}],"author":[{"embeddable":true,"href":"https:\/\/blogs.lasprovincias.es\/carlospajuelo\/wp-json\/wp\/v2\/users\/7"}],"replies":[{"embeddable":true,"href":"https:\/\/blogs.lasprovincias.es\/carlospajuelo\/wp-json\/wp\/v2\/comments?post=5436"}],"version-history":[{"count":1,"href":"https:\/\/blogs.lasprovincias.es\/carlospajuelo\/wp-json\/wp\/v2\/posts\/5436\/revisions"}],"predecessor-version":[{"id":5437,"href":"https:\/\/blogs.lasprovincias.es\/carlospajuelo\/wp-json\/wp\/v2\/posts\/5436\/revisions\/5437"}],"wp:attachment":[{"href":"https:\/\/blogs.lasprovincias.es\/carlospajuelo\/wp-json\/wp\/v2\/media?parent=5436"}],"wp:term":[{"taxonomy":"category","embeddable":true,"href":"https:\/\/blogs.lasprovincias.es\/carlospajuelo\/wp-json\/wp\/v2\/categories?post=5436"},{"taxonomy":"post_tag","embeddable":true,"href":"https:\/\/blogs.lasprovincias.es\/carlospajuelo\/wp-json\/wp\/v2\/tags?post=5436"}],"curies":[{"name":"wp","href":"https:\/\/api.w.org\/{rel}","templated":true}]}}