{"id":5441,"date":"2023-08-08T09:07:40","date_gmt":"2023-08-08T09:07:40","guid":{"rendered":"https:\/\/blogs.lasprovincias.es\/carlospajuelo\/?p=5441"},"modified":"2023-08-08T09:07:40","modified_gmt":"2023-08-08T09:07:40","slug":"la-orilla-sombrilklera","status":"publish","type":"post","link":"https:\/\/blogs.lasprovincias.es\/carlospajuelo\/2023\/08\/08\/la-orilla-sombrilklera\/","title":{"rendered":"LA ORILLA SOMBRILKLERA"},"content":{"rendered":"<p><strong>LA ORILLA SOMBRILLERA<\/strong><\/p>\n<p><strong>\u00a0\u00a0\u00a0\u00a0\u00a0\u00a0\u00a0\u00a0 Yo voy a ver el mar con frecuencia. Lo hago en oto\u00f1o e invierno ligeramente, o no, abrigado seg\u00fan est\u00e9 el clima, pero voy.<\/strong><\/p>\n<p><strong>\u00a0\u00a0\u00a0\u00a0\u00a0\u00a0\u00a0\u00a0 Otros tambi\u00e9n van, pero son pocos y casi nos saludamos, pero como la desconfianza ha hecho mella en nosotros sobre todo en los \u00faltimos a\u00f1os, nos miramos y expresamos nuestro reconocimiento corporal, o sea que te he visto antes, con un peque\u00f1o rictus aprobatorio que m\u00e1s parece una mueca como si te doliera una muela del juicio, si es que fuera el caso que te quedase muela y juicio.<\/strong><\/p>\n<p><strong>\u00a0\u00a0\u00a0\u00a0\u00a0\u00a0\u00a0\u00a0 A lo que voy. La orilla del mar est\u00e1 despejada y algunas peque\u00f1as espumas dolientes caen dulcemente sobre la \u00faltima orilla, o como se quiera ver. la primera orilla. Es una especie de buenos d\u00edas con canto de caracola en directo.<\/strong><\/p>\n<p><strong>\u00a0\u00a0\u00a0\u00a0\u00a0\u00a0\u00a0\u00a0 \u00bfBuenos d\u00edas? Se preguntar\u00e1 alg\u00fan lector. <\/strong><\/p>\n<p><strong>\u00bfEs que este tipo no trabaja que tiene tiempo para ir a pensar chorradas en llegando a la orilla del mar de una playa que est\u00e1 llena de restos de origen desconocido o muy conocido?<\/strong><\/p>\n<p><strong>\u00a0\u00a0\u00a0\u00a0\u00a0\u00a0\u00a0\u00a0 Pue mire usted algunos hemos llegado vivos a la jubilaci\u00f3n, aunque bien podr\u00eda ser que fuera por la tarde y en vez de buenos d\u00edas fueran buenas tardes: \u00a0le digo que tanto por la ma\u00f1ana como por la tarde la cosa mar\u00edtima sigue en su sitio, aunque me han dicho que hay playas que han perdido arena y solo dan para una hilera m\u00ednima de sombrillas.<\/strong><\/p>\n<p><strong>\u00a0\u00a0\u00a0\u00a0\u00a0\u00a0\u00a0\u00a0 Y es que quer\u00eda hablar de sombrillas, pero me enredo y yuxtapongo mucho, de tal suerte que algunos dicen que me disperso y que soy arborescente. \u00bfQui\u00e9n no lo es? A lo mejor no se da cuenta, pero lo es. El cerebro est\u00e1 lleno de cauces que parece un meandro sin soluci\u00f3n, ni desembocadura.<\/strong><\/p>\n<p><strong>\u00a0\u00a0\u00a0\u00a0\u00a0\u00a0\u00a0\u00a0 No. Dec\u00eda que he le\u00eddo que ahora en verano cuando se pierde la visi\u00f3n de la ola que rompe dulce sobre la \u00faltima arena, porque est\u00e1 llena de gentes en tropel dando saltitos en bikini m\u00ednimo o en ba\u00f1ador paquetero, la orilla se pierde y se ve que existe mucha gente que no se quiere perder la primera fila incluso la fila 0 y muy de ma\u00f1ana se baja con su sombrilla aprovechando la levantada de hacer una descarga en el ba\u00f1o y se dice: bajo un momento y planto mi sombrilla.<\/strong><\/p>\n<p><strong>\u00a0Esto, se dice \u00e9l, \u00e9l porque suele ser el del problema prost\u00e1tico, no pasaba antes porque cuando compr\u00e9 el apartamento aqu\u00ed no hab\u00eda ni Dios y nos conoc\u00edamos todos, algunos ya no est\u00e1n, pero es la vida\u2026y ahora no conoces a nadie y demasiados hablan en extranjero. No hay derecho y me han dicho que algunos llegan a decir: \u00b7\u201dEsto con Franco no pasaba\u201d. Cosas de los a\u00f1os.<\/strong><\/p>\n<p><strong>\u00a0\u00a0\u00a0\u00a0\u00a0\u00a0\u00a0\u00a0 Como la cosa va a m\u00e1s en algunos sitios son los de la Polic\u00eda local los que intervienen y se llevan las sombrillas y ah\u00ed es nada la discusi\u00f3n por ello y sobre todo `por saber que sombrilla es la de Pepe o la de Amparo, porque lo cierto es que todas se parecen.<\/strong><\/p>\n<p><strong>\u00a0\u00a0\u00a0\u00a0\u00a0\u00a0\u00a0\u00a0 As\u00ed empiezan las rencillas y entretanto los que van sin sombrilla han ocupado la zona mediante el amplio surtido colorista de toallas de tama\u00f1o considerable donde caben tres ninfas como las s\u00edlfides de ahora o un se\u00f1or que orondo pasa de no beber cerveza y ponerse hasta el cuello de calamares a la romana y de de sangr\u00eda refrescadora mientras se tuesta \u201ca modo\u201d bajo el nada amable sol de agosto.<\/strong><\/p>\n<p><strong>\u00a0\u00a0\u00a0\u00a0\u00a0\u00a0\u00a0\u00a0 En invierno u oto\u00f1o nadie viene a venderme oropeles enormes para extender en la arena o refrescos o nadie quiere hacerme masajes en chino en los pies porque tengo cierta aprensi\u00f3n. No es rechazo multirracial es que soy muy m\u00edo Antes te dec\u00eda la buena ventura te cog\u00edan la mano\u2026ahora peligra tu cartera. Cosas de la mar playera.<\/strong><\/p>\n<p><strong>Me espero al oto\u00f1o. \u00a1Que lo pasen bien! <\/strong><\/p>\n","protected":false},"excerpt":{"rendered":"<p>LA ORILLA SOMBRILLERA \u00a0\u00a0\u00a0\u00a0\u00a0\u00a0\u00a0\u00a0 Yo voy a ver el mar con frecuencia. Lo hago en oto\u00f1o e invierno ligeramente, o no, abrigado seg\u00fan est\u00e9 el clima, pero voy. \u00a0\u00a0\u00a0\u00a0\u00a0\u00a0\u00a0\u00a0 Otros tambi\u00e9n van, pero son pocos y casi nos saludamos, pero como la desconfianza ha hecho mella en nosotros sobre todo en los \u00faltimos a\u00f1os, nos [&hellip;]<\/p>\n","protected":false},"author":7,"featured_media":0,"comment_status":"closed","ping_status":"closed","sticky":false,"template":"","format":"standard","meta":[],"categories":[1],"tags":[],"_links":{"self":[{"href":"https:\/\/blogs.lasprovincias.es\/carlospajuelo\/wp-json\/wp\/v2\/posts\/5441"}],"collection":[{"href":"https:\/\/blogs.lasprovincias.es\/carlospajuelo\/wp-json\/wp\/v2\/posts"}],"about":[{"href":"https:\/\/blogs.lasprovincias.es\/carlospajuelo\/wp-json\/wp\/v2\/types\/post"}],"author":[{"embeddable":true,"href":"https:\/\/blogs.lasprovincias.es\/carlospajuelo\/wp-json\/wp\/v2\/users\/7"}],"replies":[{"embeddable":true,"href":"https:\/\/blogs.lasprovincias.es\/carlospajuelo\/wp-json\/wp\/v2\/comments?post=5441"}],"version-history":[{"count":1,"href":"https:\/\/blogs.lasprovincias.es\/carlospajuelo\/wp-json\/wp\/v2\/posts\/5441\/revisions"}],"predecessor-version":[{"id":5442,"href":"https:\/\/blogs.lasprovincias.es\/carlospajuelo\/wp-json\/wp\/v2\/posts\/5441\/revisions\/5442"}],"wp:attachment":[{"href":"https:\/\/blogs.lasprovincias.es\/carlospajuelo\/wp-json\/wp\/v2\/media?parent=5441"}],"wp:term":[{"taxonomy":"category","embeddable":true,"href":"https:\/\/blogs.lasprovincias.es\/carlospajuelo\/wp-json\/wp\/v2\/categories?post=5441"},{"taxonomy":"post_tag","embeddable":true,"href":"https:\/\/blogs.lasprovincias.es\/carlospajuelo\/wp-json\/wp\/v2\/tags?post=5441"}],"curies":[{"name":"wp","href":"https:\/\/api.w.org\/{rel}","templated":true}]}}