{"id":5445,"date":"2023-08-12T11:44:07","date_gmt":"2023-08-12T11:44:07","guid":{"rendered":"https:\/\/blogs.lasprovincias.es\/carlospajuelo\/?p=5445"},"modified":"2023-08-12T11:44:07","modified_gmt":"2023-08-12T11:44:07","slug":"la-huida-2","status":"publish","type":"post","link":"https:\/\/blogs.lasprovincias.es\/carlospajuelo\/2023\/08\/12\/la-huida-2\/","title":{"rendered":"LA HUIDA"},"content":{"rendered":"<div dir=\"ltr\">LA HUIDA<\/div>\n<div dir=\"ltr\">\u00a0 \u00a0 \u201cHoy a mediod\u00eda voy a anunciar mi renuncia al acta de diputado, por razones personales y familiares\u00bb.<\/div>\n<div dir=\"ltr\">\u00a0 \u00a0 El lunes d\u00eda 7 de Agos el Sr. Espinosa de los Monteros se desped\u00eda del Parlamento espa\u00f1ol, de sus adl\u00e1teres del partido menguante VOX y del resto de los espa\u00f1oles, aficionados o no a la cosa pol\u00edtica.<\/div>\n<div dir=\"ltr\">Aunque sea agosto, no es una llamada\u201d serpientes de verano\u201d, noticias que sin llegar a ser falsas eran de orden m\u00e1s liviano y que generaban dudas sobre su veracidad, esta del pol\u00edtico que dice adi\u00f3s es cierta.<\/div>\n<div dir=\"ltr\">Tambi\u00e9n es cierta la noticia del que hasta hace poco el partido del \u201csi es si\u201d, el de Podemos, iniciaba un ERE cerrando algunas sedes por falta del numerario l\u00e1cteo surgido de la teta del Estado.<\/div>\n<div dir=\"ltr\">Los n\u00fameros no dan porque los votos han sido menos y eso disminuye la cantidad de dineros procedentes del Estado, o sea de usted y yo mismo.<\/div>\n<div dir=\"ltr\">\u201cMasa ca\u00e7adors para el mateix conill\u201d entend\u00ed yo a una respetada anciana cuando yo a la saz\u00f3n quise venderle algo. \u00bfQu\u00e9 quer\u00eda vender? Qu\u00e9 m\u00e1s da. El caso es que no lo vend\u00ed.<\/div>\n<div dir=\"ltr\">Lo que parece evidente es que las afiliaciones de militantes van y vienen como un vaiv\u00e9n de aquellos vagones de feria que se balanceaban atr\u00e1s y adelante desplazando, con gritos incluidos, a quienes los llenaban. Era la Feria.<\/div>\n<div dir=\"ltr\">Parece que en esto de la pol\u00edtica pasa igual. En funci\u00f3n de los resultados unos van y otros vienen al calor de las posibilidades. Es una margarita.<\/div>\n<div dir=\"ltr\">Hay gentes que no necesitan del salario estatal y se van a sus cosas. Yo creo que no solo es eso. Se dice que las \u201cpalomas\u201d de los partidos, esas gentes que dicen que lo mejor es el pacto y que torean los problemas, enfrent\u00e1ndose ladinamente a los llamados \u201chalcones\u201d que claman por la acci\u00f3n directa. Los \u201cpalomas \u201curden el tejido de la fatiga del otro bando mediante el sencillo arte de conspirar para seguir o escalar.<\/div>\n<div dir=\"ltr\">A mi que el Sr. Espinosa se vaya me da igual, como me dio igual que se fuera la Sra. Olona.<\/div>\n<div dir=\"ltr\">A mi me preocupa Puigdemont que tiene una lista de los reyes Magos separatistas. \u00bfEl17 la soluci\u00f3n?<\/div>\n","protected":false},"excerpt":{"rendered":"<p>LA HUIDA \u00a0 \u00a0 \u201cHoy a mediod\u00eda voy a anunciar mi renuncia al acta de diputado, por razones personales y familiares\u00bb. \u00a0 \u00a0 El lunes d\u00eda 7 de Agos el Sr. Espinosa de los Monteros se desped\u00eda del Parlamento espa\u00f1ol, de sus adl\u00e1teres del partido menguante VOX y del resto de los espa\u00f1oles, aficionados o [&hellip;]<\/p>\n","protected":false},"author":7,"featured_media":0,"comment_status":"closed","ping_status":"closed","sticky":false,"template":"","format":"standard","meta":[],"categories":[1],"tags":[],"_links":{"self":[{"href":"https:\/\/blogs.lasprovincias.es\/carlospajuelo\/wp-json\/wp\/v2\/posts\/5445"}],"collection":[{"href":"https:\/\/blogs.lasprovincias.es\/carlospajuelo\/wp-json\/wp\/v2\/posts"}],"about":[{"href":"https:\/\/blogs.lasprovincias.es\/carlospajuelo\/wp-json\/wp\/v2\/types\/post"}],"author":[{"embeddable":true,"href":"https:\/\/blogs.lasprovincias.es\/carlospajuelo\/wp-json\/wp\/v2\/users\/7"}],"replies":[{"embeddable":true,"href":"https:\/\/blogs.lasprovincias.es\/carlospajuelo\/wp-json\/wp\/v2\/comments?post=5445"}],"version-history":[{"count":1,"href":"https:\/\/blogs.lasprovincias.es\/carlospajuelo\/wp-json\/wp\/v2\/posts\/5445\/revisions"}],"predecessor-version":[{"id":5446,"href":"https:\/\/blogs.lasprovincias.es\/carlospajuelo\/wp-json\/wp\/v2\/posts\/5445\/revisions\/5446"}],"wp:attachment":[{"href":"https:\/\/blogs.lasprovincias.es\/carlospajuelo\/wp-json\/wp\/v2\/media?parent=5445"}],"wp:term":[{"taxonomy":"category","embeddable":true,"href":"https:\/\/blogs.lasprovincias.es\/carlospajuelo\/wp-json\/wp\/v2\/categories?post=5445"},{"taxonomy":"post_tag","embeddable":true,"href":"https:\/\/blogs.lasprovincias.es\/carlospajuelo\/wp-json\/wp\/v2\/tags?post=5445"}],"curies":[{"name":"wp","href":"https:\/\/api.w.org\/{rel}","templated":true}]}}