{"id":5448,"date":"2023-08-19T17:05:02","date_gmt":"2023-08-19T17:05:02","guid":{"rendered":"https:\/\/blogs.lasprovincias.es\/carlospajuelo\/?p=5448"},"modified":"2023-08-19T17:05:02","modified_gmt":"2023-08-19T17:05:02","slug":"tetas-amaral","status":"publish","type":"post","link":"https:\/\/blogs.lasprovincias.es\/carlospajuelo\/2023\/08\/19\/tetas-amaral\/","title":{"rendered":"TETAS AMARAL"},"content":{"rendered":"<div dir=\"ltr\">TETAS AMARAL<\/div>\n<div dir=\"ltr\">Eva Amaral reivindica a las mujeres al mostrar el pecho en un concierto: &#8220;Por qu\u00e9 nadie nos pueda arrebatar la dignidad de nuestra desnudez\u201d.<\/div>\n<div dir=\"ltr\">Personalmente creo que sin tetas si hay para\u00edso y este se puede encontrar m\u00e1s all\u00e1 de los pezones.<\/div>\n<div dir=\"ltr\">El que un guardia suba a un escenario en Murcia y obligue a taparse suena a estramb\u00f3tico en estos tiempos y extra\u00f1o su proceder.<\/div>\n<div dir=\"ltr\">No sabemos si fue por iniciativa propia o siguiendo las ordenanzas de la conferencia episcopal, rama murciana.<\/div>\n<div dir=\"ltr\">Hoy solo con pasearse por cualquier playa mediterr\u00e1nea te hartas de ver pechos al aire y bikini-braga siguiendo la hendidura de las posaderas de tal o cual se\u00f1ora.<\/div>\n<div dir=\"ltr\">No he visto ninguna dama al desnudo quejarse de que alguien le arrebate la dignidad. Tambi\u00e9n comprendo que es imprescindible hacer frases encima de un escenario y tener gestos. Lo acepto, pero menos teatro, por favor.<\/div>\n<div dir=\"ltr\">Por fortuna ya no existe la moral a caballo que era comida diaria de los a\u00f1os 50 cuando te se\u00f1alaban por llevar el tirante del ba\u00f1ador bajado. Yo lo he visto y mi pobre padre lo sufri\u00f3 junto a otros padres del contorno.<\/div>\n<div dir=\"ltr\">Sin ir m\u00e1s lejos en Nazaret, donde una valla nos separaba del balneario de Benimar. Cosas del pasado.<\/div>\n<div dir=\"ltr\">Qu la se\u00f1ora de Amaral ense\u00f1e sus tetas como si fuera la revoluci\u00f3n de los marineros del Potemkin me da risa.<\/div>\n<div dir=\"ltr\">Supongo que cada uno lleva el concepto de dignidad en alguna parte de su ente cuerpo-alma.<\/div>\n<div dir=\"ltr\">En el caso veraniego que ,me ocupa de unas tetas al aire, mostradas en un acto teatral de quitarse una chaquetilla de lentejuelas, al estilo de un torero que se enfrenta al toro \u00b7\u201dd\u00e1ndolo todo\u201d, la cantante ha logrado escalar por unos segundos la atenci\u00f3n de sus seguidores y alguien m\u00e1s y de esta manera lograr volver a una especie de lista o ranquin de cds o estar en YouTube\u00a0 ,porque a lo mejor hab\u00eda deca\u00eddo un poco consecuencia del tiempo que transcurre entre el estreno de un grupo, del \u00e9xito y de su normal \u201cpaso de la moda\u201d.<\/div>\n<div dir=\"ltr\">Creo que ya est\u00e1 bien con este feminismo a ultranza.<\/div>\n","protected":false},"excerpt":{"rendered":"<p>TETAS AMARAL Eva Amaral reivindica a las mujeres al mostrar el pecho en un concierto: &#8220;Por qu\u00e9 nadie nos pueda arrebatar la dignidad de nuestra desnudez\u201d. Personalmente creo que sin tetas si hay para\u00edso y este se puede encontrar m\u00e1s all\u00e1 de los pezones. El que un guardia suba a un escenario en Murcia y [&hellip;]<\/p>\n","protected":false},"author":7,"featured_media":0,"comment_status":"closed","ping_status":"closed","sticky":false,"template":"","format":"standard","meta":[],"categories":[1],"tags":[],"_links":{"self":[{"href":"https:\/\/blogs.lasprovincias.es\/carlospajuelo\/wp-json\/wp\/v2\/posts\/5448"}],"collection":[{"href":"https:\/\/blogs.lasprovincias.es\/carlospajuelo\/wp-json\/wp\/v2\/posts"}],"about":[{"href":"https:\/\/blogs.lasprovincias.es\/carlospajuelo\/wp-json\/wp\/v2\/types\/post"}],"author":[{"embeddable":true,"href":"https:\/\/blogs.lasprovincias.es\/carlospajuelo\/wp-json\/wp\/v2\/users\/7"}],"replies":[{"embeddable":true,"href":"https:\/\/blogs.lasprovincias.es\/carlospajuelo\/wp-json\/wp\/v2\/comments?post=5448"}],"version-history":[{"count":1,"href":"https:\/\/blogs.lasprovincias.es\/carlospajuelo\/wp-json\/wp\/v2\/posts\/5448\/revisions"}],"predecessor-version":[{"id":5449,"href":"https:\/\/blogs.lasprovincias.es\/carlospajuelo\/wp-json\/wp\/v2\/posts\/5448\/revisions\/5449"}],"wp:attachment":[{"href":"https:\/\/blogs.lasprovincias.es\/carlospajuelo\/wp-json\/wp\/v2\/media?parent=5448"}],"wp:term":[{"taxonomy":"category","embeddable":true,"href":"https:\/\/blogs.lasprovincias.es\/carlospajuelo\/wp-json\/wp\/v2\/categories?post=5448"},{"taxonomy":"post_tag","embeddable":true,"href":"https:\/\/blogs.lasprovincias.es\/carlospajuelo\/wp-json\/wp\/v2\/tags?post=5448"}],"curies":[{"name":"wp","href":"https:\/\/api.w.org\/{rel}","templated":true}]}}