{"id":5451,"date":"2023-08-26T08:21:03","date_gmt":"2023-08-26T08:21:03","guid":{"rendered":"https:\/\/blogs.lasprovincias.es\/carlospajuelo\/?p=5451"},"modified":"2023-08-26T08:21:03","modified_gmt":"2023-08-26T08:21:03","slug":"animando-el-cotarro","status":"publish","type":"post","link":"https:\/\/blogs.lasprovincias.es\/carlospajuelo\/2023\/08\/26\/animando-el-cotarro\/","title":{"rendered":"ANIMANDO EL COTARRO"},"content":{"rendered":"<div dir=\"ltr\">ANIMANDO EL COTARRO<\/div>\n<div dir=\"ltr\">Se ve que la cosa est\u00e1 en materia de nervios desatada. me refiero no solo al asunto de la investidura y sus consecuencias. El Rey ha optado por la raz\u00f3n objetiva. Usted pres\u00e9ntese aqu\u00ed con lo que tiene pactado y as\u00ed me dar\u00e9 por enterado y no solo me diga que lo tiene y que luego los que han pactado no vengan por aqu\u00ed a corroborar. \u00a1No es eso! \u00a1No es eso!<\/div>\n<div dir=\"ltr\">Ya se ver\u00e1 el 26 y el 27.<\/div>\n<div dir=\"ltr\">Vuelvo a la ciudad. De momento el Ayuntamiento desea animar a los mercados municipales y pone a subasta del orden de 300 puestos mayormente destinado al pescado.<\/div>\n<div dir=\"ltr\">Se ve que comemos poco pescado y es que est\u00e1 por las nubes como ya se\u00f1alaba nuestro insigne e internacional pintor Sorolla con aquello de \u201cque luego dicen que est\u00e1 el pescado caro\u201d y tambi\u00e9n digo yo ser\u00e1n puestos para frutas, verduras etc.<\/div>\n<div dir=\"ltr\">Se nota que hay mucho cierre.<\/div>\n<div dir=\"ltr\">El caso es que mientras llegas a cualquiera de los mercados te tropiezas con diez fruter\u00edas, regidas por personas que quiz\u00e1s tienen alguna ventaja fiscal, permisiva etc. por ser extranjeros. Digo yo.\u00a0 Est\u00e1 bien. Me alegro por ellos. Creo que adem\u00e1s de subastar el sitio, quiz\u00e1s una pol\u00edtica de revisi\u00f3n de precios ser\u00eda de gran inter\u00e9s.<\/div>\n<div dir=\"ltr\">Sin embargo, en Espa\u00f1a ahora el que da juego es Rubiales. Ya no. Adios.<\/div>\n<div dir=\"ltr\">Mi amigo Jos\u00e9 Mar\u00eda que me ha enviado unas fotos donde se ve a Yolanda Diaz amarrando a qui\u00e9n se pone por delante con las manos en la nuca del oponente y plant\u00e1ndole dos besos por mejilla. Y ah\u00ed est\u00e1.<\/div>\n<div dir=\"ltr\">Ni el besado, v\u00eda Diaz, ni Jenny \u201cla campeona\u201d, les han hecho la cobra.<\/div>\n<div dir=\"ltr\">Este Rubiales parece ser un salido y se concentraba mayormente en las damas campeonas a las que besa y alza por las corvas sobre su hombro.<\/div>\n<div dir=\"ltr\">No lo he visto darse el pico con ninguna vetusta espectadora. Adem\u00e1s, seg\u00fan he visto, se tocaba sus partes a modo, cuando alguien hac\u00eda una buena jugada. Ya no.<\/div>\n<div dir=\"ltr\">Se olvidaba el protocolo con la reina all\u00ed a 50 cent\u00edmetros y el t\u00edo rasc\u00e1ndose las pelotas. Ya no.<\/div>\n<div dir=\"ltr\">No se sacaba mocos de la nariz por tener las manos ocupadas. Adios.<\/div>\n","protected":false},"excerpt":{"rendered":"<p>ANIMANDO EL COTARRO Se ve que la cosa est\u00e1 en materia de nervios desatada. me refiero no solo al asunto de la investidura y sus consecuencias. El Rey ha optado por la raz\u00f3n objetiva. Usted pres\u00e9ntese aqu\u00ed con lo que tiene pactado y as\u00ed me dar\u00e9 por enterado y no solo me diga que lo [&hellip;]<\/p>\n","protected":false},"author":7,"featured_media":0,"comment_status":"closed","ping_status":"closed","sticky":false,"template":"","format":"standard","meta":[],"categories":[1],"tags":[],"_links":{"self":[{"href":"https:\/\/blogs.lasprovincias.es\/carlospajuelo\/wp-json\/wp\/v2\/posts\/5451"}],"collection":[{"href":"https:\/\/blogs.lasprovincias.es\/carlospajuelo\/wp-json\/wp\/v2\/posts"}],"about":[{"href":"https:\/\/blogs.lasprovincias.es\/carlospajuelo\/wp-json\/wp\/v2\/types\/post"}],"author":[{"embeddable":true,"href":"https:\/\/blogs.lasprovincias.es\/carlospajuelo\/wp-json\/wp\/v2\/users\/7"}],"replies":[{"embeddable":true,"href":"https:\/\/blogs.lasprovincias.es\/carlospajuelo\/wp-json\/wp\/v2\/comments?post=5451"}],"version-history":[{"count":1,"href":"https:\/\/blogs.lasprovincias.es\/carlospajuelo\/wp-json\/wp\/v2\/posts\/5451\/revisions"}],"predecessor-version":[{"id":5452,"href":"https:\/\/blogs.lasprovincias.es\/carlospajuelo\/wp-json\/wp\/v2\/posts\/5451\/revisions\/5452"}],"wp:attachment":[{"href":"https:\/\/blogs.lasprovincias.es\/carlospajuelo\/wp-json\/wp\/v2\/media?parent=5451"}],"wp:term":[{"taxonomy":"category","embeddable":true,"href":"https:\/\/blogs.lasprovincias.es\/carlospajuelo\/wp-json\/wp\/v2\/categories?post=5451"},{"taxonomy":"post_tag","embeddable":true,"href":"https:\/\/blogs.lasprovincias.es\/carlospajuelo\/wp-json\/wp\/v2\/tags?post=5451"}],"curies":[{"name":"wp","href":"https:\/\/api.w.org\/{rel}","templated":true}]}}