{"id":5454,"date":"2023-09-02T07:02:27","date_gmt":"2023-09-02T07:02:27","guid":{"rendered":"https:\/\/blogs.lasprovincias.es\/carlospajuelo\/?p=5454"},"modified":"2023-09-02T07:02:27","modified_gmt":"2023-09-02T07:02:27","slug":"el-boligrafo-de-aznar","status":"publish","type":"post","link":"https:\/\/blogs.lasprovincias.es\/carlospajuelo\/2023\/09\/02\/el-boligrafo-de-aznar\/","title":{"rendered":"EL BOLIGRAFO DE AZNAR"},"content":{"rendered":"<div dir=\"ltr\">EL BOL\u00cdGRAFO DE AZNAR<\/div>\n<div dir=\"ltr\">\u00a0\u00a0\u00a0 Pese a que el asunto de la investidura est\u00e1 en tr\u00e1mites de nada; digo nada porque nada est\u00e1 claro, salvo la oferta del candidato del PP rechazada por el PSOE, las noticias que cubren nuestro pa\u00eds giran sobre si s\u00ed o si no mandan a casa al presidente de lo del Futbol, el Sr. Rubiales.<\/div>\n<div dir=\"ltr\">\u00a0\u00a0\u00a0 De momento sabemos que la FIFA lo ha suspendido y le han retirado el coche el m\u00f3vil, el sueldo y supongo que algo m\u00e1s.<\/div>\n<div dir=\"ltr\">\u00a0\u00a0\u00a0 Lo realmente curioso de este sobredimensionado asunto es que la madre de este se\u00f1or ha decidido inmolarse en nombre de la injusticia que, seg\u00fan ella, se est\u00e1 consumando contra la carne de sus entra\u00f1as.<\/div>\n<div dir=\"ltr\">\u00a0\u00a0\u00a0 Una madre siempre es admirable y se sabe que algunas madres de asesinos confesos se niegan a aceptar los hechos y rompen una lanza a su favor.<\/div>\n<div dir=\"ltr\">Es lo mismo, digo yo, que cuando se hacen procesiones o rezos intensos para clamar por la lluvia que no llega.<\/div>\n<div dir=\"ltr\">\u00a0\u00a0\u00a0 Puede que sea irreverente, pero ya que est\u00e1 encerrada en huelga de hambre, por cierto, podr\u00eda dedicarle un tiempo a lo de la lluvia y as\u00ed completamos el cuadro de opiniones que no faltan.<\/div>\n<div dir=\"ltr\">Hasta un periodista brit\u00e1nico ha dado en decir que el asunto este del encierro es \u201cpuro Almod\u00f3var\u201d. \u00a1Qui\u00e9n sabe si el ingl\u00e9s tiene raz\u00f3n!<\/div>\n<div dir=\"ltr\">\u00a0\u00a0\u00a0 He le\u00eddo que la periodista Carmen Chaparro cuenta una an\u00e9cdota relacionada con una entrevista que le hicieron al entonces presidente del Gobierno el Sr. Aznar al que se le ocurri\u00f3, dice la que lo cuenta, poner el bol\u00edgrafo de la entrevistadora en el canalillo que conduce y separa los pechos.<\/div>\n<div dir=\"ltr\">\u00a0\u00a0\u00a0 \u00bfQu\u00e9 hubiera ocurrido si la compa\u00f1era hubiera sacado de su canalillo el bol\u00edgrafo y con suma delicadeza se lo hubiera colocado entre el segundo y cuarto bot\u00f3n de la bragueta que por mucho presidente que fuese no es distinto el contenido interior que deb\u00eda tener el mismo aspecto y situaci\u00f3n que un obrero de la construcci\u00f3n, aunque quiz\u00e1s menos tama\u00f1o?<\/div>\n<div dir=\"ltr\">\u00a0\u00a0\u00a0 No exist\u00eda todav\u00eda el movimiento \u00a1\u201d Me too\u201d.<\/div>\n<div dir=\"ltr\">\u00a0\u00a0\u00a0 No estoy a favor del fogoso Sr. Rubiales y tampoco, de su salario, pero hacer este circo no mejora la democracia. Sugiero a la madre que vuelva a casa antes de Navidad.<\/div>\n","protected":false},"excerpt":{"rendered":"<p>EL BOL\u00cdGRAFO DE AZNAR \u00a0\u00a0\u00a0 Pese a que el asunto de la investidura est\u00e1 en tr\u00e1mites de nada; digo nada porque nada est\u00e1 claro, salvo la oferta del candidato del PP rechazada por el PSOE, las noticias que cubren nuestro pa\u00eds giran sobre si s\u00ed o si no mandan a casa al presidente de lo [&hellip;]<\/p>\n","protected":false},"author":7,"featured_media":0,"comment_status":"closed","ping_status":"closed","sticky":false,"template":"","format":"standard","meta":[],"categories":[1],"tags":[],"_links":{"self":[{"href":"https:\/\/blogs.lasprovincias.es\/carlospajuelo\/wp-json\/wp\/v2\/posts\/5454"}],"collection":[{"href":"https:\/\/blogs.lasprovincias.es\/carlospajuelo\/wp-json\/wp\/v2\/posts"}],"about":[{"href":"https:\/\/blogs.lasprovincias.es\/carlospajuelo\/wp-json\/wp\/v2\/types\/post"}],"author":[{"embeddable":true,"href":"https:\/\/blogs.lasprovincias.es\/carlospajuelo\/wp-json\/wp\/v2\/users\/7"}],"replies":[{"embeddable":true,"href":"https:\/\/blogs.lasprovincias.es\/carlospajuelo\/wp-json\/wp\/v2\/comments?post=5454"}],"version-history":[{"count":1,"href":"https:\/\/blogs.lasprovincias.es\/carlospajuelo\/wp-json\/wp\/v2\/posts\/5454\/revisions"}],"predecessor-version":[{"id":5455,"href":"https:\/\/blogs.lasprovincias.es\/carlospajuelo\/wp-json\/wp\/v2\/posts\/5454\/revisions\/5455"}],"wp:attachment":[{"href":"https:\/\/blogs.lasprovincias.es\/carlospajuelo\/wp-json\/wp\/v2\/media?parent=5454"}],"wp:term":[{"taxonomy":"category","embeddable":true,"href":"https:\/\/blogs.lasprovincias.es\/carlospajuelo\/wp-json\/wp\/v2\/categories?post=5454"},{"taxonomy":"post_tag","embeddable":true,"href":"https:\/\/blogs.lasprovincias.es\/carlospajuelo\/wp-json\/wp\/v2\/tags?post=5454"}],"curies":[{"name":"wp","href":"https:\/\/api.w.org\/{rel}","templated":true}]}}