{"id":5457,"date":"2023-09-10T15:26:08","date_gmt":"2023-09-10T15:26:08","guid":{"rendered":"https:\/\/blogs.lasprovincias.es\/carlospajuelo\/?p=5457"},"modified":"2023-09-10T15:26:08","modified_gmt":"2023-09-10T15:26:08","slug":"desmarcarse","status":"publish","type":"post","link":"https:\/\/blogs.lasprovincias.es\/carlospajuelo\/2023\/09\/10\/desmarcarse\/","title":{"rendered":"DESMARCARSE"},"content":{"rendered":"<div dir=\"ltr\">DESMARCARSE<\/div>\n<div dir=\"ltr\">El concepto que incluye el titular de la columna lo deja bien claro.<\/div>\n<div dir=\"ltr\"><\/div>\n<div dir=\"ltr\">Apartarse o distanciarse [una persona] de la forma de pensar o de actuar del resto de un grupo, un partido o una sociedad.<\/div>\n<div dir=\"ltr\">Digo esto a prop\u00f3sito del viaje de la vicepresidenta del Gobierno a Bruselas a tomarse un caf\u00e9 \u201camniastador\u201d con el pr\u00f3fugo de la justicia espa\u00f1ola el Sr. Puigdemont con objeto de explorar juntos caminos que bordean, o que conculcan, directamente la Constituci\u00f3n vigente en Espa\u00f1a.<\/div>\n<div dir=\"ltr\">El PSOE dice que se desmarca. Dice que se trata de una iniciativa de SUMAR y de car\u00e1cter estrictamente partidista.<\/div>\n<div dir=\"ltr\">Se ve que una ma\u00f1ana al despertarse y estando su agenda vac\u00eda de besos que repartir, Do\u00f1a Yolanda se dijo: \u201cY si me voy a Bruselas a ver que dice ese que llaman \u201cpuidemon\u201d y me consigo un \u00e9xito que garantice los votos para que \u201cmi presidente\u201d salga vencedor.<\/div>\n<div dir=\"ltr\">Con un golpe de suerte y dos besos colocados me subo m\u00e1s al carro del estado. \u00a1Ay, Yolanda que se te ve el plumero!<\/div>\n<div dir=\"ltr\">Ni el propio exalcalde primero, presidente por segundos de la Generalitat catalana, falso pronunciador de la rep\u00fablica con la boca peque\u00f1a,\u00a0 corredor de fondo en maletero de coche hasta m\u00e1s all\u00e1 de la frontera espa\u00f1ola, profugo y un nuevo\u00a0 pronunciador del hist\u00f3rico \u201cJa soc aqui\u201d y encastillado en el exquisito lugar de Waterloo, hubiera so\u00f1ado con la oportunidad de entrevistarse con una representante del Gobierno de Espa\u00f1a en calidad de vicepresidenta que se ve , dicen , que lo ha hecho por su cuenta y riesgo . \u00a1Ja,ja!<\/div>\n<div dir=\"ltr\">El partido socialista se\u00f1ala algunos de sus prebostes se ha desmarcado de ese viaje.<\/div>\n<div dir=\"ltr\">Me he mirado esta ma\u00f1ana al espejo para enterarme s\u00ed soy m\u00e1s idiota de lo que yo ya ven\u00eda creyendo sobre m\u00ed mismo y en efecto: soy m\u00e1s idiota o quiz\u00e1s un poco m\u00e1s est\u00fapido.<\/div>\n<div dir=\"ltr\">Ver las fotos de la reuni\u00f3n donde Do\u00f1a Yolanda llena de sonrisas y quiz\u00e1s repartiendo besos a diestro y siniestro promete la amnist\u00eda y explora la autodeterminaci\u00f3n me fascina.<\/div>\n<div dir=\"ltr\">Estoy tranquilo porque me pasas como algunos millones de espa\u00f1oles que se chupan como yo el dedo.<\/div>\n<div dir=\"ltr\">\u00bfHasta cu\u00e1ndo? Usar la Constituci\u00f3n para limpiarse el culo es un delito.<\/div>\n","protected":false},"excerpt":{"rendered":"<p>DESMARCARSE El concepto que incluye el titular de la columna lo deja bien claro. Apartarse o distanciarse [una persona] de la forma de pensar o de actuar del resto de un grupo, un partido o una sociedad. Digo esto a prop\u00f3sito del viaje de la vicepresidenta del Gobierno a Bruselas a tomarse un caf\u00e9 \u201camniastador\u201d [&hellip;]<\/p>\n","protected":false},"author":7,"featured_media":0,"comment_status":"closed","ping_status":"closed","sticky":false,"template":"","format":"standard","meta":[],"categories":[1],"tags":[],"_links":{"self":[{"href":"https:\/\/blogs.lasprovincias.es\/carlospajuelo\/wp-json\/wp\/v2\/posts\/5457"}],"collection":[{"href":"https:\/\/blogs.lasprovincias.es\/carlospajuelo\/wp-json\/wp\/v2\/posts"}],"about":[{"href":"https:\/\/blogs.lasprovincias.es\/carlospajuelo\/wp-json\/wp\/v2\/types\/post"}],"author":[{"embeddable":true,"href":"https:\/\/blogs.lasprovincias.es\/carlospajuelo\/wp-json\/wp\/v2\/users\/7"}],"replies":[{"embeddable":true,"href":"https:\/\/blogs.lasprovincias.es\/carlospajuelo\/wp-json\/wp\/v2\/comments?post=5457"}],"version-history":[{"count":1,"href":"https:\/\/blogs.lasprovincias.es\/carlospajuelo\/wp-json\/wp\/v2\/posts\/5457\/revisions"}],"predecessor-version":[{"id":5458,"href":"https:\/\/blogs.lasprovincias.es\/carlospajuelo\/wp-json\/wp\/v2\/posts\/5457\/revisions\/5458"}],"wp:attachment":[{"href":"https:\/\/blogs.lasprovincias.es\/carlospajuelo\/wp-json\/wp\/v2\/media?parent=5457"}],"wp:term":[{"taxonomy":"category","embeddable":true,"href":"https:\/\/blogs.lasprovincias.es\/carlospajuelo\/wp-json\/wp\/v2\/categories?post=5457"},{"taxonomy":"post_tag","embeddable":true,"href":"https:\/\/blogs.lasprovincias.es\/carlospajuelo\/wp-json\/wp\/v2\/tags?post=5457"}],"curies":[{"name":"wp","href":"https:\/\/api.w.org\/{rel}","templated":true}]}}