{"id":5462,"date":"2023-09-20T14:28:58","date_gmt":"2023-09-20T14:28:58","guid":{"rendered":"https:\/\/blogs.lasprovincias.es\/carlospajuelo\/?p=5462"},"modified":"2023-09-20T14:28:58","modified_gmt":"2023-09-20T14:28:58","slug":"inflacion-y-reduflacion","status":"publish","type":"post","link":"https:\/\/blogs.lasprovincias.es\/carlospajuelo\/2023\/09\/20\/inflacion-y-reduflacion\/","title":{"rendered":"INFLACI\u00d3N Y REDUFLACI\u00d3N"},"content":{"rendered":"<div dir=\"ltr\">INFLACI\u00d3N Y \u201cREDUFLACI\u00d3N\u201d<\/div>\n<div dir=\"ltr\">\u00a0 \u00a0 Son palabras que vas incorporando a tu l\u00e9xico diario y que antes eran pura fantas\u00eda de especialistas- como eso, de las Danas que nos anuncian d\u00eda s\u00ed y d\u00eda no , en una especie de guerra medi\u00e1tica entre un se\u00f1or que mira las flores, las nubes y el comportamiento de los animales y los f\u00edsicos de radares, progresiones, c\u00e1lculo de probabilidades etc. Sacas el paraguas y nada. No lo sacas y se \u201cchop\u00e1 hasta la moma\u201d.<\/div>\n<div dir=\"ltr\">Quejas al maestro armero, que se dec\u00eda.<\/div>\n<div dir=\"ltr\">\u00a0 \u00a0 Enseguida entro en materia, pero antes les comento que mi amigo Paco el \u201cagricultor\u201d ,en cuanto ve\u00eda a las moscas estar m\u00e1s pesadas, pegajosas ,aunque no fueran de las conocidas como \u201cmoscas cojoneras\u201d, me dec\u00eda sentenciosamente \u201cdem\u00e1\u00a0 plour\u00e1\u201d- Ch\u00e9 y llov\u00eda.<\/div>\n<div dir=\"ltr\">\u00a0 \u00a0 Vuelvo al titular. Lo de la inflaci\u00f3n ha sido asumido como normal en el lenguaje de cada d\u00eda. Suben los precios y el salario no. \u00a1Toma ya!<\/div>\n<div dir=\"ltr\">\u00a0 \u00a0 Pero h\u00e9teme aqu\u00ed que los listos de las multinacionales y locales en una reuni\u00f3n de esas creativas. han dado con una clave que se traduce en \u201cno tocar el precio, pero poner menos producto\u201d, y otro listo lo ha bautizado con el extra\u00f1o nombre de \u201creduflaci\u00f3n\u201d.<\/div>\n<div dir=\"ltr\">\u00a0 \u00a0 Durante un tiempo nos hemos chupado el dedo, aunque algunos como mi amigo Juli\u00e1n llev\u00f3 a\u00f1os contando las cerillas de una caja y muchas veces faltaban unidades y el estanquero dec\u00eda que \u201ca mi plim\u201d.Juli\u00e1n era un experto en seguir la pista a todo y siempre llevaba un ejemplar de la Constituci\u00f3n\u00a0 en el bolsillo y cuando iba a viajar le hac\u00edan vaciarse por si iba armado y solo llevaba la Constituci\u00f3n y no como otros que solo llevan pa\u00f1uelo para secarse la baba. Cosas.<\/div>\n<div dir=\"ltr\">\u00a0 \u00a0 Ahora Juli\u00e1n no lleva nada porque se ha dado cuenta que es mayor y que casi nada aqu\u00ed sirve para nada.<\/div>\n<div dir=\"ltr\">\u00a0 \u00a0 Soy franc\u00f3fono por la Revoluci\u00f3n francesa ,que me toc\u00f3 en un examen y la estudi\u00e9 mucho y por eso se me ha quedado y tambi\u00e9n por madame Borne ,primera ministra ,que se ha quedado con lo de la reduflaci\u00f3n y a partir de Noviembre obligar\u00e1 a las empresas a poner la verdad de los contenidos en peso a las industrias.<\/div>\n<div dir=\"ltr\">Nos adelantan una vez m\u00e1s.<\/div>\n","protected":false},"excerpt":{"rendered":"<p>INFLACI\u00d3N Y \u201cREDUFLACI\u00d3N\u201d \u00a0 \u00a0 Son palabras que vas incorporando a tu l\u00e9xico diario y que antes eran pura fantas\u00eda de especialistas- como eso, de las Danas que nos anuncian d\u00eda s\u00ed y d\u00eda no , en una especie de guerra medi\u00e1tica entre un se\u00f1or que mira las flores, las nubes y el comportamiento de [&hellip;]<\/p>\n","protected":false},"author":7,"featured_media":0,"comment_status":"closed","ping_status":"closed","sticky":false,"template":"","format":"standard","meta":[],"categories":[1],"tags":[],"_links":{"self":[{"href":"https:\/\/blogs.lasprovincias.es\/carlospajuelo\/wp-json\/wp\/v2\/posts\/5462"}],"collection":[{"href":"https:\/\/blogs.lasprovincias.es\/carlospajuelo\/wp-json\/wp\/v2\/posts"}],"about":[{"href":"https:\/\/blogs.lasprovincias.es\/carlospajuelo\/wp-json\/wp\/v2\/types\/post"}],"author":[{"embeddable":true,"href":"https:\/\/blogs.lasprovincias.es\/carlospajuelo\/wp-json\/wp\/v2\/users\/7"}],"replies":[{"embeddable":true,"href":"https:\/\/blogs.lasprovincias.es\/carlospajuelo\/wp-json\/wp\/v2\/comments?post=5462"}],"version-history":[{"count":1,"href":"https:\/\/blogs.lasprovincias.es\/carlospajuelo\/wp-json\/wp\/v2\/posts\/5462\/revisions"}],"predecessor-version":[{"id":5463,"href":"https:\/\/blogs.lasprovincias.es\/carlospajuelo\/wp-json\/wp\/v2\/posts\/5462\/revisions\/5463"}],"wp:attachment":[{"href":"https:\/\/blogs.lasprovincias.es\/carlospajuelo\/wp-json\/wp\/v2\/media?parent=5462"}],"wp:term":[{"taxonomy":"category","embeddable":true,"href":"https:\/\/blogs.lasprovincias.es\/carlospajuelo\/wp-json\/wp\/v2\/categories?post=5462"},{"taxonomy":"post_tag","embeddable":true,"href":"https:\/\/blogs.lasprovincias.es\/carlospajuelo\/wp-json\/wp\/v2\/tags?post=5462"}],"curies":[{"name":"wp","href":"https:\/\/api.w.org\/{rel}","templated":true}]}}