{"id":5469,"date":"2023-10-05T07:44:25","date_gmt":"2023-10-05T07:44:25","guid":{"rendered":"https:\/\/blogs.lasprovincias.es\/carlospajuelo\/?p=5469"},"modified":"2023-10-05T07:44:25","modified_gmt":"2023-10-05T07:44:25","slug":"la-palmadita-2","status":"publish","type":"post","link":"https:\/\/blogs.lasprovincias.es\/carlospajuelo\/2023\/10\/05\/la-palmadita-2\/","title":{"rendered":"LA PALMADITA"},"content":{"rendered":"<div dir=\"ltr\">LA PALMADITA<\/div>\n<div dir=\"ltr\">Mis amigos Javier y Juanjo me dicen que los columnistas lo tenemos f\u00e1cil. Yo me resisto a aceptarlo, pero les doy la raz\u00f3n.<\/div>\n<div dir=\"ltr\">Todos los d\u00edas los sucesos que impactan est\u00e1n en primera plana.<\/div>\n<div dir=\"ltr\">Qu\u00e9 si la princesa est\u00e1 empezando la `parte dif\u00edcil de su instrucci\u00f3n militar, que, si el Barcelona club de futbol est\u00e1 incriminado en una trama corrupta por el caso Negreira, ese \u00e1rbitro que \u201cayudaba\u201d a ganar partidos, y as\u00ed un sinf\u00edn de noticias m\u00e1s por lo que resulta complejo saber que elegir y que, aun habiendo transcurrido hace d\u00edas y comentado por otros compa\u00f1eros de diario, siga siendo asunto de inter\u00e9s.<\/div>\n<div dir=\"ltr\">Ya lo tengo hoy. Me quedo con las palmaditas en el rostro del Sr. alcalde de Madrid a cargo de un concejal socialista, conocido por su inflamada forma de entender la pol\u00edtica, dado que el mismo se\u00f1or sugiri\u00f3 \u201carrancarle la cabeza\u201d a un miembro de la oposici\u00f3n.<\/div>\n<div dir=\"ltr\">Ha intentado disculparse y no lo ha conseguido y ha logrado que el jefe en la comunidad, un tal Sr. Lobato lo haya hecho.<\/div>\n<div dir=\"ltr\">El uso de la palmadita est\u00e1 muy extendido y seg\u00fan qui\u00e9n y donde puede tener diversas interpretaciones<\/div>\n<div dir=\"ltr\">Las palmaditas del concejal podr\u00edan ser un acto de cari\u00f1o y al serlo tres veces incluso amoroso, aunque la cara del alcalde no parec\u00eda expresar eso; ten\u00eda la cara como s\u00ed en vez de en la cara hubiera sido en sus genitales, que los ten\u00eda a cubierto `por la bancada.<\/div>\n<div dir=\"ltr\">\u00a0 \u00a0 A mi me han dado ayer unas palmaditas en mi encorvada espalda, al tiempo de un saludo afectuoso de \u00bfC\u00f3mo vas?\u00a0 Esas palmaditas son una muestra de afecto que yo correspond\u00ed con un toque al uso en el hombro.<\/div>\n<div dir=\"ltr\">\u00a0 \u00a0 Luego est\u00e1n las palmaditas libidinosas realizadas por el baboso de turno, aprovechando la multitud en cridas, actos religiosos en la Plaza de la Virgen o en la cola de un reparto de bocadillos gratis, en homenaje al candidato de algo, o en la barrera humana de cuatro en un \u201clunch\u201d que se llama.<\/div>\n<div dir=\"ltr\">\u00a0 \u00a0 Soy partidario de dejarse, como se dec\u00eda en el \u201cantigor\u201d, las manos en el culo y el culo en casa o tener en cuenta el refranero `popular. Juegos de manos juegos de villanos.<\/div>\n","protected":false},"excerpt":{"rendered":"<p>LA PALMADITA Mis amigos Javier y Juanjo me dicen que los columnistas lo tenemos f\u00e1cil. Yo me resisto a aceptarlo, pero les doy la raz\u00f3n. Todos los d\u00edas los sucesos que impactan est\u00e1n en primera plana. Qu\u00e9 si la princesa est\u00e1 empezando la `parte dif\u00edcil de su instrucci\u00f3n militar, que, si el Barcelona club de [&hellip;]<\/p>\n","protected":false},"author":7,"featured_media":0,"comment_status":"closed","ping_status":"closed","sticky":false,"template":"","format":"standard","meta":[],"categories":[1],"tags":[],"_links":{"self":[{"href":"https:\/\/blogs.lasprovincias.es\/carlospajuelo\/wp-json\/wp\/v2\/posts\/5469"}],"collection":[{"href":"https:\/\/blogs.lasprovincias.es\/carlospajuelo\/wp-json\/wp\/v2\/posts"}],"about":[{"href":"https:\/\/blogs.lasprovincias.es\/carlospajuelo\/wp-json\/wp\/v2\/types\/post"}],"author":[{"embeddable":true,"href":"https:\/\/blogs.lasprovincias.es\/carlospajuelo\/wp-json\/wp\/v2\/users\/7"}],"replies":[{"embeddable":true,"href":"https:\/\/blogs.lasprovincias.es\/carlospajuelo\/wp-json\/wp\/v2\/comments?post=5469"}],"version-history":[{"count":1,"href":"https:\/\/blogs.lasprovincias.es\/carlospajuelo\/wp-json\/wp\/v2\/posts\/5469\/revisions"}],"predecessor-version":[{"id":5470,"href":"https:\/\/blogs.lasprovincias.es\/carlospajuelo\/wp-json\/wp\/v2\/posts\/5469\/revisions\/5470"}],"wp:attachment":[{"href":"https:\/\/blogs.lasprovincias.es\/carlospajuelo\/wp-json\/wp\/v2\/media?parent=5469"}],"wp:term":[{"taxonomy":"category","embeddable":true,"href":"https:\/\/blogs.lasprovincias.es\/carlospajuelo\/wp-json\/wp\/v2\/categories?post=5469"},{"taxonomy":"post_tag","embeddable":true,"href":"https:\/\/blogs.lasprovincias.es\/carlospajuelo\/wp-json\/wp\/v2\/tags?post=5469"}],"curies":[{"name":"wp","href":"https:\/\/api.w.org\/{rel}","templated":true}]}}