{"id":5472,"date":"2023-10-14T07:16:40","date_gmt":"2023-10-14T07:16:40","guid":{"rendered":"https:\/\/blogs.lasprovincias.es\/carlospajuelo\/?p=5472"},"modified":"2023-10-14T07:16:40","modified_gmt":"2023-10-14T07:16:40","slug":"las-prioridades","status":"publish","type":"post","link":"https:\/\/blogs.lasprovincias.es\/carlospajuelo\/2023\/10\/14\/las-prioridades\/","title":{"rendered":"LAS PRIORIDADES"},"content":{"rendered":"<div dir=\"ltr\">LAS PRIORIDADES<\/div>\n<div dir=\"ltr\">\u00a0\u00a0\u00a0 Una prioridad es una necesidad perentoria que uno tiene y que no debe o no puede aplazar y se presiona a si mismo o a otros para intentar hacerla posible.<\/div>\n<div dir=\"ltr\">Hay diversas clases de prioridad y todos encontramos argumentos para que esta se convierta en acuciante trasladando la cuesti\u00f3n a otros para que se cumpla, para que se resuelva.<\/div>\n<div dir=\"ltr\">Sucede que cuando esta necesidad es algo personal que tiene que ver con la salud, por ejemplo, encuentra comprensi\u00f3n general y movemos todos los hilos que est\u00e1n a nuestro alcance para su soluci\u00f3n.<\/div>\n<div dir=\"ltr\">Llamamos por tel\u00e9fono, buscamos una cita a trav\u00e9s de terceros, buscamos la mediaci\u00f3n, nos presentamos sin cita previa, tan de moda hoy en d\u00eda, y forzamos la situaci\u00f3n. Todos los comprendemos, lo aceptamos y nos alegramos cuando te enteras de que se ha podido paliar el problema. Uno se solidariza de buen grado con ello.<\/div>\n<div dir=\"ltr\">Cuando esa prioridad se hace grupal, institucional los argumentos cambian y a unos les parece prioritario y a otros innecesario.<\/div>\n<div dir=\"ltr\">Muchas reivindicaciones territoriales se exhiben como prioritarias cuando no son m\u00e1s que la expresi\u00f3n de un deseo partidista que se fuerza aprovechando la debilidad de quien puede conceder la soluci\u00f3n.<\/div>\n<div dir=\"ltr\">Entrando de lleno en este asunto me quiero referir a lo que el presidente de la Generalitat catalana ha llamado prioridad y lo ha hecho en reuni\u00f3n con el presidente en funciones, el Dr. S\u00e1nchez.<\/div>\n<div dir=\"ltr\">Este que no duda en ceder ante cualquier petici\u00f3n ,venga de donde venga, con tal de asegurarse un voto que le permita seguir acost\u00e1ndose en el mismo colch\u00f3n monclovita que en su d\u00eda, dice, cambio por el de Rajoy que se lo dej\u00f3 en La Moncloa.<\/div>\n<div dir=\"ltr\">No veo, por otra parte, al registrador de la propiedad, que lo es el Sr. Rajoy ,haci\u00e9ndose con su colch\u00f3n y llev\u00e1ndoselo a su despacho para sestear all\u00ed-.<\/div>\n<div dir=\"ltr\">Hoy es la prioridad de tener embajadas en el exterior para mayor gloria de la Catalu\u00f1a universal y copio.<\/div>\n<div dir=\"ltr\">Lo cierto es que, en estos momentos, la Generalitat cuenta con una veintena de &#8217;embajadas&#8217; en el exterior, casi el doble de las que hab\u00eda antes de la aplicaci\u00f3n del art\u00edculo 155 de la Constituci\u00f3n, que las desactiv\u00f3, aunque por poco tiempo, porque los independentistas retomaron esta acci\u00f3n exterior cuando volvieron a hacerse con el gobierno catal\u00e1n<\/div>\n<div dir=\"ltr\">Y el objetivo de la Generalitat es incrementar a\u00fan m\u00e1s esa red de delegaciones, seg\u00fan consta en el plan dise\u00f1ado para el 2023-2026, por el que se abrir\u00e1n nuevas embajadas en \u00c1frica Oriental, Sudeste Asi\u00e1tico o Asia Meridional. Y tambi\u00e9n se ha creado la figura del &#8216;enviado especial&#8217;. En este caso, hay dos: uno en Irlanda, donde est\u00e1 previsto que se abra una nueva embajada; y otro en Quebec (Canad\u00e1).<\/div>\n<div dir=\"ltr\">La cosa cuesta 108 millones de euros que, por cierto, pagamos todos los espa\u00f1oles.<\/div>\n<div dir=\"ltr\">Surgen algunas preguntas al hilo de esto.<\/div>\n<div dir=\"ltr\">\u00bfNos est\u00e1n tomado, una vez m\u00e1s, el pelo?<\/div>\n<div dir=\"ltr\">\u00bfNo tenemos una pol\u00edtica exterior que es parte de las obligaciones de Estado y para eso tenemos un Ministerio de Exteriores?<\/div>\n<div dir=\"ltr\">\u00bfNo es cierto que lo que coloquialmente se llama \u201cbajadade pantalones\u201d se produce en exceso en el caso de Catalu\u00f1a?<\/div>\n<div dir=\"ltr\">\u00bfPor qu\u00e9 los se\u00f1ores de Comprom\u00eds, que se niegan aceptar la ampliaci\u00f3n del Puerto de Valencia, \u201ctragan\u201d con esta aventura expansionista dando carta de naturaleza a una regi\u00f3n sobre otra?<\/div>\n<div dir=\"ltr\">Un voto para el presidente interino a cualquier precio.<\/div>\n<div dir=\"ltr\">He aqu\u00ed una prioridad que lo es para el que busca el voto y un escarnio para quien objetivamente ve como se dilapida el dinero de todos en beneficio, una vez m\u00e1s, de un grupo glot\u00f3n de poder y ambici\u00f3n \u201cad major gloria\u201d de qui\u00e9nes aspiran aetar siempre sentados en la misma poltrona.<\/div>\n<div dir=\"ltr\">Un asco.<\/div>\n","protected":false},"excerpt":{"rendered":"<p>LAS PRIORIDADES \u00a0\u00a0\u00a0 Una prioridad es una necesidad perentoria que uno tiene y que no debe o no puede aplazar y se presiona a si mismo o a otros para intentar hacerla posible. Hay diversas clases de prioridad y todos encontramos argumentos para que esta se convierta en acuciante trasladando la cuesti\u00f3n a otros para [&hellip;]<\/p>\n","protected":false},"author":7,"featured_media":0,"comment_status":"closed","ping_status":"closed","sticky":false,"template":"","format":"standard","meta":[],"categories":[1],"tags":[],"_links":{"self":[{"href":"https:\/\/blogs.lasprovincias.es\/carlospajuelo\/wp-json\/wp\/v2\/posts\/5472"}],"collection":[{"href":"https:\/\/blogs.lasprovincias.es\/carlospajuelo\/wp-json\/wp\/v2\/posts"}],"about":[{"href":"https:\/\/blogs.lasprovincias.es\/carlospajuelo\/wp-json\/wp\/v2\/types\/post"}],"author":[{"embeddable":true,"href":"https:\/\/blogs.lasprovincias.es\/carlospajuelo\/wp-json\/wp\/v2\/users\/7"}],"replies":[{"embeddable":true,"href":"https:\/\/blogs.lasprovincias.es\/carlospajuelo\/wp-json\/wp\/v2\/comments?post=5472"}],"version-history":[{"count":1,"href":"https:\/\/blogs.lasprovincias.es\/carlospajuelo\/wp-json\/wp\/v2\/posts\/5472\/revisions"}],"predecessor-version":[{"id":5473,"href":"https:\/\/blogs.lasprovincias.es\/carlospajuelo\/wp-json\/wp\/v2\/posts\/5472\/revisions\/5473"}],"wp:attachment":[{"href":"https:\/\/blogs.lasprovincias.es\/carlospajuelo\/wp-json\/wp\/v2\/media?parent=5472"}],"wp:term":[{"taxonomy":"category","embeddable":true,"href":"https:\/\/blogs.lasprovincias.es\/carlospajuelo\/wp-json\/wp\/v2\/categories?post=5472"},{"taxonomy":"post_tag","embeddable":true,"href":"https:\/\/blogs.lasprovincias.es\/carlospajuelo\/wp-json\/wp\/v2\/tags?post=5472"}],"curies":[{"name":"wp","href":"https:\/\/api.w.org\/{rel}","templated":true}]}}