{"id":5475,"date":"2023-10-21T07:04:09","date_gmt":"2023-10-21T07:04:09","guid":{"rendered":"https:\/\/blogs.lasprovincias.es\/carlospajuelo\/?p=5475"},"modified":"2023-10-21T07:04:09","modified_gmt":"2023-10-21T07:04:09","slug":"no-lo-entiendo","status":"publish","type":"post","link":"https:\/\/blogs.lasprovincias.es\/carlospajuelo\/2023\/10\/21\/no-lo-entiendo\/","title":{"rendered":"NO LO ENTIENDO"},"content":{"rendered":"<div class=\"d_3zJDR P_1Izyn\">\n<div class=\"msg-body w_AS mq_AS ix_AS H_Z1jxxvJ o_A\" data-test-id=\"message-body\">\n<div dir=\"ltr\">NO LO ENTIENDO<\/div>\n<div dir=\"ltr\">Es necesaria una reflexi\u00f3n profunda para distinguir lo que uno lee, asume o no y su posterior entendimiento. \u00bfNo?<\/div>\n<div dir=\"ltr\">Comprender los hechos es complejo, sobre todo si no los objetivamos.<\/div>\n<div dir=\"ltr\">Podemos entenderlos y no estar de acuerdo, lo que es insuficiente para patalear indiscriminadamente, como es ahora frecuente; digo esto porque recuerdo ahora el caso del cofundador de Podemos el Sr Monedero llamando imb\u00e9cil, asqueroso etc. a un diputado del PP.<\/div>\n<div dir=\"ltr\">No parece propio de un sujeto que exhibe su titulo universitario.<\/div>\n<div dir=\"ltr\">Quiz\u00e1s le lleve a eso su frustraci\u00f3n por la p\u00e9rdida de influencia del partido que \u00e9l lleg\u00f3 a cofundar y que tuvo momentos de gloria, hoy perdida y subsumida en el mega complejo de partidos, bajo las siglas de SUMAR.<\/div>\n<div dir=\"ltr\">No entiendo esa salida propia de un individuo col\u00e9rico, incapaz de sujetar sus sentimientos y su lengua. All\u00e1 \u00e9l.<\/div>\n<div dir=\"ltr\">Parece que eso le ha venido bien en su d\u00eda dando lecciones revolucionarias en alg\u00fan lugar de Sudam\u00e9rica. Y ha engrosado sus facturas. Bien<\/div>\n<div dir=\"ltr\">Mal ejemplo para los j\u00f3venes que hoy repasan sus lecciones, si fuera el caso, en la Universidad.<\/div>\n<div dir=\"ltr\">\u00daltimamente nos re\u00edmos mucho, o algunos r\u00eden bastante, de los contenidos de algunas intervenciones de muchos de nuestros pol\u00edticos, hoy en activo de interinos, o incluso de aquellos que est\u00e1n en la oposici\u00f3n ya claramente instalados.<\/div>\n<div dir=\"ltr\">La investidura fallida tiene la culpa y no los votos ganadores. Cosas de la Ley electoral en uso.<\/div>\n<div dir=\"ltr\">Por ejemplo, me refiero a la ministra Yolanda Diaz cuando nos \u201cvend\u00eda\u201d la oportunidad de que todo individuo a determinada edad, y por tenerla recibiese una \u201cherencia social\u201d de veinte mil euros.<\/div>\n<div dir=\"ltr\">\u00a0 \u00a0 Se olvid\u00f3 de la fuente de sus desvar\u00edos igualitarios al no citar al economista franc\u00e9s Piketty autor de un libro titulado \u201cEl capital en el siglo XXI\u201d, que yo no he le\u00eddo, y que alcanz\u00f3 la no despreciable tirada de 2,5 millones. Lo se\u00f1alo por la cr\u00f3nica publicada en el Pa\u00eds, p\u00e1gina 3 de \u201cEn portada\u201d en el suplemento interior de IDEAS el domingo pasado; fue un superventas en los USA y que recomiendo leer.<\/div>\n<div dir=\"ltr\">Ser\u00eda m\u00e1s f\u00e1cil de hacernos entender si nuestros lideres nos dieran pistas del origen de sus pensamientos, de la fuente de sus ideas que, a veces, pueden llegar a ser propias.<\/div>\n<div dir=\"ltr\">\u00a0 \u00a0 Ahora por ejemplo estamos en pleno debate sobre los or\u00edgenes de la guerra entre el estado de Israel y Palestina.<\/div>\n<div dir=\"ltr\">Yo leo los diversos comunicados que se han difundido sobre la venganza y el derecho internacional.<\/div>\n<div dir=\"ltr\">\u00a0 \u00a0 Toda guerra me parece injusta y para intentar juzgarla objetivamente desplegamos conceptos, frases, que son sensiblemente iguales.<\/div>\n<div dir=\"ltr\">Yo no pretendo que cada uno de nosotros seamos historiadores amantes de la geopol\u00edtica, lo que no estar\u00eda dem\u00e1s, por cierto. As\u00ed que recomendar\u00eda leer un poco de historia acerca de los sufrimientos de uno y otro pa\u00eds en su origen para buscar las ra\u00edces de este conflicto que tiene como fondo inmediato al terrorismo que traspasa fronteras, rompe familias y llena de sangre a familias enteras.<\/div>\n<div dir=\"ltr\">\u00a0 \u00a0 Esta semana discutir\u00e9 en un grupo la Ley del Tali\u00f3n, esa de \u201cojo por ojo\u201d. No s\u00e9 qu\u00e9 pasar\u00e1.<\/div>\n<div dir=\"ltr\">\u00a0 \u00a0 Habr\u00e1 que hacer un repaso con los ingleses de turno en la \u00e9poca de la fundaci\u00f3n del Estado jud\u00edo, con los palestinos que compart\u00edan tierra y trabajo en los territorios que ve\u00edan cada amanecer levantarse juntos a la salida del mismo Sol.<\/div>\n<div dir=\"ltr\">\u00a0 \u00a0 Yo me conduelo por las muertes absurdas y tengo amigos jud\u00edos a los que respeto y admiro; pero no puedo aceptar que las gentes de Gaza civiles ajenos a la acci\u00f3n de Ham\u00e1s sufran la fuerza implacable de la eliminaci\u00f3n, con un territorio cerrado en sus salidas, salvo la de la frontera con Egipto.<\/div>\n<div dir=\"ltr\">\u00a0 \u00a0 No entiendo como se ha llegado a esta situaci\u00f3n como tampoco entiendo el conflicto secular entre Rusia y Ucrania.<\/div>\n<div dir=\"ltr\">\u00a0 \u00a0 Pensemos en los fabricantes de armas que ya se est\u00e1n lucrando y pensemos en c\u00f3mo, cada uno en su nivel, asume una incertidumbre por la posible escalada de esos conflictos que, por cierto, \u00a1ha llevado a nuestro vecino franc\u00e9s a sacar m\u00e1s de 7.000 soldados a las calles para evitar, vigilar y actuar contra posibles brotes antisemitas \u2026Ah! Parece que hemos quitado una bandera musulmana del las Torres de Serranos en Valencia el otro d\u00eda \u00bfUna curiosidad? \u00bfUna broma?\u00a0 \u00bfNo? No lo entiendo.<\/div>\n<\/div>\n<\/div>\n<div class=\"D_B P_1Eu6qC z_2wc7QY\">\n<table class=\"W_6D6F H_6D6F p_R bo_BA\" data-test-id=\"message-toolbar\">\n<thead class=\"b_n\"><\/thead>\n<tbody>\n<tr class=\"W_6D6F\">\n<td class=\"V_M W_d3W t_l J_x\">\n<form class=\"D_I\" action=\"https:\/\/mail.yahoo.com\/b\/compose?.src=ym&amp;reason=unsupported_browser&amp;folderType=SENT&amp;accountIds=1&amp;unblockNow=false\" method=\"POST\" name=\"msgListForm\" data-test-id=\"dummyTestId\"><button class=\"b_n D_X A_6EqO u_e69 H_6LEV i_6LEV o_h P_Z2guAVt G_e V_M C4_Z29WjXl q_14sM6A q4_Z2vB6Sh E_eo6\" title=\"Responder\" name=\"action\" type=\"submit\" value=\"reply\" aria-label=\"Responder\"><span class=\"D_n c26zcWk_I\">Responder<\/span><\/button><button class=\"b_n D_X A_6EqO u_e69 H_6LEV i_6LEV o_h P_Z2guAVt G_e V_M C4_Z29WjXl q_Z7xPy2 q4_1myog2 E_eo6\" title=\"Responder a todos\" name=\"action\" type=\"submit\" value=\"replyAll\" aria-label=\"Responder a todos\"><span class=\"D_n c26zcWk_I\">Responder a todos<\/span><\/button><button class=\"b_n D_X A_6EqO u_e69 H_6LEV i_6LEV o_h P_Z2guAVt G_e V_M C4_Z29WjXl q_Z1jztdE q4_Z2dPAKg E_eo6\" title=\"Reenviar\" name=\"action\" type=\"submit\" value=\"forward\" aria-label=\"Reenviar\"><span class=\"D_n c26zcWk_I\">Reenviar<\/span><\/button><\/form>\n<\/td>\n<td class=\"V_M t_C J_x\">\n<form id=\"msgListForm\" class=\"D_I\" action=\"https:\/\/mail.yahoo.com\/b\/folders\/2?.src=ym&amp;reason=unsupported_browser&amp;folderType=SENT&amp;accountIds=1&amp;offset=0\" method=\"POST\" name=\"msgListForm\" data-test-id=\"dummyTestId\">\n<div><span class=\"J_x D_X M_3Y3Gk P_3LQ7g\"><button class=\"b_n D_X A_6EqO u_e69 H_6LEV i_6LEV o_h P_Z2guAVt G_e V_M C4_Z29WjXl q_OFabp q4_2jsiY3 Q_eo6\" title=\"Eliminar\" name=\"action\" type=\"submit\" value=\"moveToFolder\" aria-label=\"Eliminar\">Eliminar<\/button><\/span><span class=\"J_x D_X M_3Y3Gk\" data-test-id=\"toolbar-dropdown\"><select class=\"W_7yHc e_0 o_h M_3gIMd\" title=\"Selecciona una de las opciones del men\u00fa desplegable\" name=\"toolbar_option[bottom]\" aria-label=\"Acciones\"><option value=\"noAction\" data-test-id=\"actions\">Acciones<\/option><option value=\"markAsUnread\" data-test-id=\"mark-as-unread\">Marcar como no le\u00eddo<\/option><option value=\"markAsRead\" data-test-id=\"mark-as-read\">Marcar como le\u00eddo<\/option><option value=\"flag\" data-test-id=\"mark-as-starred\">Destacar<\/option><option value=\"clearFlag\" data-test-id=\"mark-as-unstarred\">Dejar de destacar<\/option><optgroup><\/optgroup><optgroup label=\"Mover a\"><\/optgroup><option value=\"moveToFolder_1\">\u00a0<!-- -->Bandeja de entrada<\/option><option value=\"moveToFolder_27\">\u00a0<!-- -->Archivo<\/option><option value=\"moveToFolder_30\">\u00a0<!-- -->Borradores<\/option><option value=\"moveToFolder_29\">\u00a0<!-- -->Enviados<\/option><option value=\"moveToFolder_28\">\u00a0<!-- -->Enviando<\/option><option value=\"moveToFolder_25\">\u00a0<!-- -->Notes<\/option><option value=\"moveToFolder_31\">\u00a0<!-- -->Papelera<\/option><option value=\"moveToFolder_26\">\u00a0<!-- -->Sent Items<\/option><\/select><button class=\"D_X A_6EqO u_e69 H_6TFj i_6Fd5 s_7iGr o_h P_3gJOe t_C G_e V_M C4_Z29WjXl b4_2gzP8k Q_eo6\" title=\"Aplicar la acci\u00f3n seleccionada\" name=\"toolbar_action\" type=\"submit\" value=\"bottom\" aria-label=\"Aplicar la acci\u00f3n seleccionada\">Aplicar<\/button><\/span><\/div>\n<\/form>\n<\/td>\n<td class=\"V_M W_d3W t_r J_x\"><\/td>\n<\/tr>\n<\/tbody>\n<\/table>\n<\/div>\n","protected":false},"excerpt":{"rendered":"<p>NO LO ENTIENDO Es necesaria una reflexi\u00f3n profunda para distinguir lo que uno lee, asume o no y su posterior entendimiento. \u00bfNo? Comprender los hechos es complejo, sobre todo si no los objetivamos. Podemos entenderlos y no estar de acuerdo, lo que es insuficiente para patalear indiscriminadamente, como es ahora frecuente; digo esto porque recuerdo [&hellip;]<\/p>\n","protected":false},"author":7,"featured_media":0,"comment_status":"closed","ping_status":"closed","sticky":false,"template":"","format":"standard","meta":[],"categories":[1],"tags":[],"_links":{"self":[{"href":"https:\/\/blogs.lasprovincias.es\/carlospajuelo\/wp-json\/wp\/v2\/posts\/5475"}],"collection":[{"href":"https:\/\/blogs.lasprovincias.es\/carlospajuelo\/wp-json\/wp\/v2\/posts"}],"about":[{"href":"https:\/\/blogs.lasprovincias.es\/carlospajuelo\/wp-json\/wp\/v2\/types\/post"}],"author":[{"embeddable":true,"href":"https:\/\/blogs.lasprovincias.es\/carlospajuelo\/wp-json\/wp\/v2\/users\/7"}],"replies":[{"embeddable":true,"href":"https:\/\/blogs.lasprovincias.es\/carlospajuelo\/wp-json\/wp\/v2\/comments?post=5475"}],"version-history":[{"count":1,"href":"https:\/\/blogs.lasprovincias.es\/carlospajuelo\/wp-json\/wp\/v2\/posts\/5475\/revisions"}],"predecessor-version":[{"id":5476,"href":"https:\/\/blogs.lasprovincias.es\/carlospajuelo\/wp-json\/wp\/v2\/posts\/5475\/revisions\/5476"}],"wp:attachment":[{"href":"https:\/\/blogs.lasprovincias.es\/carlospajuelo\/wp-json\/wp\/v2\/media?parent=5475"}],"wp:term":[{"taxonomy":"category","embeddable":true,"href":"https:\/\/blogs.lasprovincias.es\/carlospajuelo\/wp-json\/wp\/v2\/categories?post=5475"},{"taxonomy":"post_tag","embeddable":true,"href":"https:\/\/blogs.lasprovincias.es\/carlospajuelo\/wp-json\/wp\/v2\/tags?post=5475"}],"curies":[{"name":"wp","href":"https:\/\/api.w.org\/{rel}","templated":true}]}}