{"id":5480,"date":"2023-10-27T17:58:59","date_gmt":"2023-10-27T17:58:59","guid":{"rendered":"https:\/\/blogs.lasprovincias.es\/carlospajuelo\/?p=5480"},"modified":"2023-10-27T17:58:59","modified_gmt":"2023-10-27T17:58:59","slug":"aragones-a-la-fuga","status":"publish","type":"post","link":"https:\/\/blogs.lasprovincias.es\/carlospajuelo\/2023\/10\/27\/aragones-a-la-fuga\/","title":{"rendered":"ARAGON\u00c9S A LA FUGA"},"content":{"rendered":"<table class=\"W_6D6F H_6D6F p_R bo_BA ku_f\" data-test-id=\"message-view\">\n<tbody>\n<tr class=\"W_6D6F\">\n<td class=\"V_GM H_6D6F\">\n<div class=\"d_3zJDR P_1Izyn\">\n<div class=\"msg-body w_AS mq_AS ix_AS H_Z1jxxvJ o_A\" data-test-id=\"message-body\">\n<div dir=\"ltr\"><\/div>\n<div dir=\"ltr\">ARAGON\u00c9S A LA FUGA<\/div>\n<div dir=\"ltr\">Aunque s\u00e9 que los especialistas en Derecho constitucional est\u00e1n, al parecer, de sobra familiarizados con el objeto y desarrollo de la C\u00e1mara senatorial, se observa que no todo el mundo conoce o respeta la funci\u00f3n territorial del Senado espa\u00f1ol.<\/div>\n<div dir=\"ltr\">Ya entrar\u00e9 en algunas responsabilidades que tienen sus se\u00f1or\u00edas.<\/div>\n<div dir=\"ltr\">De momento sabemos que el presidente actual de la Generalitat catalana- no sabemos por cuanto tiempo- el muy honorable Pere Aragon\u00e9s crey\u00f3 que como Cesar se dijo \u201c\u00a0 Veni. Vidi. Vici. \u201c<\/div>\n<div dir=\"ltr\">Se puede traducir al espa\u00f1ol como &#8220;Vine, vi y venc\u00ed&#8221;. Fue usada por Julio C\u00e9sar para referir al Senado Romano una victoria de su ej\u00e9rcito sobre Farnaces II, rey del Ponto, en el a\u00f1o 47 a. de C.\u201d.<\/div>\n<div dir=\"ltr\">\u00a0 \u00a0 O sea que el tipo ech\u00f3 mano del manual del \u201cmal educado\u201d y se dio a la fuga deshonrosa sin ni siquiera esperar a o\u00edr a los senadores de la oposici\u00f3n, que no dar\u00eda cr\u00e9dito a sus ojos cuando vieron al peque\u00f1o rey recoger los papeles y largarse con viento fresco, sin inmutarse con cara de sacrist\u00e1n y con una media sonrisa.<\/div>\n<div dir=\"ltr\">\u00a0 \u00a0 Era un brindis al Sol dirigido a sus seguidores y posibles adversarios pol\u00edticos.<\/div>\n<div dir=\"ltr\">Quiere pegarse al sill\u00f3n porque le da gustito el comprobar c\u00f3mo le hacen caso los ujieres cuando se hace servir un caf\u00e9, tras tocar un timbre de mesa, digo yo, al tiempo de hablar por tel\u00e9fono con el presidente del Gobierno subiendo la apuesta de sus votos\u2026 y adem\u00e1s el Gobierno de Espa\u00f1a pedir\u00e1 perd\u00f3n por todos los pecados anti catalanistas que son muchos y no te los leo ahora porque son largos; te mando una lista con subrayados de los m\u00e1s hirientes para nuestra sensibilidad.<\/div>\n<div dir=\"ltr\">\u00a0 \u00a0 Yo creo que m\u00e1s que hablarle el Sr. Aragon\u00e9s al Senado menguado, misteriosamente, por la ausencia de las se\u00f1or\u00edas del PSOE, quiz\u00e1s tomando caf\u00e9 en los gabinetes del complejo de la Moncloa para ver c\u00f3mo iba la cosa, hablaba, repito, a otros.<\/div>\n<div dir=\"ltr\">\u00bfCon qui\u00e9n pod\u00eda estar hablando?<\/div>\n<div dir=\"ltr\">Con los que \u00e9l considera suyos de momento. Quiz\u00e1s era un mensaje para el Sr. Puigdemont que reside en el espacio, Waterloo, que en su d\u00eda signific\u00f3 la derrota y principio del hundimiento de Napole\u00f3n<\/div>\n<div dir=\"ltr\">\u00a0 \u00a0 La cosa, o sea la intervenci\u00f3n del Molt Honorable del antiguo condado catal\u00e1n, iba de decir, de dejar caer, lo del Refer\u00e9ndum consultivo, no vinculante \u201cojo\u201d, pese a que es posible que se disfrace de consultivo y tras ello ser utilizado, si es favorable al independentismo, como arma para lograr la tan solicitada independencia.<\/div>\n<div dir=\"ltr\">\u00a0 \u00a0 No sab\u00eda o no quer\u00eda saber que el Senado tiene unas funciones que resumo aqu\u00ed. O hago en funci\u00f3n del comportamiento \u201chuidizo\u201d del president.<\/div>\n<div dir=\"ltr\">\u00a0 \u00a0 La fuga es vergonzosa a la vista de lo que se puede leer a continuaci\u00f3n.<\/div>\n<div dir=\"ltr\">\u00a0 \u00a0 La Constituci\u00f3n espa\u00f1ola de 1978 (art\u00edculo 66) otorga a las Cortes Generales y, por tanto, al Senado las tres funciones t\u00edpicas de todo Parlamento: la potestad legislativa del Estado, la aprobaci\u00f3n de sus presupuestos, y el control de la acci\u00f3n del Gobierno. A estas se a\u00f1aden otras las previstas en diversos art\u00edculos de la Constituci\u00f3n.<\/div>\n<div dir=\"ltr\"><\/div>\n<div dir=\"ltr\">Las C\u00e1maras fiscalizan, supervisan y, en su caso, critican la actuaci\u00f3n del Gobierno, lo que permite obtener informaci\u00f3n y orientar la pol\u00edtica del Gobierno. Adem\u00e1s, contribuye a que el Gobierno se sienta controlado por los representantes populares.<\/div>\n<div dir=\"ltr\">Esta funci\u00f3n se desarrolla mediante una serie de instrumentos regulados en el Reglamento: las preguntas, las interpelaciones, las mociones, los debates sobre las comunicaciones e informes remitidos por el Gobierno, las comparecencias y las Comisiones de investigaci\u00f3n y especiales.<\/div>\n<div dir=\"ltr\">Es obvio que todo eso lo saben los asesores jur\u00eddicos y pol\u00edticos de los interlocutores secretos, aunque conocidos. El Sr. S\u00e1nchez y el Sr. Aragon\u00e9s<\/div>\n<div dir=\"ltr\">El Sr. S\u00e1nchez dispone de una pluma especial llamada \u201cla pluma de los Reales Decretos\u201d y el Sr. Aragon\u00e9s de otra leyendo, una vez, los deseos y peticiones a cambio de votos.<\/div>\n<div dir=\"ltr\">Se llaman reales decretos porque los firma el Rey. \u00bfNo?<\/div>\n<div dir=\"ltr\">\u00bfY para eso hemos votado?<\/div>\n<div dir=\"ltr\">\u00bfTodo es una enga\u00f1ifa?<\/div>\n<div dir=\"ltr\">\u00bfSe llama a esto democracia?<\/div>\n<div dir=\"ltr\">Voy a repasar a alg\u00fan cl\u00e1sico para reorientarme.<\/div>\n<div dir=\"ltr\">\u00a1Que pasen ustedes un buen d\u00eda!<\/div>\n<\/div>\n<\/div>\n<\/td>\n<\/tr>\n<tr class=\"W_6D6F\">\n<td class=\"V_GM\">\n<div class=\"D_B P_1Eu6qC z_2wc7QY\">\n<table class=\"W_6D6F H_6D6F p_R bo_BA\" data-test-id=\"message-toolbar\">\n<thead class=\"b_n\"><\/thead>\n<tbody>\n<tr class=\"W_6D6F\">\n<td class=\"V_M W_d3W t_l J_x\">\n<form class=\"D_I\" action=\"https:\/\/mail.yahoo.com\/b\/compose?.src=ym&amp;reason=unsupported_browser&amp;folderType=SENT&amp;accountIds=1&amp;unblockNow=false\" method=\"POST\" name=\"msgListForm\" data-test-id=\"dummyTestId\"><button class=\"b_n D_X A_6EqO u_e69 H_6LEV i_6LEV o_h P_Z2guAVt G_e V_M C4_Z29WjXl q_14sM6A q4_Z2vB6Sh E_eo6\" title=\"Responder\" name=\"action\" type=\"submit\" value=\"reply\" aria-label=\"Responder\"><span class=\"D_n c26zcWk_I\">Responder<\/span><\/button><button class=\"b_n D_X A_6EqO u_e69 H_6LEV i_6LEV o_h P_Z2guAVt G_e V_M C4_Z29WjXl q_Z7xPy2 q4_1myog2 E_eo6\" title=\"Responder a todos\" name=\"action\" type=\"submit\" value=\"replyAll\" aria-label=\"Responder a todos\"><span class=\"D_n c26zcWk_I\">Responder a todos<\/span><\/button><button class=\"b_n D_X A_6EqO u_e69 H_6LEV i_6LEV o_h P_Z2guAVt G_e V_M C4_Z29WjXl q_Z1jztdE q4_Z2dPAKg E_eo6\" title=\"Reenviar\" name=\"action\" type=\"submit\" value=\"forward\" aria-label=\"Reenviar\"><span class=\"D_n c26zcWk_I\">Reenviar<\/span><\/button><\/form>\n<\/td>\n<td class=\"V_M t_C J_x\">\n<form id=\"msgListForm\" class=\"D_I\" action=\"https:\/\/mail.yahoo.com\/b\/folders\/2?.src=ym&amp;reason=unsupported_browser&amp;folderType=SENT&amp;accountIds=1&amp;offset=0\" method=\"POST\" name=\"msgListForm\" data-test-id=\"dummyTestId\">\n<div><span class=\"J_x D_X M_3Y3Gk P_3LQ7g\"><button class=\"b_n D_X A_6EqO u_e69 H_6LEV i_6LEV o_h P_Z2guAVt G_e V_M C4_Z29WjXl q_OFabp q4_2jsiY3 Q_eo6\" title=\"Eliminar\" name=\"action\" type=\"submit\" value=\"moveToFolder\" aria-label=\"Eliminar\">Eliminar<\/button><\/span><\/div>\n<\/form>\n<\/td>\n<\/tr>\n<\/tbody>\n<\/table>\n<\/div>\n<\/td>\n<\/tr>\n<\/tbody>\n<\/table>\n","protected":false},"excerpt":{"rendered":"<p>ARAGON\u00c9S A LA FUGA Aunque s\u00e9 que los especialistas en Derecho constitucional est\u00e1n, al parecer, de sobra familiarizados con el objeto y desarrollo de la C\u00e1mara senatorial, se observa que no todo el mundo conoce o respeta la funci\u00f3n territorial del Senado espa\u00f1ol. Ya entrar\u00e9 en algunas responsabilidades que tienen sus se\u00f1or\u00edas. De momento sabemos [&hellip;]<\/p>\n","protected":false},"author":7,"featured_media":0,"comment_status":"closed","ping_status":"closed","sticky":false,"template":"","format":"standard","meta":[],"categories":[1],"tags":[],"_links":{"self":[{"href":"https:\/\/blogs.lasprovincias.es\/carlospajuelo\/wp-json\/wp\/v2\/posts\/5480"}],"collection":[{"href":"https:\/\/blogs.lasprovincias.es\/carlospajuelo\/wp-json\/wp\/v2\/posts"}],"about":[{"href":"https:\/\/blogs.lasprovincias.es\/carlospajuelo\/wp-json\/wp\/v2\/types\/post"}],"author":[{"embeddable":true,"href":"https:\/\/blogs.lasprovincias.es\/carlospajuelo\/wp-json\/wp\/v2\/users\/7"}],"replies":[{"embeddable":true,"href":"https:\/\/blogs.lasprovincias.es\/carlospajuelo\/wp-json\/wp\/v2\/comments?post=5480"}],"version-history":[{"count":1,"href":"https:\/\/blogs.lasprovincias.es\/carlospajuelo\/wp-json\/wp\/v2\/posts\/5480\/revisions"}],"predecessor-version":[{"id":5481,"href":"https:\/\/blogs.lasprovincias.es\/carlospajuelo\/wp-json\/wp\/v2\/posts\/5480\/revisions\/5481"}],"wp:attachment":[{"href":"https:\/\/blogs.lasprovincias.es\/carlospajuelo\/wp-json\/wp\/v2\/media?parent=5480"}],"wp:term":[{"taxonomy":"category","embeddable":true,"href":"https:\/\/blogs.lasprovincias.es\/carlospajuelo\/wp-json\/wp\/v2\/categories?post=5480"},{"taxonomy":"post_tag","embeddable":true,"href":"https:\/\/blogs.lasprovincias.es\/carlospajuelo\/wp-json\/wp\/v2\/tags?post=5480"}],"curies":[{"name":"wp","href":"https:\/\/api.w.org\/{rel}","templated":true}]}}