{"id":5489,"date":"2023-11-15T06:38:36","date_gmt":"2023-11-15T06:38:36","guid":{"rendered":"https:\/\/blogs.lasprovincias.es\/carlospajuelo\/?p=5489"},"modified":"2023-11-15T06:38:36","modified_gmt":"2023-11-15T06:38:36","slug":"atrevete-emiliano","status":"publish","type":"post","link":"https:\/\/blogs.lasprovincias.es\/carlospajuelo\/2023\/11\/15\/atrevete-emiliano\/","title":{"rendered":"!ATREVETE EMILIANO!"},"content":{"rendered":"<div dir=\"ltr\">\u00a1ATREVETE EMILIANO!<\/div>\n<div dir=\"ltr\">Emiliano Garc\u00eda-Page es el presidente de la Junta de Comunidades de Castilla La Mancha. Desarrollado al calor de Jos\u00e9 Bono, y Barreda es miembro del partido socialista desde antes de cumplir los dieciocho a\u00f1os.<\/div>\n<div dir=\"ltr\">Lo considero un socialista de solera.<\/div>\n<div dir=\"ltr\">As\u00ed tambi\u00e9n lo es su hermano, creo que es gemelo, que en los \u00faltimos d\u00edas se ha dado de baja en el partido, para nos seguir la estela de su presidente nacional el hoy pendiente de investidura el Sr. S\u00e1nchez.<\/div>\n<div dir=\"ltr\">Garc\u00eda &#8211; Page ha sido hasta 18 veces cargo en su Comunidad desde concejal del Ayuntamiento de Toledo, alcalde de esa ciudad, diputado, senado y hoy presidente.<\/div>\n<div dir=\"ltr\">Es una especie de verso suelto del socialismo actual y se le conoce por sus cr\u00edticas a la pol\u00edtica de pactos del presidente S\u00e1nchez.<\/div>\n<div dir=\"ltr\">Este Emiliano ha sido insultado en el seno del Comit\u00e9 Federal por sus protestas y ha salido indemne.<\/div>\n<div dir=\"ltr\">Lo han laminado. No ha sido m\u00e1s que objeto de alg\u00fan: \u201ceste Emiliano siempre igual\u201d.<\/div>\n<div dir=\"ltr\">Bien. Recuerdo en el texto del Poema del Mio Cid cuando expulsado por el Rey el Cid se dice:<\/div>\n<div dir=\"ltr\">\u201cMio Cid Ruy Diaz por Burgos entrava en su compa\u00f1\u00eda LX pendones exiendo ver mugieres y varones, burgeses y burgesas por las finiestras son\u2026todos dizian una raz\u00f3n: \u00a1Dios que buen vasallo! \u00a1Si oviesse buen Se\u00f1or!\u201d<\/div>\n<div dir=\"ltr\">Eso creemos muchos.<\/div>\n<div dir=\"ltr\">\u00bfY t\u00fa Emiliano que tanto dices, que tanto entras a la catarata verbal de la cr\u00edtica, que piensas \u201cfacer\u201d?<\/div>\n<div dir=\"ltr\">\u00bfTe atreves a no votar al presidente al que tanto criticas? \u00bfPrefieres tomar plaza de cr\u00edtico y esperar para decir \u201cya lo dec\u00eda yo\u201d? Es un cl\u00e1sico tirar la piedra y esconder la mano.<\/div>\n<div dir=\"ltr\">\u00bfY si ahora surgiese tu oportunidad? \u00bfTe acuerdas cuando en un discurso dijiste \u201cno me siento con la capacidad de ser presidente de Espa\u00f1a\u201d?<\/div>\n<div dir=\"ltr\">Nunca se sabe cu\u00e1ndo acertar,como cuando diste tu apoyo a Susana Diaz y llegaste a decir que no te presentar\u00edas a la reelecci\u00f3n para liderar el PSOE de tu regi\u00f3n y te presentaste.<\/div>\n<div dir=\"ltr\">Creo adivinar que luchas interiormente entre lo que est\u00e1 bien y lo que no. Ahora tienes tu oportunidad. Niega los votos. S\u00e9 valiente de una vez y coherente. Haz las paces contigo mismo. Rompe la esquizofrenia \u00e9tica que padeces. No des los votos.<\/div>\n","protected":false},"excerpt":{"rendered":"<p>\u00a1ATREVETE EMILIANO! Emiliano Garc\u00eda-Page es el presidente de la Junta de Comunidades de Castilla La Mancha. Desarrollado al calor de Jos\u00e9 Bono, y Barreda es miembro del partido socialista desde antes de cumplir los dieciocho a\u00f1os. Lo considero un socialista de solera. As\u00ed tambi\u00e9n lo es su hermano, creo que es gemelo, que en los [&hellip;]<\/p>\n","protected":false},"author":7,"featured_media":0,"comment_status":"closed","ping_status":"closed","sticky":false,"template":"","format":"standard","meta":[],"categories":[1],"tags":[],"_links":{"self":[{"href":"https:\/\/blogs.lasprovincias.es\/carlospajuelo\/wp-json\/wp\/v2\/posts\/5489"}],"collection":[{"href":"https:\/\/blogs.lasprovincias.es\/carlospajuelo\/wp-json\/wp\/v2\/posts"}],"about":[{"href":"https:\/\/blogs.lasprovincias.es\/carlospajuelo\/wp-json\/wp\/v2\/types\/post"}],"author":[{"embeddable":true,"href":"https:\/\/blogs.lasprovincias.es\/carlospajuelo\/wp-json\/wp\/v2\/users\/7"}],"replies":[{"embeddable":true,"href":"https:\/\/blogs.lasprovincias.es\/carlospajuelo\/wp-json\/wp\/v2\/comments?post=5489"}],"version-history":[{"count":1,"href":"https:\/\/blogs.lasprovincias.es\/carlospajuelo\/wp-json\/wp\/v2\/posts\/5489\/revisions"}],"predecessor-version":[{"id":5490,"href":"https:\/\/blogs.lasprovincias.es\/carlospajuelo\/wp-json\/wp\/v2\/posts\/5489\/revisions\/5490"}],"wp:attachment":[{"href":"https:\/\/blogs.lasprovincias.es\/carlospajuelo\/wp-json\/wp\/v2\/media?parent=5489"}],"wp:term":[{"taxonomy":"category","embeddable":true,"href":"https:\/\/blogs.lasprovincias.es\/carlospajuelo\/wp-json\/wp\/v2\/categories?post=5489"},{"taxonomy":"post_tag","embeddable":true,"href":"https:\/\/blogs.lasprovincias.es\/carlospajuelo\/wp-json\/wp\/v2\/tags?post=5489"}],"curies":[{"name":"wp","href":"https:\/\/api.w.org\/{rel}","templated":true}]}}