{"id":5494,"date":"2023-11-24T09:29:27","date_gmt":"2023-11-24T09:29:27","guid":{"rendered":"https:\/\/blogs.lasprovincias.es\/carlospajuelo\/?p=5494"},"modified":"2023-11-24T09:29:27","modified_gmt":"2023-11-24T09:29:27","slug":"somatizados-y-sodomizados","status":"publish","type":"post","link":"https:\/\/blogs.lasprovincias.es\/carlospajuelo\/2023\/11\/24\/somatizados-y-sodomizados\/","title":{"rendered":"SOMATIZADOS Y SODOMIZADOS"},"content":{"rendered":"<div class=\"yiv7613592573ydpc14e4463yiv4472313648ydpaba05d1dI_ZkbNhI yiv7613592573ydpc14e4463yiv4472313648ydpaba05d1dD_FY yiv7613592573ydpc14e4463yiv4472313648ydpaba05d1dW_6D6F\">\n<div class=\"yiv7613592573ydpc14e4463yiv4472313648ydpaba05d1dmsg-body yiv7613592573ydpc14e4463yiv4472313648ydpaba05d1dP_wpofO yiv7613592573ydpc14e4463yiv4472313648ydpaba05d1dmq_AS\">\n<div class=\"yiv7613592573ydpc14e4463yiv4472313648ydpaba05d1djb_0 yiv7613592573ydpc14e4463yiv4472313648ydpaba05d1dX_6MGW yiv7613592573ydpc14e4463yiv4472313648ydpaba05d1dN_6Fd5\">\n<div dir=\"ltr\">SOMATIZADOS Y SODOMIZADOS<\/div>\n<div dir=\"ltr\">\u00a0\u00a0\u00a0\u00a0Buenos d\u00edas nos d\u00e9 el Se\u00f1or, que se dice.<\/div>\n<div dir=\"ltr\">\u00a0\u00a0\u00a0\u00a0Tengo la \u00edntima intenci\u00f3n de evitar en una temporada escribir sobre pol\u00edtica reciente e inmediata. Y utilizo esta columna para una especie de adi\u00f3s temporal para opinar acerca de lo que sienten parte de los ocho millones de espa\u00f1oles que han votado a las derechas frente a los siete setecientos de las izquierdas.<\/div>\n<div dir=\"ltr\">\u00a0\u00a0\u00a0 Las respuestas justifican el titular de la columna.<\/div>\n<div dir=\"ltr\">He sometido a diversas y numerosas personas a la pregunta de qu\u00e9 sienten tras la investidura.<\/div>\n<div dir=\"ltr\">Al parecer sienten una especie de somatizaci\u00f3n aplicada a su decepci\u00f3n.<\/div>\n<div dir=\"ltr\">\u201cSomatizar supone la aparici\u00f3n de s\u00edntomas f\u00edsicos recurrentes (y distintos seg\u00fan la persona) que no tienen causa f\u00edsica justificada, y que interfieren en el desarrollo personal, laboral y\/o social. Esto es, somatizar, implica que el cuerpo expresa a trav\u00e9s de molestias f\u00edsicas una angustia emocional no liberada\u201d<\/div>\n<div dir=\"ltr\">\u00a0\u00a0\u00a0\u00a0El respetable siente miedo sin precisar la raz\u00f3n. No saben argumentar en este caso por qu\u00e9.<\/div>\n<div dir=\"ltr\">Como es sabido, existe una interrelaci\u00f3n entre mente, cuerpo y emoci\u00f3n.<\/div>\n<div dir=\"ltr\">\u00a0\u00a0\u00a0\u00a0El pensamiento se desborda en este caso, sobrepasa el cerebro y muchos se expresan con crudeza. Yo traduzco y evito el popular sonsonete- estribillo \u201cque se vaya a tomar por cu\u2026\u201d .<\/div>\n<div dir=\"ltr\">\u00a0\u00a0\u00a0\u00a0Lo transformo acad\u00e9micamente en \u201csodomizar\u201d<\/div>\n<div dir=\"ltr\">\u00a0\u00a0\u00a0\u00a0En espa\u00f1ol, el verbo \u00absodomizar\u00bb, conlleva adem\u00e1s un acto de \u00absometimiento\u00bb de la persona analmente penetrada.<\/div>\n<div dir=\"ltr\">Por una suerte de recuerdo literario me traslado al antiguo reino de Rumania y a su provincia de Transilvania en el siglo IV, y al enfrentamiento, por ejemplo, entre los Dan y Dr\u00e1cula.<\/div>\n<div dir=\"ltr\">\u00a0\u00a0\u00a0\u00a0Uno de estos \u00faltimos Dr\u00e1cula, conocido como Vlad \u201cel empalador\u201d, ten\u00eda por costumbre acabar con sus enemigos empal\u00e1ndolos. La cosa consist\u00eda en introducir por el ano un palo agudo hasta su salida por la boca y luego plantarlos a lo largo del camino, o como los romano., crucificando a troche y moche a sus enemigos prisioneros.<\/div>\n<div dir=\"ltr\">\u00a0\u00a0\u00a0\u00a0Por el momento hoy es distinto. Se utiliza al fisco, a la vivienda, a los alimentos, a las hipotecas, a los seguros, a la sanidad privada, a los contratos laborales discontinuos abusivos, a la percepci\u00f3n de mejor trato a los emigrantes.<\/div>\n<div dir=\"ltr\">Yo recomiendo \u201chacer de la necesidad virtud\u201d. Es decir: aguantarse en este caso y evitar las hemorroides.<\/div>\n<\/div>\n<\/div>\n<div class=\"yiv7613592573ydpc14e4463yiv4472313648ydpaba05d1djb_0 yiv7613592573ydpc14e4463yiv4472313648ydpaba05d1dX_6MGW yiv7613592573ydpc14e4463yiv4472313648ydpaba05d1dN_6Fd5\"><\/div>\n<\/div>\n<div class=\"yiv7613592573ydpc14e4463yiv4472313648ydpaba05d1dH_7jIs yiv7613592573ydpc14e4463yiv4472313648ydpaba05d1dD_F yiv7613592573ydpc14e4463yiv4472313648ydpaba05d1dab_C yiv7613592573ydpc14e4463yiv4472313648ydpaba05d1dQ_69H5 yiv7613592573ydpc14e4463yiv4472313648ydpaba05d1dE_36RhU\"><\/div>\n","protected":false},"excerpt":{"rendered":"<p>SOMATIZADOS Y SODOMIZADOS \u00a0\u00a0\u00a0\u00a0Buenos d\u00edas nos d\u00e9 el Se\u00f1or, que se dice. \u00a0\u00a0\u00a0\u00a0Tengo la \u00edntima intenci\u00f3n de evitar en una temporada escribir sobre pol\u00edtica reciente e inmediata. Y utilizo esta columna para una especie de adi\u00f3s temporal para opinar acerca de lo que sienten parte de los ocho millones de espa\u00f1oles que han votado a [&hellip;]<\/p>\n","protected":false},"author":7,"featured_media":0,"comment_status":"closed","ping_status":"closed","sticky":false,"template":"","format":"standard","meta":[],"categories":[1],"tags":[],"_links":{"self":[{"href":"https:\/\/blogs.lasprovincias.es\/carlospajuelo\/wp-json\/wp\/v2\/posts\/5494"}],"collection":[{"href":"https:\/\/blogs.lasprovincias.es\/carlospajuelo\/wp-json\/wp\/v2\/posts"}],"about":[{"href":"https:\/\/blogs.lasprovincias.es\/carlospajuelo\/wp-json\/wp\/v2\/types\/post"}],"author":[{"embeddable":true,"href":"https:\/\/blogs.lasprovincias.es\/carlospajuelo\/wp-json\/wp\/v2\/users\/7"}],"replies":[{"embeddable":true,"href":"https:\/\/blogs.lasprovincias.es\/carlospajuelo\/wp-json\/wp\/v2\/comments?post=5494"}],"version-history":[{"count":1,"href":"https:\/\/blogs.lasprovincias.es\/carlospajuelo\/wp-json\/wp\/v2\/posts\/5494\/revisions"}],"predecessor-version":[{"id":5495,"href":"https:\/\/blogs.lasprovincias.es\/carlospajuelo\/wp-json\/wp\/v2\/posts\/5494\/revisions\/5495"}],"wp:attachment":[{"href":"https:\/\/blogs.lasprovincias.es\/carlospajuelo\/wp-json\/wp\/v2\/media?parent=5494"}],"wp:term":[{"taxonomy":"category","embeddable":true,"href":"https:\/\/blogs.lasprovincias.es\/carlospajuelo\/wp-json\/wp\/v2\/categories?post=5494"},{"taxonomy":"post_tag","embeddable":true,"href":"https:\/\/blogs.lasprovincias.es\/carlospajuelo\/wp-json\/wp\/v2\/tags?post=5494"}],"curies":[{"name":"wp","href":"https:\/\/api.w.org\/{rel}","templated":true}]}}