{"id":5520,"date":"2023-12-21T17:33:39","date_gmt":"2023-12-21T17:33:39","guid":{"rendered":"https:\/\/blogs.lasprovincias.es\/carlospajuelo\/?p=5520"},"modified":"2023-12-21T17:33:39","modified_gmt":"2023-12-21T17:33:39","slug":"la-resiliencia","status":"publish","type":"post","link":"https:\/\/blogs.lasprovincias.es\/carlospajuelo\/2023\/12\/21\/la-resiliencia\/","title":{"rendered":"LA RESILIENCIA"},"content":{"rendered":"<div dir=\"ltr\">La resiliencia<\/div>\n<div dir=\"ltr\">Est\u00e1 de moda desde hace alg\u00fan tiempo y viene siendo usada esencialmente por psiquiatras y psic\u00f3logos, que mantienen altas cuotas de productividad a la vista de c\u00f3mo est\u00e1 el personal.<\/div>\n<div dir=\"ltr\">El personal asistente a esas consultas tiene un amplio espectro, que se llama; desde el que no sabe hacer la O con un canuto hasta el doctorado por ingenier\u00eda cu\u00e1ntica- este \u00faltimo lo elijo porque siempre me ha parecido ininteligible a la par que \u201cmol\u00f3n\u201d.<\/div>\n<div dir=\"ltr\">Se trata de que el respetable no puede con su alma y no practica la reflexi\u00f3n \u00edntima de toda alma atribulada. No pisa \u201ctierra firme\u201d y no dispone a mano de un \u201cManual de resistencia\u201d ,no afronta con cara de cemento armado la soluci\u00f3n de sus problemas y se abandona sin ni siquiera probar la medicina verbal de la \u201cresiliencia\u201d.<\/div>\n<div dir=\"ltr\">Veamos que dicen los textos consultados y que yo copio aqu\u00ed, en beneficio de una mayor comprensi\u00f3n de la receta moderna ,y sin embargo tan antigua, como el andar \u201cpalante\u201d , que tan bien practicaban los griegos y otros y nosotros no mucho, con tanta tecnolog\u00eda.<\/div>\n<div dir=\"ltr\">La resiliencia es el proceso de adaptarse bien a la adversidad, a un trauma, tragedia, amenaza, o fuentes de tensi\u00f3n significativas, como problemas familiares o de relaciones personales, problemas serios de salud o situaciones estresantes del trabajo o financieras. como la Navidad.<\/div>\n<div dir=\"ltr\">Empiezo por mi mismo.<\/div>\n<div dir=\"ltr\">S\u00e9 que tengo problemas y, por tanto, como un signo de modernidad y de tono social, dispongo de psiquiatra y es lo que antes era un cura de confesionario, que al final en vez de \u201camnistiarte\u201d mediante tres avemar\u00edas y dos padres nuestros y s\u00ed era m\u00e1s hasta un credo y aqu\u00ed no ha pasado nada, ahora me dan unas pastillitas de color vario.<\/div>\n<div dir=\"ltr\">Estoy en condiciones de relativizarlo casi todo. Est\u00e1 de moda Halloween frente a la calabaza con vela encendida y yo aguanto, est\u00e1 de moda el perd\u00f3n al que dilapida dinero y le nombran un algo como alcalde de Pamplona y yo aguanto, est\u00e1 de moda trasladar a la Guardia Civil a sitios donde no pasa nada y yo aguanto. As\u00ed casi \u201cad infinitum\u201d. Mi abuela ya lo dec\u00eda en fino. \u201cson unos gilis\u201d \u00bfSoy un gilipollas? Sospecho .<\/div>\n","protected":false},"excerpt":{"rendered":"<p>La resiliencia Est\u00e1 de moda desde hace alg\u00fan tiempo y viene siendo usada esencialmente por psiquiatras y psic\u00f3logos, que mantienen altas cuotas de productividad a la vista de c\u00f3mo est\u00e1 el personal. El personal asistente a esas consultas tiene un amplio espectro, que se llama; desde el que no sabe hacer la O con un [&hellip;]<\/p>\n","protected":false},"author":7,"featured_media":0,"comment_status":"closed","ping_status":"closed","sticky":false,"template":"","format":"standard","meta":[],"categories":[1],"tags":[],"_links":{"self":[{"href":"https:\/\/blogs.lasprovincias.es\/carlospajuelo\/wp-json\/wp\/v2\/posts\/5520"}],"collection":[{"href":"https:\/\/blogs.lasprovincias.es\/carlospajuelo\/wp-json\/wp\/v2\/posts"}],"about":[{"href":"https:\/\/blogs.lasprovincias.es\/carlospajuelo\/wp-json\/wp\/v2\/types\/post"}],"author":[{"embeddable":true,"href":"https:\/\/blogs.lasprovincias.es\/carlospajuelo\/wp-json\/wp\/v2\/users\/7"}],"replies":[{"embeddable":true,"href":"https:\/\/blogs.lasprovincias.es\/carlospajuelo\/wp-json\/wp\/v2\/comments?post=5520"}],"version-history":[{"count":1,"href":"https:\/\/blogs.lasprovincias.es\/carlospajuelo\/wp-json\/wp\/v2\/posts\/5520\/revisions"}],"predecessor-version":[{"id":5521,"href":"https:\/\/blogs.lasprovincias.es\/carlospajuelo\/wp-json\/wp\/v2\/posts\/5520\/revisions\/5521"}],"wp:attachment":[{"href":"https:\/\/blogs.lasprovincias.es\/carlospajuelo\/wp-json\/wp\/v2\/media?parent=5520"}],"wp:term":[{"taxonomy":"category","embeddable":true,"href":"https:\/\/blogs.lasprovincias.es\/carlospajuelo\/wp-json\/wp\/v2\/categories?post=5520"},{"taxonomy":"post_tag","embeddable":true,"href":"https:\/\/blogs.lasprovincias.es\/carlospajuelo\/wp-json\/wp\/v2\/tags?post=5520"}],"curies":[{"name":"wp","href":"https:\/\/api.w.org\/{rel}","templated":true}]}}