{"id":5552,"date":"2024-02-26T15:43:21","date_gmt":"2024-02-26T15:43:21","guid":{"rendered":"https:\/\/blogs.lasprovincias.es\/carlospajuelo\/?p=5552"},"modified":"2024-02-26T15:43:21","modified_gmt":"2024-02-26T15:43:21","slug":"la-inteligencia","status":"publish","type":"post","link":"https:\/\/blogs.lasprovincias.es\/carlospajuelo\/2024\/02\/26\/la-inteligencia\/","title":{"rendered":"LA INTELIGENCIA"},"content":{"rendered":"<p>&nbsp;<\/p>\n<p>LA INTELIGENCIA<\/p>\n<p>Es el caso que me han encargado dar una charla- no me atrevo a calificarla de conferencia sobre la inteligencia y es que hay una confusi\u00f3n enorme entre el cl\u00e1sico concepto y la reci\u00e9n llegada, para todos, de eso que llaman: inteligencia artificial.<\/p>\n<p>Parece una paradoja.<\/p>\n<p>Esta \u00faltima est\u00e1 al alcance de cualquiera que sepa medio trabajar en un ordenador y tenga internet.<\/p>\n<p>Usted puede preguntar lo que quiera y adem\u00e1s existen programas gratuitos. \u00bfgratuitos? No s\u00e9. No me lo creo, aunque la apariencia sea cierta.<\/p>\n<p>De forma que aqu\u00ed, sucintamente, dejo algunos conceptos sobre la inteligencia natural; la que dicen que hab\u00eda antes de que lo ni\u00f1os de la escuela reciban sus deberes por internet y sus esfuerzos se concentren en elegir la respuesta correcta de 4 soluciones que les dan.<\/p>\n<p>Eso me llama la atenci\u00f3n. Parece un concurso de la televisi\u00f3n.<\/p>\n<p>No s\u00e9. Ustedes mismos se dar\u00e1n una respuesta sobre si es lo adecuado para cultivar el cerebro. Entretanto digo que:<\/p>\n<p><strong>La inteligencia se basa en la capacidad de s\u00edntesis, en saber distinguir lo accesorio de lo fundamental y la capacidad para captar la realidad en su complejidad y en sus conexiones.<\/strong><\/p>\n<p><strong>Cuando se habla de ense\u00f1anza yo no la concibo siendo ajena a la capacidad de desarrollar la diferencia entre lo superfluo, lo accesorio de lo esencial. <\/strong><\/p>\n<p><strong>Por tanto, sin profundizar en las conexiones de lo que uno aprende y sus causas e incluso sus consecuencias, dif\u00edcilmente el cerebro desarrolla. <\/strong><\/p>\n<p><strong>Por ejemplo, cuando hablamos de Rusia y Ucrania, de Israel y Palestina no parece adecuado opinar sin conocer, al menos un poco de la historia de esos pa\u00edses y sus relaciones anteriores.<\/strong><\/p>\n<p><strong>\u00a0\u00a0\u00a0\u00a0\u00a0\u00a0\u00a0\u00a0 Nos dejarnos llevar por lo que nos cuentan los medios, sobre todo las televisiones con su cadena de im\u00e1genes impactantes, donde lo de hoy no hunde las ra\u00edces en el origen posible de los conflictos.<\/strong><\/p>\n<p><strong>\u00a0<\/strong><\/p>\n<ol start=\"2\">\n<li><strong> &#8220;El enemigo de la inteligencia es la falta de lectura y no saber preguntar.<\/strong><\/li>\n<\/ol>\n<p><strong>Yo digo que somos una sociedad de retazos. Ahora se lee poco, ojo que eso no tiene que ver con las tiradas y el n\u00famero de libros.\u00a0 <\/strong><\/p>\n<p><strong>Cuando asisto con otros a una charla, conferencia, lecci\u00f3n magistral y se abre el debate final, donde caben las preguntas, casi siempre un manto de silencio inicial cubre la sala-<\/strong><\/p>\n<p><strong>\u00a0\u00a0\u00a0\u00a0\u00a0\u00a0\u00a0\u00a0 Quiz\u00e1s algunos -yo entre ellos-se atreve a preguntar, a sugerir aclaraciones e incluso en no estar de acuerdo con algo de lo que all\u00ed se ha dicho. <\/strong><\/p>\n<p><strong>Adem\u00e1s de aprender y aclarar dudas o profundizarlas al orador experto le estamos haciendo un favor. Lo que ha dicho no ha ca\u00eddo en saco roto.<\/strong><\/p>\n<p><strong>Esto que escribo se alarga y creo que la prudencia es un signo de inteligencia natural.<\/strong><\/p>\n<p><strong>Se supone que esto es una columna period\u00edstica y no una clase o algo parecido.<\/strong><\/p>\n<p><strong>\u00a0Consultar\u00e9 con la direcci\u00f3n del peri\u00f3dico a ver que me aconseja. \u00bfEste camino u otro m\u00e1s period\u00edstico? Saludos.<\/strong><\/p>\n<p><strong>\u00a0<\/strong><\/p>\n<p><strong>\u00a0<\/strong><\/p>\n<p><strong>\u00a0<\/strong><\/p>\n<p><strong>\u00a0<\/strong><\/p>\n<p><strong>\u00a0<\/strong><\/p>\n<p><strong>\u00a0<\/strong><\/p>\n<p>&nbsp;<\/p>\n","protected":false},"excerpt":{"rendered":"<p>&nbsp; LA INTELIGENCIA Es el caso que me han encargado dar una charla- no me atrevo a calificarla de conferencia sobre la inteligencia y es que hay una confusi\u00f3n enorme entre el cl\u00e1sico concepto y la reci\u00e9n llegada, para todos, de eso que llaman: inteligencia artificial. Parece una paradoja. Esta \u00faltima est\u00e1 al alcance de [&hellip;]<\/p>\n","protected":false},"author":7,"featured_media":0,"comment_status":"closed","ping_status":"closed","sticky":false,"template":"","format":"standard","meta":[],"categories":[1],"tags":[],"_links":{"self":[{"href":"https:\/\/blogs.lasprovincias.es\/carlospajuelo\/wp-json\/wp\/v2\/posts\/5552"}],"collection":[{"href":"https:\/\/blogs.lasprovincias.es\/carlospajuelo\/wp-json\/wp\/v2\/posts"}],"about":[{"href":"https:\/\/blogs.lasprovincias.es\/carlospajuelo\/wp-json\/wp\/v2\/types\/post"}],"author":[{"embeddable":true,"href":"https:\/\/blogs.lasprovincias.es\/carlospajuelo\/wp-json\/wp\/v2\/users\/7"}],"replies":[{"embeddable":true,"href":"https:\/\/blogs.lasprovincias.es\/carlospajuelo\/wp-json\/wp\/v2\/comments?post=5552"}],"version-history":[{"count":1,"href":"https:\/\/blogs.lasprovincias.es\/carlospajuelo\/wp-json\/wp\/v2\/posts\/5552\/revisions"}],"predecessor-version":[{"id":5553,"href":"https:\/\/blogs.lasprovincias.es\/carlospajuelo\/wp-json\/wp\/v2\/posts\/5552\/revisions\/5553"}],"wp:attachment":[{"href":"https:\/\/blogs.lasprovincias.es\/carlospajuelo\/wp-json\/wp\/v2\/media?parent=5552"}],"wp:term":[{"taxonomy":"category","embeddable":true,"href":"https:\/\/blogs.lasprovincias.es\/carlospajuelo\/wp-json\/wp\/v2\/categories?post=5552"},{"taxonomy":"post_tag","embeddable":true,"href":"https:\/\/blogs.lasprovincias.es\/carlospajuelo\/wp-json\/wp\/v2\/tags?post=5552"}],"curies":[{"name":"wp","href":"https:\/\/api.w.org\/{rel}","templated":true}]}}