{"id":5587,"date":"2024-05-13T15:53:09","date_gmt":"2024-05-13T15:53:09","guid":{"rendered":"https:\/\/blogs.lasprovincias.es\/carlospajuelo\/?p=5587"},"modified":"2024-05-13T15:53:09","modified_gmt":"2024-05-13T15:53:09","slug":"no-llores-por-mi-argentina-2","status":"publish","type":"post","link":"https:\/\/blogs.lasprovincias.es\/carlospajuelo\/2024\/05\/13\/no-llores-por-mi-argentina-2\/","title":{"rendered":"NO LLORES POR MI ARGENTINA"},"content":{"rendered":"<div dir=\"ltr\">NO LLORES POR MI ARGENTINA<\/div>\n<div dir=\"ltr\">Era en un mitin en plena campa\u00f1a.\u00a0 Oscar Puente se dej\u00f3 llevar por su \u00edntimo empuje insultador y puso al actual presidente de Argentina a los pies de los caballos y entre otras lindezas, llevado por la pasi\u00f3n arrolladora del insulto arrancados con las tijeras cortantes de su lengua sin freno, lo acus\u00f3 de consumir drogas<\/div>\n<div dir=\"ltr\">Era en el viento huracanado de una campa\u00f1a. la b\u00fasqueda facilona, por un pu\u00f1ado de votos. No s\u00e9 qu\u00e9 m\u00fasica le hubiera compuesto Morricone.<\/div>\n<div dir=\"ltr\">Estamos siempre en plena campa\u00f1a. De insultarse en pleno \u201ctemplo\u201d de la democracia a ir a ver al Rey a decirle: \u201cMajestad me quedo\u201d (no s\u00e9 s\u00ed lo dijo as\u00ed el Sr. presidente).<\/div>\n<div dir=\"ltr\">Lo que si dijo era lo que ya se intu\u00eda ME QUEDO. \u00bfCon las manos en los bolsillos en un gesto zafio?; digo yo que no hace falta ser mon\u00e1rquico para saber comportarse frente a otros. No es la primera vez que se observa total ninguneo a la figura del monarca.<\/div>\n<div dir=\"ltr\">Con el ME QUEDO se certifica aquello \u201cdel Estado soy yo\u201d, a lo Luis XIV.<\/div>\n<div dir=\"ltr\">Personalmente me parece bien que se quede, est\u00e1 en su derecho y en aceptarlo reside la esencia de la democracia; aunque no sea de tu agrado, aunque aquello que ha venido siendo limitado por los decretos ley te afecte, tambi\u00e9n las amenazas contra el poder judicial y los periodistas, explicitadas.<\/div>\n<div dir=\"ltr\">Se dice que no hay democracia sin prensa libre, o todo lo libre que permite el sistema.<\/div>\n<div dir=\"ltr\">Al margen de la carta escrita por un \u201cfontanero\u201d aficionado a Cor\u00edn Tellado, se me hab\u00eda olvidado \u201cel insultador\u201d, que lleg\u00f3 a decir que el presidente argentino- llegado democr\u00e1ticamente- tomaba drogas. Se lo dec\u00eda a un pa\u00eds con el que mantenemos esplendidas relaciones casi desde que nos mandaban lotes de carne congelada despu\u00e9s de la guerra. Claro que esa es otra historia.<\/div>\n<div dir=\"ltr\">Resulta muy extra\u00f1o que el Sr. Bola\u00f1os no haya escenificado una de sus intervenciones, rodeado de su verborrea supuestamente jur\u00eddica. Por cierto, corre en las redes un video de brutal ataque al fiscal general del estado por un miembro del Consejo de estado. Tampoco he o\u00eddo nada. Estoy sordo. Es obvio que el p\u00f3ker gubernamental va ganando<\/div>\n","protected":false},"excerpt":{"rendered":"<p>NO LLORES POR MI ARGENTINA Era en un mitin en plena campa\u00f1a.\u00a0 Oscar Puente se dej\u00f3 llevar por su \u00edntimo empuje insultador y puso al actual presidente de Argentina a los pies de los caballos y entre otras lindezas, llevado por la pasi\u00f3n arrolladora del insulto arrancados con las tijeras cortantes de su lengua sin [&hellip;]<\/p>\n","protected":false},"author":7,"featured_media":0,"comment_status":"closed","ping_status":"closed","sticky":false,"template":"","format":"standard","meta":[],"categories":[1],"tags":[],"_links":{"self":[{"href":"https:\/\/blogs.lasprovincias.es\/carlospajuelo\/wp-json\/wp\/v2\/posts\/5587"}],"collection":[{"href":"https:\/\/blogs.lasprovincias.es\/carlospajuelo\/wp-json\/wp\/v2\/posts"}],"about":[{"href":"https:\/\/blogs.lasprovincias.es\/carlospajuelo\/wp-json\/wp\/v2\/types\/post"}],"author":[{"embeddable":true,"href":"https:\/\/blogs.lasprovincias.es\/carlospajuelo\/wp-json\/wp\/v2\/users\/7"}],"replies":[{"embeddable":true,"href":"https:\/\/blogs.lasprovincias.es\/carlospajuelo\/wp-json\/wp\/v2\/comments?post=5587"}],"version-history":[{"count":1,"href":"https:\/\/blogs.lasprovincias.es\/carlospajuelo\/wp-json\/wp\/v2\/posts\/5587\/revisions"}],"predecessor-version":[{"id":5588,"href":"https:\/\/blogs.lasprovincias.es\/carlospajuelo\/wp-json\/wp\/v2\/posts\/5587\/revisions\/5588"}],"wp:attachment":[{"href":"https:\/\/blogs.lasprovincias.es\/carlospajuelo\/wp-json\/wp\/v2\/media?parent=5587"}],"wp:term":[{"taxonomy":"category","embeddable":true,"href":"https:\/\/blogs.lasprovincias.es\/carlospajuelo\/wp-json\/wp\/v2\/categories?post=5587"},{"taxonomy":"post_tag","embeddable":true,"href":"https:\/\/blogs.lasprovincias.es\/carlospajuelo\/wp-json\/wp\/v2\/tags?post=5587"}],"curies":[{"name":"wp","href":"https:\/\/api.w.org\/{rel}","templated":true}]}}