{"id":5589,"date":"2024-05-15T19:55:50","date_gmt":"2024-05-15T19:55:50","guid":{"rendered":"https:\/\/blogs.lasprovincias.es\/carlospajuelo\/?p=5589"},"modified":"2024-05-15T19:55:50","modified_gmt":"2024-05-15T19:55:50","slug":"nueva-novela-y-la-ai","status":"publish","type":"post","link":"https:\/\/blogs.lasprovincias.es\/carlospajuelo\/2024\/05\/15\/nueva-novela-y-la-ai\/","title":{"rendered":"Nueva novela y la AI"},"content":{"rendered":"<table border=\"0\" width=\"100%\" cellspacing=\"0\" cellpadding=\"0\">\n<tbody>\n<tr>\n<td width=\"15\"><\/td>\n<td>\n<table border=\"0\" width=\"100%\" cellspacing=\"0\" cellpadding=\"0\">\n<tbody>\n<tr>\n<td height=\"28\"><\/td>\n<\/tr>\n<tr>\n<td><span class=\"yiv5952492516mb_text\"><a href=\"https:\/\/www.facebook.com\/nd\/?UCHCEU&amp;lloc=profile_link&amp;aref=1715767036261322&amp;medium=email&amp;mid=6187adb20b0f8G4461bb26G6187b24b6b3caG52&amp;bcode=2.1715779175.AbwHtkvEeQ11uZiFY7g&amp;n_m=periodista1940%40yahoo.com\" target=\"_blank\" rel=\"nofollow noopener noreferrer external\">Universidad CEU Cardenal Herrera<\/a>\u00a0te etiquet\u00f3 en una publicaci\u00f3n. Puedes elegir si quieres agregarla a tu biograf\u00eda.<\/span><\/td>\n<\/tr>\n<tr>\n<td height=\"28\"><\/td>\n<\/tr>\n<tr>\n<td><span class=\"yiv5952492516mb_text\">Recuerda que las publicaciones ocultas en tu biograf\u00eda pueden aparecer en el feed y en otros lugares de Facebook.<\/span><\/td>\n<\/tr>\n<tr>\n<td height=\"28\"><\/td>\n<\/tr>\n<tr>\n<td>\n<table border=\"0\" width=\"100%\" cellspacing=\"0\" cellpadding=\"0\">\n<tbody>\n<tr>\n<td>\n<table border=\"0\" width=\"100%\" cellspacing=\"0\" cellpadding=\"0\">\n<tbody>\n<tr>\n<td><a href=\"https:\/\/www.facebook.com\/nd\/?UCHCEU&amp;aref=1715767036261322&amp;medium=email&amp;mid=6187adb20b0f8G4461bb26G6187b24b6b3caG52&amp;bcode=2.1715779175.AbwHtkvEeQ11uZiFY7g&amp;n_m=periodista1940%40yahoo.com&amp;lloc=image&amp;rms=v2&amp;irms=true\" target=\"_blank\" rel=\"nofollow noopener noreferrer external\"><img loading=\"lazy\" src=\"https:\/\/ecp.yusercontent.com\/mail?url=https%3A%2F%2Fscontent.xx.fbcdn.net%2Fv%2Ft39.30808-1%2F352272705_2182551945278109_4754759600779205354_n.jpg%3Fstp%3Ddst-jpg_p100x100%26_nc_cat%3D107%26ccb%3D1-7%26_nc_sid%3D5f2048%26_nc_ohc%3Dqo-syL049EgQ7kNvgG7vBAj%26_nc_ad%3Dz-m%26_nc_cid%3D0%26_nc_ht%3Dscontent.xx%26oh%3D00_AYDvTfq6q343ENULR3p0P-epc_5dTWrMGtU_HHygqJm0Gw%26oe%3D664A7CC7&amp;t=1715802773&amp;ymreqid=38838429-c230-97df-1c77-e30000019d00&amp;sig=2Di40kwKDQo6M3P8RmDt0A--~D\" width=\"50\" height=\"50\" \/><\/a><\/td>\n<td width=\"10\"><\/td>\n<td width=\"100%\">\n<table border=\"0\" cellspacing=\"0\" cellpadding=\"0\">\n<tbody>\n<tr>\n<td><a href=\"https:\/\/www.facebook.com\/nd\/?UCHCEU&amp;aref=1715767036261322&amp;medium=email&amp;mid=6187adb20b0f8G4461bb26G6187b24b6b3caG52&amp;bcode=2.1715779175.AbwHtkvEeQ11uZiFY7g&amp;n_m=periodista1940%40yahoo.com&amp;lloc=image&amp;rms=v2&amp;irms=true\" target=\"_blank\" rel=\"nofollow noopener noreferrer external\">Universidad CEU Cardenal Herrera<\/a><\/td>\n<\/tr>\n<tr>\n<td>15 de mayo a las 11:57\u202fa.m.<\/td>\n<\/tr>\n<\/tbody>\n<\/table>\n<\/td>\n<\/tr>\n<tr>\n<td height=\"10\"><\/td>\n<\/tr>\n<tr>\n<td colspan=\"3\"><span class=\"yiv5952492516mb_text\">El periodista y profesor\u00a0<a href=\"https:\/\/www.facebook.com\/nd\/?carlos.p.dearcos&amp;aref=1715767036261322&amp;medium=email&amp;mid=6187adb20b0f8G4461bb26G6187b24b6b3caG52&amp;bcode=2.1715779175.AbwHtkvEeQ11uZiFY7g&amp;n_m=periodista1940%40yahoo.com&amp;rms=v2&amp;irms=true\" target=\"_blank\" rel=\"nofollow noopener noreferrer external\">Carlos Pajuelo De Arcos<\/a>\u00a0visit\u00f3 la Universidad CEU Cardenal Herrera para compartir sus reflexiones sobre la \u00e9tica en la Inteligencia Artificial (IA) aplicada a la edici\u00f3n de libros coincidiendo con la presentaci\u00f3n de su \u00faltima novela, \u2018La carta del muerto\u2019.<\/p>\n<p>Un encuentro que reuni\u00f3 a antiguos colegas y alumnos, entre ellos el Decano de la Facultad de Humanidades y Ciencias de la Comunicaci\u00f3n,\u00a0<a href=\"https:\/\/www.facebook.com\/nd\/?jose.amiguetesteban&amp;aref=1715767036261322&amp;medium=email&amp;mid=6187adb20b0f8G4461bb26G6187b24b6b3caG52&amp;bcode=2.1715779175.AbwHtkvEeQ11uZiFY7g&amp;n_m=periodista1940%40yahoo.com&amp;rms=v2&amp;irms=true\" target=\"_blank\" rel=\"nofollow noopener noreferrer external\">Jose Amiguet Esteban<\/a>, encargado de liderar un di\u00e1logo con el veterano periodista en un evento vivido con intensidad que sirvi\u00f3 para reconectar y compartir experiencias entre los presentes.<\/p>\n","protected":false},"excerpt":{"rendered":"<p>Universidad CEU Cardenal Herrera\u00a0te etiquet\u00f3 en una publicaci\u00f3n. Puedes elegir si quieres agregarla a tu biograf\u00eda. Recuerda que las publicaciones ocultas en tu biograf\u00eda pueden aparecer en el feed y en otros lugares de Facebook. Universidad CEU Cardenal Herrera 15 de mayo a las 11:57\u202fa.m. El periodista y profesor\u00a0Carlos Pajuelo De Arcos\u00a0visit\u00f3 la Universidad CEU [&hellip;]<\/p>\n","protected":false},"author":7,"featured_media":0,"comment_status":"closed","ping_status":"closed","sticky":false,"template":"","format":"standard","meta":[],"categories":[1],"tags":[],"_links":{"self":[{"href":"https:\/\/blogs.lasprovincias.es\/carlospajuelo\/wp-json\/wp\/v2\/posts\/5589"}],"collection":[{"href":"https:\/\/blogs.lasprovincias.es\/carlospajuelo\/wp-json\/wp\/v2\/posts"}],"about":[{"href":"https:\/\/blogs.lasprovincias.es\/carlospajuelo\/wp-json\/wp\/v2\/types\/post"}],"author":[{"embeddable":true,"href":"https:\/\/blogs.lasprovincias.es\/carlospajuelo\/wp-json\/wp\/v2\/users\/7"}],"replies":[{"embeddable":true,"href":"https:\/\/blogs.lasprovincias.es\/carlospajuelo\/wp-json\/wp\/v2\/comments?post=5589"}],"version-history":[{"count":1,"href":"https:\/\/blogs.lasprovincias.es\/carlospajuelo\/wp-json\/wp\/v2\/posts\/5589\/revisions"}],"predecessor-version":[{"id":5590,"href":"https:\/\/blogs.lasprovincias.es\/carlospajuelo\/wp-json\/wp\/v2\/posts\/5589\/revisions\/5590"}],"wp:attachment":[{"href":"https:\/\/blogs.lasprovincias.es\/carlospajuelo\/wp-json\/wp\/v2\/media?parent=5589"}],"wp:term":[{"taxonomy":"category","embeddable":true,"href":"https:\/\/blogs.lasprovincias.es\/carlospajuelo\/wp-json\/wp\/v2\/categories?post=5589"},{"taxonomy":"post_tag","embeddable":true,"href":"https:\/\/blogs.lasprovincias.es\/carlospajuelo\/wp-json\/wp\/v2\/tags?post=5589"}],"curies":[{"name":"wp","href":"https:\/\/api.w.org\/{rel}","templated":true}]}}