{"id":5591,"date":"2024-05-16T05:02:21","date_gmt":"2024-05-16T05:02:21","guid":{"rendered":"https:\/\/blogs.lasprovincias.es\/carlospajuelo\/?p=5591"},"modified":"2024-05-16T05:02:21","modified_gmt":"2024-05-16T05:02:21","slug":"libros-de-cabecera","status":"publish","type":"post","link":"https:\/\/blogs.lasprovincias.es\/carlospajuelo\/2024\/05\/16\/libros-de-cabecera\/","title":{"rendered":"LIBROS DE CABECERA"},"content":{"rendered":"<div dir=\"ltr\">LIBROS DE CABECERA<\/div>\n<div dir=\"ltr\">Acabada ya la Feria del Libro en Valencia con gran \u00e9xito de p\u00fablico y ventas, seg\u00fan la organizaci\u00f3n, los kilos o toneladas de papel se van retirando. Los responsables de las casetas sudan tanto, quiz\u00e1s, como los escritores que hemos pasado alguna hora por all\u00ed con el \u00e1nimo interrogante de cuantos ejemplares firmaremos.<\/div>\n<div dir=\"ltr\">De inmediato puede surgir en el lector la pregunta: \u00bfCu\u00e1ntos firmo usted No suelo decirlo, porque hay cosas que no se preguntan y los asiduos al foro jur\u00eddico se han inventado para ello una frase definitiva? \u201cSecreto del sumario\u201d e incluso alguien que viaja mucho a eso que llaman el extranjero- un vocablo cada vez menos dado el aparente globalismo que nos rodea- me dice que en esos sitios lejanos se han prohibido hablar de pol\u00edtica y de religi\u00f3n. Aqu\u00ed ya lo dec\u00eda D. Ram\u00f3n y Cajal en su celebrado quiz\u00e1s menos conocido, ensayo titulado \u201cCharlas de caf\u00e9\u201d. Un ensayo, o un librito como ustedes prefieran calificarlo, que nos ofrece pensamientos, consejos, observaciones que el tiempo no ha borrado; al contrario, lo han puesto de moda s\u00ed es que ahora alguien lo leyera.<\/div>\n<div dir=\"ltr\">Pol\u00edtica y religi\u00f3n deben estar prohibidos en las charlas cafeteras o personales porque se puede dar la circunstancia de la p\u00e9rdida del tertuliano de turno por mor de una diferencia de opini\u00f3n.<\/div>\n<div dir=\"ltr\">Nos queda el sexo para hablar, que no para presumir o dar p\u00e1bulo a las mentiras que sobre ese asunto se dan. Y siempre en mi memoria la an\u00e9cdota, dicen, de Domingu\u00edn compa\u00f1ero temporal de lecho de Ava Gadner que al ser reprochado por un propio de Domingu\u00edn este contest\u00f3 \u00bfy si no se puede o debe contar para que entonces? Ser\u00eda un machista. \u00bfNo?<\/div>\n<div dir=\"ltr\">No s\u00e9 si ser\u00e1 cierto, pero lo traigo a colaci\u00f3n por recordar haberlo le\u00eddo. Cosas.<\/div>\n<div dir=\"ltr\">Entonces si no est\u00e1 permitido, cualquiera que sea la raz\u00f3n, hablar de pol\u00edtica, de religi\u00f3n o no est\u00e1 bien visto presumir de gal\u00e1n sin fronteras. Me pregunto yo: \u00bfDe qu\u00e9 vamos a hablar? \u00bfPara qu\u00e9 nos sirve leer y pensar en Dios o en el gobernante de turno? Encuentre usted mismo la respuesta. En vez de leerme a mi lea usted a Maquiavelo. No ha pasado de moda.<\/div>\n","protected":false},"excerpt":{"rendered":"<p>LIBROS DE CABECERA Acabada ya la Feria del Libro en Valencia con gran \u00e9xito de p\u00fablico y ventas, seg\u00fan la organizaci\u00f3n, los kilos o toneladas de papel se van retirando. Los responsables de las casetas sudan tanto, quiz\u00e1s, como los escritores que hemos pasado alguna hora por all\u00ed con el \u00e1nimo interrogante de cuantos ejemplares [&hellip;]<\/p>\n","protected":false},"author":7,"featured_media":0,"comment_status":"closed","ping_status":"closed","sticky":false,"template":"","format":"standard","meta":[],"categories":[1],"tags":[],"_links":{"self":[{"href":"https:\/\/blogs.lasprovincias.es\/carlospajuelo\/wp-json\/wp\/v2\/posts\/5591"}],"collection":[{"href":"https:\/\/blogs.lasprovincias.es\/carlospajuelo\/wp-json\/wp\/v2\/posts"}],"about":[{"href":"https:\/\/blogs.lasprovincias.es\/carlospajuelo\/wp-json\/wp\/v2\/types\/post"}],"author":[{"embeddable":true,"href":"https:\/\/blogs.lasprovincias.es\/carlospajuelo\/wp-json\/wp\/v2\/users\/7"}],"replies":[{"embeddable":true,"href":"https:\/\/blogs.lasprovincias.es\/carlospajuelo\/wp-json\/wp\/v2\/comments?post=5591"}],"version-history":[{"count":1,"href":"https:\/\/blogs.lasprovincias.es\/carlospajuelo\/wp-json\/wp\/v2\/posts\/5591\/revisions"}],"predecessor-version":[{"id":5592,"href":"https:\/\/blogs.lasprovincias.es\/carlospajuelo\/wp-json\/wp\/v2\/posts\/5591\/revisions\/5592"}],"wp:attachment":[{"href":"https:\/\/blogs.lasprovincias.es\/carlospajuelo\/wp-json\/wp\/v2\/media?parent=5591"}],"wp:term":[{"taxonomy":"category","embeddable":true,"href":"https:\/\/blogs.lasprovincias.es\/carlospajuelo\/wp-json\/wp\/v2\/categories?post=5591"},{"taxonomy":"post_tag","embeddable":true,"href":"https:\/\/blogs.lasprovincias.es\/carlospajuelo\/wp-json\/wp\/v2\/tags?post=5591"}],"curies":[{"name":"wp","href":"https:\/\/api.w.org\/{rel}","templated":true}]}}