{"id":5624,"date":"2024-09-29T02:16:19","date_gmt":"2024-09-29T02:16:19","guid":{"rendered":"https:\/\/blogs.lasprovincias.es\/carlospajuelo\/?p=5624"},"modified":"2024-09-29T02:16:19","modified_gmt":"2024-09-29T02:16:19","slug":"la-vanidad","status":"publish","type":"post","link":"https:\/\/blogs.lasprovincias.es\/carlospajuelo\/2024\/09\/29\/la-vanidad\/","title":{"rendered":"LA VANIDAD"},"content":{"rendered":"<p><strong>LA VANIDAD<\/strong><\/p>\n<p><strong>Empiezo a considerar como cierta mi idea de dudar de todo. Ya no sabes lo que es cierto y lo que no lo es. <\/strong><\/p>\n<p><strong>Me ha llegado un video donde se da cuenta de que nuestro presidente del gobierno ha sido \u201cestafado\u201d por un grupo de feministas, siendo \u201cel gancho\u201d la actriz Anne Hathaway.<\/strong><\/p>\n<p><strong>La estafa puede no ser tal en la medida que se trata de una organizaci\u00f3n de la ONU, aunque es dudoso el m\u00e9todo empleado para ello. <\/strong><\/p>\n<p><strong>Se trataba de una gala en la que el precio de cada cubierto era de 750 mil euros por cabeza. \u00a0Desconozco si hemos pagado, as\u00ed como el lugar donde se sirvi\u00f3 la car\u00edsima cena en honor del feminismo mundial. Ha sido como los t\u00e9s de caridad antiguos, aunque un poco m\u00e1s caro.<\/strong><\/p>\n<p><strong>\u00a0All\u00ed se recibir\u00eda de la mano de la actriz Anne Hathaway\u00a0alg\u00fan diploma, estatuilla o algo semejante con foto incluida. Era como el reconocimiento de las aportaciones a \u201cONU mujeres\u201d que ha venido realizando el Sr. S\u00e1nchez con dinero p\u00fablico, a cambio de una serie de \u201cpiropos\u201d como feminista del a\u00f1o.\u00a0\u00a0 <\/strong><\/p>\n<p><strong>\u00a0Hubo foto, pero no con la actriz y s\u00ed con la diplom\u00e1tica jordana Sima Bahous que es la directora de\u201d ONU mujeres\u201d. El \u201cbello\u201d Pedro mantuvo el tipo y a trav\u00e9s de su sonrisa no se filtra nada de la mala uva generada por \u201cel enga\u00f1o\u201d feminista.<\/strong><\/p>\n<p><strong>La frustraci\u00f3n llega cuando pese a haberlo anunciado a bombo y platillo a los periodistas de \u201cla casa\u201d, la actriz no se dejo ver y s\u00ed se supo que no pod\u00eda asistir por problemas personales.<\/strong><\/p>\n<p><strong>Esta noticia ha generado un caudal de noticias con acento de chanza y a m\u00ed me lleva a la idea de la vanidad.<\/strong><\/p>\n<p><strong>Creo que el presidente del Gobierno ha ca\u00eddo como en su d\u00eda Narciso en su propia belleza. Narciso muere ahogado por su propio reflejo y de ello nace una flor se su mismo nombre.<\/strong><\/p>\n<p><strong>\u00bfQu\u00e9 flor nacer\u00e1 cuando nuestro Narciso local se ahogue? \u00bfSanchizo?. La mam\u00e1 griega de nuestro Narciso le dijo: no te mires nunca en un espejo y cu\u00eddate de las corrientes de agua.<\/strong><\/p>\n<p><strong>De momento se \u00a0ha convocado un Congreso Federal. Veremos, o mejor ver\u00e1.<\/strong><\/p>\n<p><strong>.<\/strong><\/p>\n<p><strong>\u00a0<\/strong><\/p>\n<p><strong>\u00a0<\/strong><\/p>\n<p><strong>\u00a0<\/strong><\/p>\n","protected":false},"excerpt":{"rendered":"<p>LA VANIDAD Empiezo a considerar como cierta mi idea de dudar de todo. Ya no sabes lo que es cierto y lo que no lo es. Me ha llegado un video donde se da cuenta de que nuestro presidente del gobierno ha sido \u201cestafado\u201d por un grupo de feministas, siendo \u201cel gancho\u201d la actriz Anne [&hellip;]<\/p>\n","protected":false},"author":7,"featured_media":0,"comment_status":"closed","ping_status":"closed","sticky":false,"template":"","format":"standard","meta":[],"categories":[1],"tags":[],"_links":{"self":[{"href":"https:\/\/blogs.lasprovincias.es\/carlospajuelo\/wp-json\/wp\/v2\/posts\/5624"}],"collection":[{"href":"https:\/\/blogs.lasprovincias.es\/carlospajuelo\/wp-json\/wp\/v2\/posts"}],"about":[{"href":"https:\/\/blogs.lasprovincias.es\/carlospajuelo\/wp-json\/wp\/v2\/types\/post"}],"author":[{"embeddable":true,"href":"https:\/\/blogs.lasprovincias.es\/carlospajuelo\/wp-json\/wp\/v2\/users\/7"}],"replies":[{"embeddable":true,"href":"https:\/\/blogs.lasprovincias.es\/carlospajuelo\/wp-json\/wp\/v2\/comments?post=5624"}],"version-history":[{"count":1,"href":"https:\/\/blogs.lasprovincias.es\/carlospajuelo\/wp-json\/wp\/v2\/posts\/5624\/revisions"}],"predecessor-version":[{"id":5625,"href":"https:\/\/blogs.lasprovincias.es\/carlospajuelo\/wp-json\/wp\/v2\/posts\/5624\/revisions\/5625"}],"wp:attachment":[{"href":"https:\/\/blogs.lasprovincias.es\/carlospajuelo\/wp-json\/wp\/v2\/media?parent=5624"}],"wp:term":[{"taxonomy":"category","embeddable":true,"href":"https:\/\/blogs.lasprovincias.es\/carlospajuelo\/wp-json\/wp\/v2\/categories?post=5624"},{"taxonomy":"post_tag","embeddable":true,"href":"https:\/\/blogs.lasprovincias.es\/carlospajuelo\/wp-json\/wp\/v2\/tags?post=5624"}],"curies":[{"name":"wp","href":"https:\/\/api.w.org\/{rel}","templated":true}]}}