{"id":1133,"date":"2016-02-16T14:42:15","date_gmt":"2016-02-16T14:42:15","guid":{"rendered":"http:\/\/blogs.lasprovincias.es\/colorincolorado\/?p=1133"},"modified":"2016-02-16T14:42:15","modified_gmt":"2016-02-16T14:42:15","slug":"en-busca-de-cupido","status":"publish","type":"post","link":"https:\/\/blogs.lasprovincias.es\/colorincolorado\/2016\/02\/16\/en-busca-de-cupido\/","title":{"rendered":"En busca de Cupido"},"content":{"rendered":"<p><a href=\"\/colorincolorado\/wp-content\/uploads\/sites\/3\/2016\/02\/Imagen-Cayetano-Garc\u00eda-torero-y-personal-tr-94644014-1.jpg\"><img loading=\"lazy\" class=\"alignleft size-medium wp-image-1135\" title=\"El torero Cayetano Garc\u00eda sostiene una foto junto a Yolanda Gellida, Helena Aroca y Manuel Benlloch.\" src=\"\/colorincolorado\/wp-content\/uploads\/sites\/3\/2016\/02\/Imagen-Cayetano-Garc\u00eda-torero-y-personal-tr-94644014.jpg\" alt=\"\" width=\"300\" height=\"214\" \/><\/a>Quiero felicitar desde aqu\u00ed a todos aquellos que se llaman Valent\u00edn. A los que est\u00e1n enamorados hasta las trancas (o hasta el infinito, que queda m\u00e1s cursi) y a los que no. Porque ser soltero, cr\u00e9anme, no le impide a uno disfrutar con optimismo del d\u00eda de hoy, San Valent\u00edn. Vamos, que no se sabe si cuando vaya a por el pan o a limpiar el coche se encontrar\u00e1 a la vuelta de la esquina con su media naranja y, de esta forma, despedir\u00e1 su solter\u00eda por la puerta grande y como Dios manda.<br \/>\nNo sabr\u00eda decirles si, al final, los protagonistas de esta cr\u00f3nica lo lograron o no. Si les alcanzaron las flechas del amor, como canta Karina, y si salieron de la fiesta con pareja. Pero lo cierto es que, de nuevo singles o no, se lo pasaron pipa. \u00bfY d\u00f3nde fueron?, preguntar\u00e1n. Pues todos ellos acudieron a un \u2018sarao\u2019 cuyo objetivo fue celebrar el d\u00eda de \u2018Sin Valent\u00edn\u2019.<br \/>\nCon un n\u00famero pegado en la solapa, una tarjeta para dejar mensajes a aquel o aquella que les rob\u00f3 m\u00e1s de una mirada esa noche y muchas ganas de divertirse llegaron\u00a0<strong>Amparo Bas, Beatriz Poyatos, Emilio Vic\u00f3, Paula Pastor, Ariadna Mir<\/strong>\u00a0y\u00a0<strong>Victoria Escolano<\/strong>.<br \/>\nNada m\u00e1s entrar, corazones, corazones y m\u00e1s corazones: los m\u00e1s dulces, de gominola, y otros recortados sobre cartulina roja y pegados por las paredes. No falt\u00f3 ning\u00fan detalle, pues de fondo no par\u00f3 de sonar m\u00fasica para enamorar y tambi\u00e9n se organiz\u00f3 una degustaci\u00f3n de vinos muy graciosos que se llamaban \u2018El novio perfecto\u2019 y \u2018La novia ideal\u2019. Hasta se habilit\u00f3 un buz\u00f3n para dejar dedicatorias.<br \/>\nA la velada, que para ser objetivos les dir\u00e9 que cont\u00f3 con m\u00e1s mujeres que hombres (aqu\u00ed no sabr\u00eda explicarles por qu\u00e9 raz\u00f3n), acudieron tambi\u00e9n la publicista\u00a0<strong>Mar\u00eda Esterlich<\/strong>, las encargadas de marketing en Brandmanic,\u00a0<strong>Marta Celada<\/strong>\u00a0y\u00a0<strong>Ana Gim\u00e9nez<\/strong>;<strong>\u00a0Juli\u00e1n P\u00e9rez<\/strong>, marketing en Idasfest, y la arquitecto t\u00e9cnico\u00a0<strong>Luc\u00eda Solera<\/strong>.<br \/>\nLos propietarios de Lotelito,\u00a0<strong>Paco Alanzor<\/strong>\u00a0y\u00a0<strong>Manu Ragull<\/strong>, se unieron tambi\u00e9n a la fiesta junto a\u00a0<strong>Miguel Rives<\/strong>,\u00a0<strong>Mar Palomares<\/strong>, la visitadora m\u00e9dica\u00a0<strong>Lorena P\u00e9rez<\/strong>, la cocinera\u00a0<strong>Mar Vila<\/strong>, la maquilladora\u00a0<strong>Helena Aroca<\/strong>, la ingeniera de dise\u00f1o\u00a0<strong>Bego\u00f1a Cubero<\/strong>,\u00a0<strong>Yolanda Gellida<\/strong>, la oficial de notar\u00eda\u00a0<strong>Patricia San Bartolom\u00e9<\/strong>,\u00a0<strong>Alicia Molinari<\/strong>\u00a0o\u00a0<strong>Mar\u00eda \u00c1ngeles Le\u00f3n<\/strong>. Y para que vean el buen rollo que hubo durante todo el \u2018sarao\u2019 y la diversi\u00f3n que all\u00ed se coci\u00f3, que estas \u00faltimas se autoproclamaron, con toda su gracia, las \u00absolteritas de oro\u00bb de la noche.<br \/>\nSiguiendo con los invitados, tambi\u00e9n quisieron estar presentes\u00a0<strong>Laura Pichel<\/strong>\u00a0y\u00a0<strong>Yolanda \u00c1vila<\/strong>,<strong>\u00a0Cristina Pascual, Laura Montoro, Silvia Aznar, Clara Menor<\/strong>.<br \/>\nAl final de la noche se uni\u00f3 a la fiesta\u00a0<strong>Cayetano Garc\u00eda<\/strong>, torero y personal trainer, que acudi\u00f3 con su padre\u00a0<strong>Juli\u00e1n Garc\u00eda<\/strong>, reconocido matador valenciano. Como apunte les contar\u00e9 que el joven fue la persona en la que se inspir\u00f3 el artista\u00a0<strong>Manuel Benlloch<\/strong>\u00a0para realizar su obra. Y es que, Benlloch presentaba tambi\u00e9n en el evento su nueva colecci\u00f3n de bisuter\u00eda inspirada en San Valent\u00edn y dos de sus cuadros m\u00e1s recientes que pint\u00f3 utilizando una t\u00e9cnica de lo m\u00e1s original creando efectos \u00f3pticos.<br \/>\nLa noche se coron\u00f3 con un espect\u00e1culo de humor a cargo de \u2018Chicharro\u2019. \u00c9l se encarg\u00f3 de leer y emparejar a los atrevidos singles no s\u00f3lo con el n\u00famero que cada uno llevaba en la ropa, sino desvelando sus identidades.<\/p>\n","protected":false},"excerpt":{"rendered":"<p>Quiero felicitar desde aqu\u00ed a todos aquellos que se llaman Valent\u00edn. A los que est\u00e1n enamorados hasta las trancas (o hasta el infinito, que queda m\u00e1s cursi) y a los que no. Porque ser soltero, cr\u00e9anme, no le impide a uno disfrutar con optimismo del d\u00eda de hoy, San Valent\u00edn. Vamos, que no se sabe [&hellip;]<\/p>\n","protected":false},"author":5,"featured_media":0,"comment_status":"open","ping_status":"open","sticky":false,"template":"","format":"standard","meta":[],"categories":[3],"tags":[171,222],"_links":{"self":[{"href":"https:\/\/blogs.lasprovincias.es\/colorincolorado\/wp-json\/wp\/v2\/posts\/1133"}],"collection":[{"href":"https:\/\/blogs.lasprovincias.es\/colorincolorado\/wp-json\/wp\/v2\/posts"}],"about":[{"href":"https:\/\/blogs.lasprovincias.es\/colorincolorado\/wp-json\/wp\/v2\/types\/post"}],"author":[{"embeddable":true,"href":"https:\/\/blogs.lasprovincias.es\/colorincolorado\/wp-json\/wp\/v2\/users\/5"}],"replies":[{"embeddable":true,"href":"https:\/\/blogs.lasprovincias.es\/colorincolorado\/wp-json\/wp\/v2\/comments?post=1133"}],"version-history":[{"count":0,"href":"https:\/\/blogs.lasprovincias.es\/colorincolorado\/wp-json\/wp\/v2\/posts\/1133\/revisions"}],"wp:attachment":[{"href":"https:\/\/blogs.lasprovincias.es\/colorincolorado\/wp-json\/wp\/v2\/media?parent=1133"}],"wp:term":[{"taxonomy":"category","embeddable":true,"href":"https:\/\/blogs.lasprovincias.es\/colorincolorado\/wp-json\/wp\/v2\/categories?post=1133"},{"taxonomy":"post_tag","embeddable":true,"href":"https:\/\/blogs.lasprovincias.es\/colorincolorado\/wp-json\/wp\/v2\/tags?post=1133"}],"curies":[{"name":"wp","href":"https:\/\/api.w.org\/{rel}","templated":true}]}}