{"id":1144,"date":"2016-03-07T10:26:09","date_gmt":"2016-03-07T10:26:09","guid":{"rendered":"http:\/\/blogs.lasprovincias.es\/colorincolorado\/?p=1144"},"modified":"2016-03-07T10:26:09","modified_gmt":"2016-03-07T10:26:09","slug":"viaje-entre-culturas","status":"publish","type":"post","link":"https:\/\/blogs.lasprovincias.es\/colorincolorado\/2016\/03\/07\/viaje-entre-culturas\/","title":{"rendered":"Viaje entre culturas"},"content":{"rendered":"<div id=\"attachment_1145\" style=\"width: 310px\" class=\"wp-caption alignleft\"><a href=\"\/colorincolorado\/wp-content\/uploads\/sites\/3\/2016\/03\/almunia-desfile.jpg\"><img aria-describedby=\"caption-attachment-1145\" loading=\"lazy\" class=\"size-medium wp-image-1145\" title=\"Seis modelos posan con  las creaciones surgidas del  taller de la joven  dise\u00f1adora Nadia Zein. \/  RODRIGO ASENSIO\" src=\"\/colorincolorado\/wp-content\/uploads\/sites\/3\/2016\/03\/almunia-desfile.jpg\" alt=\"Seis modelos posan con  las creaciones surgidas del  taller de la joven  dise\u00f1adora Nadia Zein. \/  RODRIGO ASENSIO\" width=\"300\" height=\"204\" srcset=\"https:\/\/static-blogs.lasprovincias.es\/wp-content\/uploads\/sites\/3\/2016\/03\/almunia-desfile.jpg 900w, https:\/\/static-blogs.lasprovincias.es\/wp-content\/uploads\/sites\/3\/2016\/03\/almunia-desfile-300x205.jpg 300w, https:\/\/static-blogs.lasprovincias.es\/wp-content\/uploads\/sites\/3\/2016\/03\/almunia-desfile-768x524.jpg 768w\" sizes=\"(max-width: 300px) 100vw, 300px\" \/><\/a><p id=\"caption-attachment-1145\" class=\"wp-caption-text\">Seis modelos posan con  las creaciones surgidas del  taller de la joven  dise\u00f1adora Nadia Zein. \/ RODRIGO ASENSIO<\/p><\/div>\n<p>La verdad es que no he tenido ni la suerte ni el placer de viajar a Marruecos. Lo tengo pendiente hace ya muchos a\u00f1os y desde la otra noche hay algo que me hace volver a recordar las ganas inmensas de conocer su cultura y costumbres. Las \u2018culpables\u2019 fueron unas jornadas, organizadas por <strong>Abdul Draoui<\/strong>, director del BMCE Bank y propietario del restaurante Almunia, donde se celebr\u00f3 todo, que se convirtieron en un escenario de reflexi\u00f3n sobre el di\u00e1logo y la convivencia, y que pusieron de manifiesto la existencia de m\u00e1s puntos de uni\u00f3n que de divergencia entre la cultura espa\u00f1ola y la \u00e1rabe. Durante dos d\u00edas se pudo disfrutar de la mejor gastronom\u00eda, literatura y arte, de las espectaculares danzas del vientre y de la mejor la m\u00fasica marroqu\u00ed. Y el colof\u00f3n a todo ello lo puso la joven dise\u00f1adora marroqu\u00ed, aunque afincada en Valencia, <strong>Nadia Zein<\/strong>, que present\u00f3 una peque\u00f1a muestra de sus dise\u00f1os en un desfile lleno de color y artesan\u00eda.<br \/>\nPor las instalaciones del local se improvis\u00f3 una pasarela por la que desfilaron seis modelos, todas ellas mostrando el esp\u00edritu y la esencia del mundo \u00e1rabe. Media docena de trajes de fiesta elaborados con gasas y sedas naturales, adornados con lentejuelas y con deslumbrantes turbantes tambi\u00e9n hechos por Zein. Las joyas que se lucieron corrieron a cargo de <strong>Brotoc\u00f3 Atelier<\/strong>.<br \/>\nFueron muchas las personalidades que quisieron apoyar la iniciativa con su presencia. Estuvieron <strong>Amin Chaoudri<\/strong>, C\u00f3nsul del Reino de Marruecos en Valencia; <strong>Daniel Benito Goerlich<\/strong>, catedr\u00e1tico de Historia del Arte de la Universitat de Val\u00e8ncia; <strong>Miquel Requena Jim\u00e9nez<\/strong>, vicedecano de Cultura de la Facultad de Geograf\u00eda e Historia de la Universitat de Val\u00e8ncia, <strong>Javier Mart\u00ed Oltra<\/strong>, director del Museo de Historia del Ayuntamiento de Valencia, el pintor <strong>Antonio Camar\u00f3<\/strong>, que acudi\u00f3 junto a su pareja, <strong>Concha L\u00f3pez<\/strong>; el joyero valenciano <strong>Vicente Gracia<\/strong>, el escritor <strong>Antonio And\u00fajar Castro<\/strong>, mis compa\u00f1eros <strong>Carlos Ponce<\/strong>, asesor personal de imagen, y <strong>Francisco Ur\u00eda Gallego<\/strong>, quien lleg\u00f3 junto a su madre, <strong>Santa Gallego<\/strong> (propietarios y fundadores de la marca de ropa masculina); el director gerente de la empresa Bisantina, <strong>Javier Mart\u00ednez Rubio<\/strong>, <strong>David Gimeno<\/strong>, <strong>Cot\u00e9 Soler<\/strong>, <strong>Marc Insanally<\/strong>, propietario del Caf\u00e9 de las Horas, que asisti\u00f3 acompa\u00f1ado de su madre, <strong>Fazia Insanally<\/strong> y las dise\u00f1adoras de joyas <strong>Mar\u00eda Rosa Fenollar<\/strong> y <strong>Rosa Sempere<\/strong>.<\/p>\n","protected":false},"excerpt":{"rendered":"<p>La verdad es que no he tenido ni la suerte ni el placer de viajar a Marruecos. Lo tengo pendiente hace ya muchos a\u00f1os y desde la otra noche hay algo que me hace volver a recordar las ganas inmensas de conocer su cultura y costumbres. Las \u2018culpables\u2019 fueron unas jornadas, organizadas por Abdul Draoui, [&hellip;]<\/p>\n","protected":false},"author":5,"featured_media":0,"comment_status":"open","ping_status":"open","sticky":false,"template":"","format":"standard","meta":[],"categories":[3],"tags":[171,180,401],"_links":{"self":[{"href":"https:\/\/blogs.lasprovincias.es\/colorincolorado\/wp-json\/wp\/v2\/posts\/1144"}],"collection":[{"href":"https:\/\/blogs.lasprovincias.es\/colorincolorado\/wp-json\/wp\/v2\/posts"}],"about":[{"href":"https:\/\/blogs.lasprovincias.es\/colorincolorado\/wp-json\/wp\/v2\/types\/post"}],"author":[{"embeddable":true,"href":"https:\/\/blogs.lasprovincias.es\/colorincolorado\/wp-json\/wp\/v2\/users\/5"}],"replies":[{"embeddable":true,"href":"https:\/\/blogs.lasprovincias.es\/colorincolorado\/wp-json\/wp\/v2\/comments?post=1144"}],"version-history":[{"count":0,"href":"https:\/\/blogs.lasprovincias.es\/colorincolorado\/wp-json\/wp\/v2\/posts\/1144\/revisions"}],"wp:attachment":[{"href":"https:\/\/blogs.lasprovincias.es\/colorincolorado\/wp-json\/wp\/v2\/media?parent=1144"}],"wp:term":[{"taxonomy":"category","embeddable":true,"href":"https:\/\/blogs.lasprovincias.es\/colorincolorado\/wp-json\/wp\/v2\/categories?post=1144"},{"taxonomy":"post_tag","embeddable":true,"href":"https:\/\/blogs.lasprovincias.es\/colorincolorado\/wp-json\/wp\/v2\/tags?post=1144"}],"curies":[{"name":"wp","href":"https:\/\/api.w.org\/{rel}","templated":true}]}}