{"id":1146,"date":"2016-03-14T15:12:55","date_gmt":"2016-03-14T15:12:55","guid":{"rendered":"http:\/\/blogs.lasprovincias.es\/colorincolorado\/?p=1146"},"modified":"2016-03-14T15:12:55","modified_gmt":"2016-03-14T15:12:55","slug":"para-vestir-sonrisas","status":"publish","type":"post","link":"https:\/\/blogs.lasprovincias.es\/colorincolorado\/2016\/03\/14\/para-vestir-sonrisas\/","title":{"rendered":"Para vestir sonrisas"},"content":{"rendered":"<div id=\"attachment_1147\" style=\"width: 310px\" class=\"wp-caption alignleft\"><a href=\"\/colorincolorado\/wp-content\/uploads\/sites\/3\/2016\/03\/payasos.jpg\"><img aria-describedby=\"caption-attachment-1147\" loading=\"lazy\" class=\"size-medium wp-image-1147\" title=\"Tatiana Oliver, a la izquierda de la imagen, junto a dos doctores Sonrisa: \u2018Doctor Cito\u2019 y \u2018Doctora Amnesia\u2019 \/ Sergio Verdeguer  y Jos\u00e9 Molins\" src=\"\/colorincolorado\/wp-content\/uploads\/sites\/3\/2016\/03\/payasos.jpg\" alt=\"Tatiana Oliver, a la izquierda de la imagen, junto a dos doctores Sonrisa: \u2018Doctor Cito\u2019 y \u2018Doctora Amnesia\u2019 \/ Sergio Verdeguer  y Jos\u00e9 Molins\" width=\"300\" height=\"224\" srcset=\"https:\/\/static-blogs.lasprovincias.es\/wp-content\/uploads\/sites\/3\/2016\/03\/payasos.jpg 1266w, https:\/\/static-blogs.lasprovincias.es\/wp-content\/uploads\/sites\/3\/2016\/03\/payasos-300x224.jpg 300w, https:\/\/static-blogs.lasprovincias.es\/wp-content\/uploads\/sites\/3\/2016\/03\/payasos-768x574.jpg 768w, https:\/\/static-blogs.lasprovincias.es\/wp-content\/uploads\/sites\/3\/2016\/03\/payasos-1024x765.jpg 1024w\" sizes=\"(max-width: 300px) 100vw, 300px\" \/><\/a><p id=\"caption-attachment-1147\" class=\"wp-caption-text\">Tatiana Oliver, a la izquierda de la imagen, junto a dos doctores Sonrisa: \u2018Doctor Cito\u2019 y \u2018Doctora Amnesia\u2019 \/ Sergio Verdeguer  y Jos\u00e9 Molins<\/p><\/div>\n<p>Diversi\u00f3n, solidaridad y arte. Eso es lo que prim\u00f3 en el evento que he elegido esta semana para abrir la secci\u00f3n. Y creo que todo ello se dio a partes iguales. Ver\u00e1n. \u2018Diversi\u00f3n\u2019 porque pocas veces, o ninguna (tendr\u00eda que ponerme a pensar y \u00a1menuda pereza!) he visto una pasarela de este estilo; \u2018solidaridad\u2019 porque lo recaudado fue a parar a la Fundaci\u00f3n Theodora (cuyo objetivo fundamental es alegrar las plantas de pediatr\u00eda de los hospitales gracias a la visita de los \u2018doctores sonrisa\u2019) y \u2018arte\u2019 porque los encargados de ponerle color y dise\u00f1o a todo ello fueron los alumnos del departamento de Moda de la Escuela Barreira A+D. El evento en cuesti\u00f3n se llam\u00f3 \u2018Pasarela Sonrisas Theodora\u2019.<br \/>\nPor las instalaciones no faltaron, representando a la fundaci\u00f3n, <strong>Tatiana Oliver<\/strong>, la directora de comunicaci\u00f3n. Y por parte del centro, casi todo al completo, su directora: <strong>Susana Mil\u00e1n<\/strong> y la jefa de estudios y del departamento de moda, <strong>Mar\u00eda Mart\u00edn<\/strong>. Junto a ellas, y no perdiendo detalle de lo que hac\u00edan sus chicos y chicas, el profesorado del departamento de moda: <strong>\u00darsula Mundi, Mar\u00eda Manrique, Marta Herrero, Teresa Segrelles, Bego\u00f1a Iranzo, Teresa Ivorra, Santiago Sanchis, Fausto S\u00e1nchez<\/strong> y <strong>Rebeca Pizarro<\/strong>. Tambi\u00e9n estuvieron los jefes del departamento gr\u00e1fico y el de Interiores, <strong>Javier Santaella<\/strong> y <strong>Paco Sanchis<\/strong>, respectivamente, y un sinf\u00edn m\u00e1s de docentes. Imagino que en ellos el nerviosismo tambi\u00e9n estar\u00eda presente, aunque en menor medida que en los estudiantes, que presentaban ante m\u00e1s de 300 personas sus creaciones.<br \/>\nA la entrada, los invitados recibieron una simp\u00e1tica nariz de payaso y una vez sentados comenz\u00f3 el desfile, donde las protagonistas fueron las 40 batas que los alumnos de la escuela dise\u00f1aron para los \u2018doctores sonrisa\u2019 y que se acompa\u00f1aron con sombreros, tambi\u00e9n creados por los estudiantes, con grandes dosis de creatividad.<br \/>\nPara que se hagan una idea, hubo batas con papel de peri\u00f3dico, otras que se llenaron de narices rojas o con tules y colores llamativos&#8230;<br \/>\nAl final del desfile, que estuvo presentado por <strong>Carlos Urrutia<\/strong> y<strong> Jacobo Catal\u00e1<\/strong>, de Direct Fundraising Corporativo (que se encargaron de la coordinaci\u00f3n del evento), se eligi\u00f3 uno de los dise\u00f1os para sacarlo a subasta. El elegido fue el de la alumna <strong>Ana Castany<\/strong> y el lema o nombre del mismo fue \u2018Happy Babes\u2019.<br \/>\n<strong>Vicente Pla<\/strong> y <strong>Mar\u00eda Garc\u00eda<\/strong>, de Engasa, tambi\u00e9n quisieron estar presentes esa noche, as\u00ed como <strong>Isabel Mart\u00ednez<\/strong>, de Panamar; <strong>Mauxi Jim\u00e9nez, Sole Alca\u00f1iz, Sonia Torrero, David Hern\u00e1ndez<\/strong> y <strong>Marie des Sormieres<\/strong> y <strong>Jos\u00e9 Manuel Selma<\/strong>, representante de productos Velarte. Todos ellos, bueno todos los que quisieron, pudieron hacerse divertidas fotos del momento con dos \u2018doctores sonrisa\u2019 que repartieron buen rollo a raudales: el <strong>\u2018Doctor Cito\u2019<\/strong> y la <strong>\u2018Doctora Amnesia\u2019<\/strong>.<br \/>\nUna puntualizaci\u00f3n. Las batas de los \u2018doctores sonrisa\u2019 se confeccionan desde un taller en Suiza y son las que ellos utilizan de forma global en diferentes pa\u00edses a los que acuden. Las que desfilaron en Barreira ten\u00edan otro cometido: demostrar el arte de los alumnos y contribuir a la subasta.<\/p>\n","protected":false},"excerpt":{"rendered":"<p>Diversi\u00f3n, solidaridad y arte. Eso es lo que prim\u00f3 en el evento que he elegido esta semana para abrir la secci\u00f3n. Y creo que todo ello se dio a partes iguales. Ver\u00e1n. \u2018Diversi\u00f3n\u2019 porque pocas veces, o ninguna (tendr\u00eda que ponerme a pensar y \u00a1menuda pereza!) he visto una pasarela de este estilo; \u2018solidaridad\u2019 porque [&hellip;]<\/p>\n","protected":false},"author":5,"featured_media":0,"comment_status":"open","ping_status":"open","sticky":false,"template":"","format":"standard","meta":[],"categories":[3],"tags":[171,180,214,253],"_links":{"self":[{"href":"https:\/\/blogs.lasprovincias.es\/colorincolorado\/wp-json\/wp\/v2\/posts\/1146"}],"collection":[{"href":"https:\/\/blogs.lasprovincias.es\/colorincolorado\/wp-json\/wp\/v2\/posts"}],"about":[{"href":"https:\/\/blogs.lasprovincias.es\/colorincolorado\/wp-json\/wp\/v2\/types\/post"}],"author":[{"embeddable":true,"href":"https:\/\/blogs.lasprovincias.es\/colorincolorado\/wp-json\/wp\/v2\/users\/5"}],"replies":[{"embeddable":true,"href":"https:\/\/blogs.lasprovincias.es\/colorincolorado\/wp-json\/wp\/v2\/comments?post=1146"}],"version-history":[{"count":0,"href":"https:\/\/blogs.lasprovincias.es\/colorincolorado\/wp-json\/wp\/v2\/posts\/1146\/revisions"}],"wp:attachment":[{"href":"https:\/\/blogs.lasprovincias.es\/colorincolorado\/wp-json\/wp\/v2\/media?parent=1146"}],"wp:term":[{"taxonomy":"category","embeddable":true,"href":"https:\/\/blogs.lasprovincias.es\/colorincolorado\/wp-json\/wp\/v2\/categories?post=1146"},{"taxonomy":"post_tag","embeddable":true,"href":"https:\/\/blogs.lasprovincias.es\/colorincolorado\/wp-json\/wp\/v2\/tags?post=1146"}],"curies":[{"name":"wp","href":"https:\/\/api.w.org\/{rel}","templated":true}]}}