{"id":1151,"date":"2016-04-13T12:59:55","date_gmt":"2016-04-13T12:59:55","guid":{"rendered":"http:\/\/blogs.lasprovincias.es\/colorincolorado\/?p=1151"},"modified":"2016-04-13T12:59:55","modified_gmt":"2016-04-13T12:59:55","slug":"golpes-de-ayuda","status":"publish","type":"post","link":"https:\/\/blogs.lasprovincias.es\/colorincolorado\/2016\/04\/13\/golpes-de-ayuda\/","title":{"rendered":"Golpes de ayuda"},"content":{"rendered":"<div id=\"attachment_1152\" style=\"width: 310px\" class=\"wp-caption alignleft\"><a href=\"\/colorincolorado\/wp-content\/uploads\/sites\/3\/2016\/04\/7.jpg\"><img aria-describedby=\"caption-attachment-1152\" loading=\"lazy\" class=\"size-medium wp-image-1152\" title=\"Cony de Belda, Beli Botella,  Susana P\u00e9rez-Manglano,  Mayayo  G\u00f3mez-Lech\u00f3n, Mar\u00eda  Jos\u00e9 Albert y Bego\u00f1a C\u00edscar.\" src=\"\/colorincolorado\/wp-content\/uploads\/sites\/3\/2016\/04\/7.jpg\" alt=\"Cony de Belda, Beli Botella,  Susana P\u00e9rez-Manglano,  Mayayo  G\u00f3mez-Lech\u00f3n, Mar\u00eda  Jos\u00e9 Albert y Bego\u00f1a C\u00edscar.\" width=\"300\" height=\"167\" srcset=\"https:\/\/static-blogs.lasprovincias.es\/wp-content\/uploads\/sites\/3\/2016\/04\/7.jpg 1747w, https:\/\/static-blogs.lasprovincias.es\/wp-content\/uploads\/sites\/3\/2016\/04\/7-300x168.jpg 300w, https:\/\/static-blogs.lasprovincias.es\/wp-content\/uploads\/sites\/3\/2016\/04\/7-768x430.jpg 768w, https:\/\/static-blogs.lasprovincias.es\/wp-content\/uploads\/sites\/3\/2016\/04\/7-1024x573.jpg 1024w\" sizes=\"(max-width: 300px) 100vw, 300px\" \/><\/a><p id=\"caption-attachment-1152\" class=\"wp-caption-text\">Cony de Belda, Beli Botella,  Susana P\u00e9rez-Manglano,  Mayayo G\u00f3mez-Lech\u00f3n, Mar\u00eda  Jos\u00e9 Albert y Bego\u00f1a C\u00edscar.<\/p><\/div>\n<p>Ocho de la ma\u00f1ana y cielo completamente despejado en el green del Club de Golf Escorpi\u00f3n. No nos enfrentamos a un torneo cualquiera. En este que les voy a contar a continuaci\u00f3n no importa ganar o perder, s\u00f3lo asistir y colaborar lo m\u00e1ximo posible. Esas son las competiciones deportivas que a una, verdaderamente, le llenan de satisfacci\u00f3n (y de orgullo), mucho m\u00e1s que los trofeos que te puedas llevar despu\u00e9s a casa y que tan bien quedan expuestos en las estanter\u00edas del sal\u00f3n. En esta ocasi\u00f3n, como les digo, m\u00e1s all\u00e1 del ranking y de las posiciones lo que realmente import\u00f3 fue la solidaridad. Y vaya si la hubo.<br \/>\nLos encargados de reunir a los 164 jugadores que se presentaron (el m\u00e1ximo posible) al III torneo de golf solidario a beneficio de Fuvane (Fundaci\u00f3n Valenciana de Neurorehabilitaci\u00f3n), que se celebr\u00f3 en el recinto deportivo de B\u00e9tera, fueron los chicos y chicas de la fundaci\u00f3n, que organizaron un a\u00f1o m\u00e1s la prueba para recaudar fondos con el objetivo de ayudar a ni\u00f1os y ni\u00f1as con par\u00e1lisis cerebral.<br \/>\nDando la bienvenida a la marabunta de asistentes (no s\u00e9 si todos se llevaron besos y apretones de manos, la verdad) estuvieron los anfitriones, la gente de la fundaci\u00f3n, que estuvo representada por un nutrido grupo de miembros, con su presidente, <strong>Eduardo Alcalde<\/strong>, a la cabeza. Hasta el green se desplazaron compa\u00f1eros de la junta de apoyo como <strong>Santi Aguilar<\/strong>, <strong>Mar\u00eda Jos\u00e9 Albert<\/strong>, <strong>Bego\u00f1a C\u00edscar, Susana P\u00e9rez-Manglano, Mayayo G\u00f3mez-Lech\u00f3n, Amparo Moreno, Beli Botella<\/strong> y <strong>Celia Mart\u00edn<\/strong>, as\u00ed como <strong>Victoria Marco<\/strong>, la gerente del centro. Como ven, nadie se quiso perder la cita. La ocasi\u00f3n lo merec\u00eda y el objetivo por el que se luch\u00f3 no era para menos.<br \/>\nTras ellos, un ej\u00e9rcito de ayuda desinteresada de la mano de la sociedad valenciana. Entre los que decidieron ponerse el polo y la visera (o la gorra en su defecto), y agarrar f\u00edrmemente los palos para realizar su mejor golpe destacar\u00e9 la presencia del neuropediatra <strong>Fernando Mulas<\/strong>, que es el director m\u00e9dico de Fuvane y colaborador de LAS PROVINCIAS, y del director gerente de Sesderma, <strong>Jos\u00e9 Luis Garc\u00eda Pons<\/strong>, as\u00ed como del arquitecto y presidente del Grupo Crein, <strong>Juan Jos\u00e9 Galiano<\/strong>.<br \/>\nEntre el centenar y pico de solidarios, tambi\u00e9n incluir\u00e9 a <strong>Teresa Garc\u00eda, Cony de Belda<\/strong>, de International House, <strong>Elena Garc\u00eda, Manuel Ruiz, Rafael del Castillo, Jos\u00e9 Luis Maluenda, Francisco Cervantes, Pedro Antonio Igual, Juan Luis Gim\u00e9nez, Sergio P\u00e9rez Serer, Francisco L\u00f3pez Costell, Sesa Carbonell, Sase Alonso, Gloria Moreno, Mamen Riba, Daniel Javaloyas, David Serrano, Ram\u00f3n Tarazona, Paul Dorochenko, Iban Soroa de la Pe\u00f1a, Rafael S\u00e1ez Clemente, Jos\u00e9 Salvador Valero Merino, Jos\u00e9 Mar\u00eda Ort\u00ed<\/strong> y <strong>Juan Ram\u00f3n Ros<\/strong>.<br \/>\nUna vez concluido el torneo se prepar\u00f3 un distendido almuerzo en el hoyo 9 del club. All\u00ed se pudo ver a m\u00e1s participantes, como <strong>Juan Prefaci, Andr\u00e9s Guerrero, Jos\u00e9 Miguel Montalv\u00e1, \u00c1ngel Raga, Ricardo Mor\u00f3der, Gonzalo Falomir, Vicente Furi\u00f3 Garcera, Juan Eloy Dur\u00e1 Catal\u00e1, Elena Garc\u00eda de la Cuadra, Dolores Esp\u00edn, Ignacio Aveda\u00f1o C\u00f3rcoles, Jes\u00fas Miguel Betoret Escriche, Bel\u00e9n Bordils Girona<\/strong> y <strong>Mar\u00eda Luisa G\u00f3mez-Marco<\/strong>. Y as\u00ed podr\u00eda seguir hasta el infinito, sin dejar pasar a nadie (que me perdonen los que no he podido incluir). Por cierto, que no se me olvide citar, eso s\u00ed, a los vencedores de la jornada. En la primera y segunda posici\u00f3n, respectivamente, quedaron <strong>Jos\u00e9 Vicente Escribano Arg\u00fcelles<\/strong> y <strong>Vicente Segarra<\/strong>; <strong>Carmen Rivas<\/strong> y <strong>Mar\u00eda Jos\u00e9 Pechu\u00e1n<\/strong>, en mujeres; en la categor\u00eda senior <strong>Marcos Garc\u00eda Cuenca<\/strong> y <strong>Pilar Gim\u00e9nez, \u00c1lex Palomares<\/strong> y <strong>Ana Peri<\/strong>s en \u2018Premio especial a la bola m\u00e1s cercana al hoyo\u2019 y <strong>Antonio Jorge P\u00e9rez Fern\u00e1ndez<\/strong> como \u2018Premio especial al hoyo 7\u2019.<br \/>\nS\u00f3lo falt\u00e9 yo. Y no crean que fue por no tener ganas, sino m\u00e1s bien por el peque\u00f1\u00edsimo detalle de que no tengo ni idea de jugar al golf. Qu\u00e9 m\u00e1s quisiera yo que parecerme un poquito solo a In\u00e9s Sastre. \u00a1Qu\u00e9 estilo tiene d\u00e1ndole al palito!<br \/>\nLa jornada maratoniana, que comenz\u00f3 bien entrada la ma\u00f1ana y se extendi\u00f3 hasta las tres de la tarde (con nada m\u00e1s y nada menos que cincuenta partidas), se complet\u00f3 con un vino de honor y una rifa, en la que colaboraron empresas de cosm\u00e9tica, as\u00ed como de joyer\u00eda, vinos y un largo etc\u00e9tera de patrocinios.<br \/>\nEsta tercera edici\u00f3n del torneo, en definitiva, no pudo haber tenido m\u00e1s \u00e9xito. Y todo lo que se consiga, concretamente, ir\u00e1 destinada, seg\u00fan me cont\u00f3 la fundaci\u00f3n, a mantener sus servicios de fisioterapia y logopedia. Y es que, la entidad, sin \u00e1nimo de lucro, lleva a cabo un pionero m\u00e9todo de rehabilitaci\u00f3n neuronal dirigido a ni\u00f1os, ni\u00f1as y adolescentes con par\u00e1lisis cerebral y patolog\u00edas afines.<\/p>\n<p>&nbsp;<\/p>\n<p><span style=\"text-decoration: underline;\"><em>Juegos de\u00a0luces con Ana Serratosa<\/em><\/span><\/p>\n<p>El \u00e1tico de <strong>Ana Serratosa<\/strong>, ubicado en la c\u00e9ntrica calle en Pascual y Gen\u00eds, se volvi\u00f3 a llenar de gente. De nombres y apellidos relevantes de la sociedad valenciana. Porque parecer\u00e1 incre\u00edble, pero una nunca sabe lo que se cuece en la ciudad, de puertas para dentro, y cuando lo descubre no sale de su asombro. La cantidad de eventos, peque\u00f1as citas o reuniones que, m\u00e1s all\u00e1 de la pomposidad y el \u2018dress-code\u2019 reglamentario, demuestran que Valencia siempre est\u00e1 en ebullici\u00f3n.<br \/>\nPues bien, con motivo de la presentaci\u00f3n de la exposici\u00f3n del artista <strong>Fabrizio Corneli<\/strong>, la \u2018casa\u2019 de Serratosa se convirti\u00f3 en un hervidero de invitados, entrando y saliendo de la sala al comp\u00e1s del ruido de algunos tacones. En esta ocasi\u00f3n, toc\u00f3 un ambiente algo m\u00e1s \u00edntimo, con luces y sombras, porque el florentino inaugur\u00f3 su muestra de instalaciones lum\u00ednicas, que \u2018jugaron\u2019 con los all\u00ed presentes proyectando sus sombras y llenando el espacio de siluetas. Como las de <strong>Charo M\u00ednguez, Mayr\u00e9n Beneyto<\/strong> y <strong>Chimo Iborra<\/strong>.<br \/>\nPero comencemos por el principio. Ana Serratosa, la antitriona, recibi\u00f3 uno a uno a su medio centenar de invitados, m\u00e1s o menos y, a continuaci\u00f3n, el profesor, poeta, fil\u00f3logo, catedr\u00e1tico y acad\u00e9mico de la Real Academia de Bellas Artes de San Carlos,<strong> Jaime Siles<\/strong>, present\u00f3 la obra de Corneli. Atentos a sus explicaciones, el empresario <strong>Pablo Serratosa<\/strong>, as\u00ed como <strong>Ana Dualde<\/strong>, la doctora <strong>Judith Valiente<\/strong>, especializada en medicina est\u00e9tica; las registradoras de la propiedad <strong>Pilar Garc\u00eda Goyeneche<\/strong> y <strong>Bel\u00e9n G\u00f3mez Valle<\/strong>, el notario <strong>Alfonso Pascual<\/strong>, al empresario <strong>Richard Friis-Olsen<\/strong>, director General de RFO Medical, <strong>Arancha Vinaixa<\/strong>, <strong>Meye Ma\u00edz<\/strong>, <strong>Juan Carlos Navarro<\/strong>, <strong>Javier Morte<\/strong>, <strong>Carmen Luj\u00e1n<\/strong>, <strong>Dolores M\u00e9ndez<\/strong>, <strong>Javier Vela<\/strong> y <strong>Charo M\u00ednguez<\/strong>.<br \/>\nPor cierto, la noche no pudo tener un mejor final, un bonito broche de oro que coron\u00f3 una cena en la terraza, a la luna de Valencia.<\/p>\n","protected":false},"excerpt":{"rendered":"<p>Ocho de la ma\u00f1ana y cielo completamente despejado en el green del Club de Golf Escorpi\u00f3n. No nos enfrentamos a un torneo cualquiera. En este que les voy a contar a continuaci\u00f3n no importa ganar o perder, s\u00f3lo asistir y colaborar lo m\u00e1ximo posible. Esas son las competiciones deportivas que a una, verdaderamente, le llenan [&hellip;]<\/p>\n","protected":false},"author":5,"featured_media":0,"comment_status":"open","ping_status":"open","sticky":false,"template":"","format":"standard","meta":[],"categories":[3],"tags":[171,254,550],"_links":{"self":[{"href":"https:\/\/blogs.lasprovincias.es\/colorincolorado\/wp-json\/wp\/v2\/posts\/1151"}],"collection":[{"href":"https:\/\/blogs.lasprovincias.es\/colorincolorado\/wp-json\/wp\/v2\/posts"}],"about":[{"href":"https:\/\/blogs.lasprovincias.es\/colorincolorado\/wp-json\/wp\/v2\/types\/post"}],"author":[{"embeddable":true,"href":"https:\/\/blogs.lasprovincias.es\/colorincolorado\/wp-json\/wp\/v2\/users\/5"}],"replies":[{"embeddable":true,"href":"https:\/\/blogs.lasprovincias.es\/colorincolorado\/wp-json\/wp\/v2\/comments?post=1151"}],"version-history":[{"count":0,"href":"https:\/\/blogs.lasprovincias.es\/colorincolorado\/wp-json\/wp\/v2\/posts\/1151\/revisions"}],"wp:attachment":[{"href":"https:\/\/blogs.lasprovincias.es\/colorincolorado\/wp-json\/wp\/v2\/media?parent=1151"}],"wp:term":[{"taxonomy":"category","embeddable":true,"href":"https:\/\/blogs.lasprovincias.es\/colorincolorado\/wp-json\/wp\/v2\/categories?post=1151"},{"taxonomy":"post_tag","embeddable":true,"href":"https:\/\/blogs.lasprovincias.es\/colorincolorado\/wp-json\/wp\/v2\/tags?post=1151"}],"curies":[{"name":"wp","href":"https:\/\/api.w.org\/{rel}","templated":true}]}}