{"id":43,"date":"2016-09-17T10:09:54","date_gmt":"2016-09-17T08:09:54","guid":{"rendered":"http:\/\/blogs.lasprovincias.es\/correrparavivir\/?p=43"},"modified":"2017-06-11T18:48:24","modified_gmt":"2017-06-11T16:48:24","slug":"6-365-365-6-742","status":"publish","type":"post","link":"https:\/\/blogs.lasprovincias.es\/correrparavivir\/2016\/09\/17\/6-365-365-6-742\/","title":{"rendered":"6 + 365 + 365 + 6 = 742"},"content":{"rendered":"<p>&nbsp;<\/p>\n<p>&nbsp;<\/p>\n<p align=\"justify\">\u00a0 \u00a0 \u00a0Descubr\u00ed el atletismo tarde quiz\u00e1, pero lo hice de manera muy intensa. David siempre ha funcionado por retos. Cuando quiere conseguir un objetivo, como ponerse en forma para <strong>\u201c<\/strong><strong>que no le pill<\/strong><strong>e<\/strong><strong> el toro en <\/strong><strong>verano<\/strong><strong>\u201d<\/strong>, se pone manos a la obra despu\u00e9s de Semana Santa y hace sesiones de gimnasio (\u00e9l le llama <strong>\u201cLa pir\u00e1mide\u201d<\/strong>) durante un tiempo determinado (pueden ser <strong>30, <\/strong><strong>60 <\/strong><strong>o <\/strong><strong>10<\/strong><strong>0 <\/strong><strong>d\u00edas <\/strong><strong>consecutivos<\/strong>), dependiendo del estado de forma del que parta. Esto es una manera de obligarse y ser constante. Gracias a esta forma de motivaci\u00f3n tan peculiar, pusimos en marcha uno de esos prop\u00f3sitos. Llevaba un tiempo d\u00e1ndole vueltas, pero no fue hasta los 8 meses de comenzar a correr cuando reuni\u00f3 el valor suficiente para propon\u00e9rmelo: <strong>\u201cmi ilusi\u00f3n es hacer un a\u00f1o completo corriendo, desde el d\u00eda 1 de Enero hasta el 31 de Diciembre\u201d<\/strong>, me dijo. Creo que no se hubiera imaginado nunca que iba a encontrar en m\u00ed la mejor c\u00f3mplice para llevar a cabo sus locuras \u2026<\/p>\n<p align=\"justify\"><a href=\"https:\/\/static-blogs.lasprovincias.es\/wp-content\/uploads\/sites\/52\/2016\/09\/0001.jpg\"><img loading=\"lazy\" class=\"alignnone size-medium wp-image-176\" src=\"https:\/\/static-blogs.lasprovincias.es\/wp-content\/uploads\/sites\/52\/2016\/09\/0001-222x300.jpg\" alt=\"0001\" width=\"222\" height=\"300\" srcset=\"https:\/\/static-blogs.lasprovincias.es\/wp-content\/uploads\/sites\/52\/2016\/09\/0001-222x300.jpg 222w, https:\/\/static-blogs.lasprovincias.es\/wp-content\/uploads\/sites\/52\/2016\/09\/0001-768x1036.jpg 768w, https:\/\/static-blogs.lasprovincias.es\/wp-content\/uploads\/sites\/52\/2016\/09\/0001-759x1024.jpg 759w\" sizes=\"(max-width: 222px) 100vw, 222px\" \/><\/a><a href=\"https:\/\/static-blogs.lasprovincias.es\/wp-content\/uploads\/sites\/52\/2016\/09\/0002.jpg\"><img loading=\"lazy\" class=\"alignnone size-medium wp-image-177\" src=\"https:\/\/static-blogs.lasprovincias.es\/wp-content\/uploads\/sites\/52\/2016\/09\/0002-222x300.jpg\" alt=\"0002\" width=\"222\" height=\"300\" srcset=\"https:\/\/static-blogs.lasprovincias.es\/wp-content\/uploads\/sites\/52\/2016\/09\/0002-222x300.jpg 222w, https:\/\/static-blogs.lasprovincias.es\/wp-content\/uploads\/sites\/52\/2016\/09\/0002-768x1036.jpg 768w, https:\/\/static-blogs.lasprovincias.es\/wp-content\/uploads\/sites\/52\/2016\/09\/0002-759x1024.jpg 759w\" sizes=\"(max-width: 222px) 100vw, 222px\" \/><\/a><\/p>\n<p align=\"justify\">\u00a0 \u00a0 \u00a0As\u00ed que, tomamos la firme determinaci\u00f3n de hacerlo, y el<strong> lunes 26 de Diciembre de 2005<\/strong>, dimos el pistoletazo de salida en la que iba a ser nuestra primera haza\u00f1a como <strong>corredores en t\u00e1ndem<\/strong>. Estoy segura de que muchas de las personas que conoc\u00edan el nuevo reto de David ten\u00edan serias dudas sobre si lo \u00edbamos a poder concluir o no. Sinceramente, era muy ambicioso y m\u00e1s a\u00fan teniendo en cuenta que particip\u00e1bamos dos personas en \u00e9l, con nuestros compromisos laborales, familiares y acad\u00e9micos. Pero nosotros sab\u00edamos que <strong>juntos podr\u00edamos con todo<\/strong> (luego con los a\u00f1os lo hemos seguido demostrando \u2026 ). Por aquel entonces corr\u00edamos con m\u00fasica, y como los mp3 de la \u00e9poca no eran resistentes al agua, sal\u00edamos a correr con un <strong>\u00fanico reproductor<\/strong> en el cual mediante una especie de <strong>ladr\u00f3n<\/strong> enganch\u00e1bamos las dos clavijas de nuestros auriculares. Esto nos obligaba a llevar <strong>el mismo ritmo y sincronizar la zancada\u00a0<\/strong>en todo momento para que la m\u00fasica no se interrumpiera. Visto desde fuera ser\u00eda una imagen, cuanto menos curiosa.<\/p>\n<div id=\"attachment_53\" style=\"width: 310px\" class=\"wp-caption alignleft\"><a href=\"\/correrparavivir\/wp-content\/uploads\/sites\/52\/2016\/09\/fotosfuji-2431.jpg\"><img aria-describedby=\"caption-attachment-53\" loading=\"lazy\" class=\"size-medium wp-image-53 \" title=\"OLYMPUS DIGITAL CAMERA\" src=\"\/correrparavivir\/wp-content\/uploads\/sites\/52\/2016\/09\/fotosfuji-2431.jpg\" alt=\"\" width=\"300\" height=\"225\" srcset=\"https:\/\/static-blogs.lasprovincias.es\/wp-content\/uploads\/sites\/52\/2016\/09\/fotosfuji-2431.jpg 2048w, https:\/\/static-blogs.lasprovincias.es\/wp-content\/uploads\/sites\/52\/2016\/09\/fotosfuji-2431-300x225.jpg 300w, https:\/\/static-blogs.lasprovincias.es\/wp-content\/uploads\/sites\/52\/2016\/09\/fotosfuji-2431-768x576.jpg 768w, https:\/\/static-blogs.lasprovincias.es\/wp-content\/uploads\/sites\/52\/2016\/09\/fotosfuji-2431-1024x768.jpg 1024w\" sizes=\"(max-width: 300px) 100vw, 300px\" \/><\/a><p id=\"caption-attachment-53\" class=\"wp-caption-text\">Atenci\u00f3n al mp3 de la mesa con el adaptador<\/p><\/div>\n<p style=\"text-align: left;\">No fue nada f\u00e1cil, durante ese\u00a0<strong>primer a\u00f1o\u00a0<\/strong>nos enfrentamos a\u00a0<strong>todo tipo de circunstancias<\/strong>. No importaba si hab\u00edamos salido la noche de antes, si deb\u00edamos hacer un viaje rel\u00e1mpago por trabajo o si est\u00e1bamos acatarrados. Debido a la sobrecarga aparecieron tambi\u00e9n las primeras\u00a0<strong>lesiones<\/strong>, entre ellas la\u00a0<strong>periostitis<\/strong>, \u00a0tan conocida hoy por m\u00ed.\u00a0<strong>Pero ten\u00edamos un objetivo claro \u2026<\/strong><\/p>\n<p>Desgraciadamente s\u00ed que hubo un momento en el que nuestro prop\u00f3sito estuvo a punto de desvanecerse. Fue a principios de Febrero de 2006, cuando a <strong>Pepe <a href=\"http:\/\/elblogdejoaquinmedina.blogspot.com.es\/2016\/05\/hoy-se-cumplen-diez-anos-de-la-muerte.html\" rel=\"external nofollow\">(Jos\u00e9 Serrano Amurrio, 1950 &#8211; 2006)<\/a><\/strong>, el padre de David, le diagnosticaron <strong>c\u00e1ncer de pulm\u00f3n <\/strong>en fase muy avanzada. \u00c9l siempre nos preguntaba y nos animaba a que continu\u00e1ramos con la haza\u00f1a, incluso bromeaba dici\u00e9ndole: <strong>\u201csi hubieras puesto el mismo empe\u00f1o en los estudios como en el deporte ser\u00edas ministro\u201d<\/strong>. Era un gran hombre, muy <strong>polifac\u00e9tico<\/strong> (maestro, escritor, mic\u00f3logo, pol\u00edtico \u2026), que trabajo mucho por su pueblo, dejando una gran huella entre sus vecinos y amigos. Por este motivo, y en homenaje a \u00e9l, David decidi\u00f3, tras consultarlo con su madre, que el d\u00eda de su despedida, <strong>26 de Mayo de 2006<\/strong>, tambi\u00e9n sali\u00e9ramos a correr, con mucho dolor en el coraz\u00f3n y l\u00e1grimas en los ojos. Le dedicamos cada kil\u00f3metro, fue nuestra forma de desprendernos del sufrimiento de los \u00faltimos meses y reservar para nosotros s\u00f3lo lo bonito que de \u00e9l nos quedaba. <strong>Durante ese entrenamiento<\/strong>, David me hablaba de su infancia, de su gran sabidur\u00eda y de su amor por <a href=\"https:\/\/caudetedigital.com\/\" rel=\"external nofollow\">Caudete<\/a>, pueblo que de ni\u00f1o lo adopt\u00f3 y al que \u00e9l dedic\u00f3 gran parte de su vida. Tras finalizar el recorrido fue cuando supimos que nada nos iba a detener, que lo \u00edbamos a conseguir. Si hab\u00edamos superado una p\u00e9rdida tan grande, \u2026 <strong>\u00bfque otra raz\u00f3n podr\u00eda pararnos?<\/strong>.<\/p>\n<p align=\"justify\"><a href=\"\/correrparavivir\/wp-content\/uploads\/sites\/52\/2016\/09\/Pepe-amurrio.jpg\"><img loading=\"lazy\" class=\"aligncenter size-medium wp-image-45\" title=\"Pepe Amurrio\" src=\"\/correrparavivir\/wp-content\/uploads\/sites\/52\/2016\/09\/Pepe-amurrio.jpg\" alt=\"\" width=\"201\" height=\"300\" srcset=\"https:\/\/static-blogs.lasprovincias.es\/wp-content\/uploads\/sites\/52\/2016\/09\/Pepe-amurrio.jpg 507w, https:\/\/static-blogs.lasprovincias.es\/wp-content\/uploads\/sites\/52\/2016\/09\/Pepe-amurrio-201x300.jpg 201w\" sizes=\"(max-width: 201px) 100vw, 201px\" \/><\/a><\/p>\n<p align=\"justify\">\u00a0 \u00a0<a href=\"https:\/\/www.facebook.com\/Jos%C3%A9-Serrano-Amurrio-182768438496711\/\" rel=\"external nofollow\">Facebook Pepe Amurrio<\/a><\/p>\n<p align=\"justify\">\u00a0 \u00a0 \u00a0 Nuestro desaf\u00edo continu\u00f3 y lleg\u00f3 el d\u00eda de concluirlo, pero no encontramos una raz\u00f3n suficientemente convincente para no seguir corriendo, ya que precisamente en ese momento no ten\u00edamos ninguna molestia y nos sobraba motivaci\u00f3n para continuar. As\u00ed que esta locura vio <strong>ampliada su duraci\u00f3n<\/strong>, aunque esta vez por un periodo <strong>indeterminado<\/strong>. Proseguimos con nuestra rutina diaria, en la que compagin\u00e1bamos el gimnasio y la subida de diez pisos de escaleras con las que culminaba nuestro entrenamiento a pie, hasta que finalmente nos mudamos de casa en <strong>Enero de 2007<\/strong>. Viv\u00edamos de alquiler en Valencia y aconsejados por familiares y amigos, tomamos la determinaci\u00f3n de hacernos <strong>propietarios<\/strong> (desafortunadamente poco antes de explotar la \u201cburbuja inmobiliaria\u201d). En nuestra nueva poblaci\u00f3n, <a href=\"http:\/\/www.massalfassar.es\/\" rel=\"external nofollow\">Massalfassar<\/a>, tuvimos que dise\u00f1ar otro recorrido de la misma distancia, entre <strong>8 y 9 kms<\/strong>, para continuar cumpliendo con nuestro cometido. Pronto nos adaptamos a nuestra nueva situaci\u00f3n y tuvimos la gran suerte de conocer a muy buenas personas, como <strong>Vicent<\/strong>, un hombre de\u00a0<a href=\"http:\/\/www.albuixech.es\/\" rel=\"external nofollow\">Albuixech<\/a> que cultivaba uno de los campos contiguos al camino que atraves\u00e1bamos a diario.<\/p>\n<div id=\"attachment_47\" style=\"width: 310px\" class=\"wp-caption aligncenter\"><a href=\"\/correrparavivir\/wp-content\/uploads\/sites\/52\/2016\/09\/fotosfuji-144.jpg\"><img aria-describedby=\"caption-attachment-47\" loading=\"lazy\" class=\"size-medium wp-image-47 \" title=\"Vicent Albuixech\" src=\"\/correrparavivir\/wp-content\/uploads\/sites\/52\/2016\/09\/fotosfuji-144.jpg\" alt=\"\" width=\"300\" height=\"225\" srcset=\"https:\/\/static-blogs.lasprovincias.es\/wp-content\/uploads\/sites\/52\/2016\/09\/fotosfuji-144.jpg 2048w, https:\/\/static-blogs.lasprovincias.es\/wp-content\/uploads\/sites\/52\/2016\/09\/fotosfuji-144-300x225.jpg 300w, https:\/\/static-blogs.lasprovincias.es\/wp-content\/uploads\/sites\/52\/2016\/09\/fotosfuji-144-768x576.jpg 768w, https:\/\/static-blogs.lasprovincias.es\/wp-content\/uploads\/sites\/52\/2016\/09\/fotosfuji-144-1024x768.jpg 1024w\" sizes=\"(max-width: 300px) 100vw, 300px\" \/><\/a><p id=\"caption-attachment-47\" class=\"wp-caption-text\">Con Vicent el d\u00eda que le informamos de mi embarazo<\/p><\/div>\n<p align=\"justify\">\u00a0 \u00a0 \u00a0Entonces &#8230; <strong>\u00bfcuando vais a parar?<\/strong>, nos preguntaban los amigos de David en el pueblo, a lo que \u00e9l bromeaba: <strong>\u201cla <\/strong><strong>voy a tener<\/strong><strong> que dejar <\/strong><strong>embarazada<\/strong><strong>\u201d<\/strong>. Aquella era una idea que ya nos iba rondando la cabeza, nos sent\u00edamos preparados para <strong>ser padres<\/strong> y nos am\u00e1bamos profundamente, por lo que reun\u00edamos dos de los requisitos m\u00e1s importantes a la hora de tomar esta decisi\u00f3n.<\/p>\n<p><iframe loading=\"lazy\" src=\"https:\/\/www.youtube.com\/embed\/tNmmk9JbP2Y\" width=\"854\" height=\"480\" frameborder=\"0\" allowfullscreen=\"allowfullscreen\"><\/iframe><\/p>\n<p align=\"justify\">\u00a0 \u00a0 \u00a0El d\u00eda lleg\u00f3, fue uno de los momentos m\u00e1s especiales de nuestras vidas, <strong>el predictor dio positivo<\/strong>. Segu\u00edamos entrenando, pero ahora ve\u00edamos m\u00e1s cerca el final de nuestro largo recorrido, ya que tras la consulta con el toc\u00f3logo, probablemente deber\u00edamos de parar, o eso imaginamos nosotros. <strong>Para nuestra sorpresa<\/strong>, aquel hombre con cara de pocos amigos, nos dio una respuesta inesperada cuando le preguntamos si pod\u00eda continuar corriendo, me dijo <strong>\u201c<\/strong><strong>e<\/strong><strong>st\u00e1 usted embarazada no enferma\u201d<\/strong>, \u00bfusted corre? S\u00ed \u2026 P<strong>ues siga corriendo<\/strong> \u2026 As\u00ed pues, el embarazo no me iba a librar de aquel reto infinito, me sent\u00eda bien y las semanas iban pasando con normalidad. A la gente le llamaba mucho la atenci\u00f3n verme en ese estado y corriendo, pero realmente, lo \u00fanico que nos importaba eran las <strong>recomendaciones del m\u00e9dico <\/strong>y mis <strong>sensaciones<\/strong>.<\/p>\n<p align=\"justify\"><a href=\"\/correrparavivir\/wp-content\/uploads\/sites\/52\/2016\/09\/fotosfuji-2411.jpg\"><img loading=\"lazy\" class=\"size-medium wp-image-52 alignright\" title=\"OLYMPUS DIGITAL CAMERA\" src=\"\/correrparavivir\/wp-content\/uploads\/sites\/52\/2016\/09\/fotosfuji-2411.jpg\" alt=\"\" width=\"300\" height=\"225\" srcset=\"https:\/\/static-blogs.lasprovincias.es\/wp-content\/uploads\/sites\/52\/2016\/09\/fotosfuji-2411.jpg 2048w, https:\/\/static-blogs.lasprovincias.es\/wp-content\/uploads\/sites\/52\/2016\/09\/fotosfuji-2411-300x225.jpg 300w, https:\/\/static-blogs.lasprovincias.es\/wp-content\/uploads\/sites\/52\/2016\/09\/fotosfuji-2411-768x576.jpg 768w, https:\/\/static-blogs.lasprovincias.es\/wp-content\/uploads\/sites\/52\/2016\/09\/fotosfuji-2411-1024x768.jpg 1024w\" sizes=\"(max-width: 300px) 100vw, 300px\" \/><\/a><\/p>\n<p align=\"justify\">\u00a0 \u00a0 \u00a0Los meses fueron pasando y mis <strong>kilos aumentando<\/strong>, lo cual nos hizo empezar a plantearnos una fecha para concluir con aquella aventura. Compramos una el\u00edptica para sustituir el running durante las \u00faltimas semanas y cuando alcanc\u00e9 los 5 meses de gestaci\u00f3n <strong>(6 de Enero de 200<\/strong><strong>8<\/strong><strong>)<\/strong>, paramos.<\/p>\n<p align=\"justify\"><a href=\"https:\/\/www.youtube.com\/watch?v=ApArrCOjoIw\" rel=\"external nofollow\">Video en la eliptica, \u00faltimos d\u00edas<\/a><\/p>\n<p><iframe loading=\"lazy\" src=\"https:\/\/www.youtube.com\/embed\/ApArrCOjoIw\" width=\"854\" height=\"480\" frameborder=\"0\" allowfullscreen=\"allowfullscreen\"><\/iframe><\/p>\n<p align=\"justify\">\u00a0 \u00a0 \u00a0Lo hicimos porque quer\u00edamos decidir de manera sensata cu\u00e1ndo hacerlo, un poco condicionados por nuestra situaci\u00f3n de padres primerizos, adem\u00e1s era <strong>domingo <\/strong>y hac\u00eda justo <strong>un a\u00f1o<\/strong> que hab\u00edamos empezado a correr en <strong>Massalfassar &#8230;<\/strong> y por muchas otras <strong>man\u00edas num\u00e9ricas<\/strong> de David, al que le encanta recrearse buscando <strong>sentido a las fechas<\/strong> (eran <strong>106 semanas<\/strong> completas, <strong>3 navidades <\/strong>diferentes, <strong>4 a\u00f1os<\/strong> distintos &#8230;). Descansamos, pero al amanecer del siguiente d\u00eda, mis zapatillas estaban de nuevo dispuestas para un nuevo entrenamiento, as\u00ed que continu\u00e9 corriendo hasta el s\u00e9ptimo mes de embarazo.<\/p>\n<p><iframe loading=\"lazy\" src=\"https:\/\/www.youtube.com\/embed\/wzI61rcUP-Y\" width=\"854\" height=\"480\" frameborder=\"0\" allowfullscreen=\"allowfullscreen\"><\/iframe><\/p>\n<p align=\"justify\">\u00a0 \u00a0 \u00a0Hab\u00edamos conseguido traspasar <strong>nuestra primera meta<\/strong>, pero a\u00fan nos quedaban muchas otras que nos enriquecer\u00edan todav\u00eda m\u00e1s, como la de ser padres. La vida es lucha, tristeza, felicidad , sacrificio y esperanza, &#8230; \u00a0 \u00a0 \u00a0 \u00a0 \u00a0 \u00a0 \u00a0 \u00a0y\u00a0<strong>742 es igual a 6 + 365 + 365 + 6<\/strong>.<\/p>\n<p>&nbsp;<\/p>\n<!-- AddThis Advanced Settings generic via filter on the_content --><!-- AddThis Share Buttons generic via filter on the_content -->","protected":false},"excerpt":{"rendered":"<p>&nbsp; &nbsp; \u00a0 \u00a0 \u00a0Descubr\u00ed el atletismo tarde quiz\u00e1, pero lo hice de manera muy intensa. David siempre ha funcionado por retos. Cuando quiere conseguir un objetivo, como ponerse en forma para \u201cque no le pille el toro en verano\u201d, se pone manos a la obra despu\u00e9s de Semana Santa y hace sesiones de gimnasio [&hellip;]<!-- AddThis Advanced Settings generic via filter on get_the_excerpt --><!-- AddThis Share Buttons generic via filter on get_the_excerpt --><\/p>\n","protected":false},"author":57,"featured_media":185,"comment_status":"open","ping_status":"closed","sticky":false,"template":"","format":"standard","meta":[],"categories":[2],"tags":[],"_links":{"self":[{"href":"https:\/\/blogs.lasprovincias.es\/correrparavivir\/wp-json\/wp\/v2\/posts\/43"}],"collection":[{"href":"https:\/\/blogs.lasprovincias.es\/correrparavivir\/wp-json\/wp\/v2\/posts"}],"about":[{"href":"https:\/\/blogs.lasprovincias.es\/correrparavivir\/wp-json\/wp\/v2\/types\/post"}],"author":[{"embeddable":true,"href":"https:\/\/blogs.lasprovincias.es\/correrparavivir\/wp-json\/wp\/v2\/users\/57"}],"replies":[{"embeddable":true,"href":"https:\/\/blogs.lasprovincias.es\/correrparavivir\/wp-json\/wp\/v2\/comments?post=43"}],"version-history":[{"count":5,"href":"https:\/\/blogs.lasprovincias.es\/correrparavivir\/wp-json\/wp\/v2\/posts\/43\/revisions"}],"predecessor-version":[{"id":186,"href":"https:\/\/blogs.lasprovincias.es\/correrparavivir\/wp-json\/wp\/v2\/posts\/43\/revisions\/186"}],"wp:featuredmedia":[{"embeddable":true,"href":"https:\/\/blogs.lasprovincias.es\/correrparavivir\/wp-json\/wp\/v2\/media\/185"}],"wp:attachment":[{"href":"https:\/\/blogs.lasprovincias.es\/correrparavivir\/wp-json\/wp\/v2\/media?parent=43"}],"wp:term":[{"taxonomy":"category","embeddable":true,"href":"https:\/\/blogs.lasprovincias.es\/correrparavivir\/wp-json\/wp\/v2\/categories?post=43"},{"taxonomy":"post_tag","embeddable":true,"href":"https:\/\/blogs.lasprovincias.es\/correrparavivir\/wp-json\/wp\/v2\/tags?post=43"}],"curies":[{"name":"wp","href":"https:\/\/api.w.org\/{rel}","templated":true}]}}