{"id":98,"date":"2017-02-07T13:07:01","date_gmt":"2017-02-07T12:07:01","guid":{"rendered":"http:\/\/blogs.lasprovincias.es\/correrparavivir\/?p=98"},"modified":"2017-06-15T17:09:48","modified_gmt":"2017-06-15T15:09:48","slug":"caer-en-la-tentacion","status":"publish","type":"post","link":"https:\/\/blogs.lasprovincias.es\/correrparavivir\/2017\/02\/07\/caer-en-la-tentacion\/","title":{"rendered":"Caer en la tentaci\u00f3n"},"content":{"rendered":"<p align=\"justify\">\u00a0\u00a0\u00a0\u00a0 Para cualquier persona que <strong>se inicia en el mundo del running<\/strong>, la primera vez que te colocas un dorsal se convierte en un d\u00eda muy especial y muy dif\u00edcil de olvidar, ya que <strong>no sabes c\u00f3mo va a responder tu cuerpo ante tantos est\u00edmulos<\/strong>. Casi siempre hay alguien: un amigo, un familiar, un conocido \u2026 <strong>que te anima a hacer tu primera carrera<\/strong>. As\u00ed fue como ocurri\u00f3 en nuestro caso &#8230; y precisamente <strong>hoy 7 de Febrero a las 10 h,<\/strong> se cumplen <strong>siete a\u00f1os de nuestra primera vez<\/strong>.<\/p>\n<p align=\"justify\">\u00a0\u00a0\u00a0\u00a0 Un vecino, <strong>hoy gran amigo<\/strong>, al que tengo mucho que agradecer, <strong>Jes\u00fas Gonz\u00e1lez Estruch<\/strong>, incit\u00f3 a David a que particip\u00e1ramos en una prueba que se celebraba en una poblaci\u00f3n muy pr\u00f3xima a la nuestra, la <strong>I edici\u00f3n de la<\/strong> <strong>Mitja Marat\u00f3 Costera de La Pobla de Farnals<\/strong>. No era el primero que nos hac\u00eda esta sugerencia, <strong>constantemente amigos y conocidos insist\u00edan en que corri\u00e9ramos una carrera<\/strong>, ya que tanto nos gustaba \u2026 Tuvimos muchas dudas, <strong>quiz\u00e1s una media marat\u00f3n no era la distancia m\u00e1s recomendable para estrenarse \u2026<\/strong><\/p>\n<p align=\"justify\"><a href=\"\/correrparavivir\/wp-content\/uploads\/sites\/52\/2017\/02\/llegadadefinitiva1.jpg\"><img loading=\"lazy\" class=\"size-medium wp-image-107 alignnone\" title=\"llegadadefinitiva\" src=\"\/correrparavivir\/wp-content\/uploads\/sites\/52\/2017\/02\/llegadadefinitiva1.jpg\" alt=\"\" width=\"194\" height=\"300\" srcset=\"https:\/\/static-blogs.lasprovincias.es\/wp-content\/uploads\/sites\/52\/2017\/02\/llegadadefinitiva1.jpg 718w, https:\/\/static-blogs.lasprovincias.es\/wp-content\/uploads\/sites\/52\/2017\/02\/llegadadefinitiva1-664x1024.jpg 664w\" sizes=\"(max-width: 194px) 100vw, 194px\" \/><\/a><\/p>\n<p align=\"justify\">\u00a0\u00a0\u00a0\u00a0 Cuando conoc\u00ed a David \u00e9l ten\u00eda 29 a\u00f1os y yo 24, <strong>lo ve\u00eda mayor , je je <\/strong>\u2026 \u00a1que curioso!. Adem\u00e1s de guapo y con una melena m\u00e1s larga que la m\u00eda, desprend\u00eda una seguridad abrumadora. Esa cualidad fue una de las cosas que m\u00e1s me embeles\u00f3 y que <strong>con el paso de los a\u00f1os he intentado que me transmita para combatir mi pesimismo<\/strong>.<\/p>\n<p align=\"justify\"><span style=\"text-decoration: underline;\"><a href=\"\/correrparavivir\/wp-content\/uploads\/sites\/52\/2017\/02\/thumbnail_foto3.jpg\"><img loading=\"lazy\" class=\"wp-image-100 alignnone\" title=\"thumbnail_foto3\" src=\"\/correrparavivir\/wp-content\/uploads\/sites\/52\/2017\/02\/thumbnail_foto3.jpg\" alt=\"\" width=\"300\" height=\"225\" srcset=\"https:\/\/static-blogs.lasprovincias.es\/wp-content\/uploads\/sites\/52\/2017\/02\/thumbnail_foto3.jpg 640w, https:\/\/static-blogs.lasprovincias.es\/wp-content\/uploads\/sites\/52\/2017\/02\/thumbnail_foto3-300x225.jpg 300w\" sizes=\"(max-width: 300px) 100vw, 300px\" \/><\/a><\/span><\/p>\n<p align=\"justify\">\u00a0\u00a0\u00a0\u00a0 Es anecd\u00f3tico, y casi revelador, que en esta ocasi\u00f3n surgiera de m\u00ed esta confianza contagiada, y que fuera yo <strong>la que finalmente le empujara a inscribirnos aquella misma ma\u00f1ana<\/strong>. Ahora que sabemos un poco m\u00e1s de las carreras populares, somos conscientes de todos los factores que se aliaron ese d\u00eda para hacernos participar \u2026 otra vez la vida nos hab\u00eda puesto, casi por casualidad, en un lugar concreto y en una determinada hora, esta vez para abrirnos el camino a una nueva etapa, <strong>la de convertirnos en corredores populares.<\/strong><\/p>\n<p align=\"justify\"><strong>\u00a0\u00a0\u00a0\u00a0 Jes\u00fas<\/strong>, que entonces era tan solo un conocido que de vez en cuando coincid\u00eda con nosotros en el gimnasio de la urbanizaci\u00f3n, pasar\u00eda a ser el <strong>\u201cculpable\u201d de que particip\u00e1ramos en esta prueba<\/strong>. Minutos antes de comenzar, movido por la responsabilidad de habernos involucrado en tal aventura, nos dio <strong>instrucciones y consejos de c\u00f3mo deb\u00edamos plantearla<\/strong>. Quiz\u00e1s porque, como he dicho anteriormente, no nos conoc\u00eda a\u00fan e <strong>ignora<\/strong><strong>ba<\/strong><strong> nuestra dureza para afrontar los retos exigentes<\/strong>.<\/p>\n<p align=\"justify\">\u00a0\u00a0\u00a0\u00a0 Nos pusimos en la l\u00ednea de salida, <strong>bastante retrasados<\/strong>, entre besos y despedidas a nuestro nene, Andrea, que entonces ten\u00eda poco m\u00e1s de a\u00f1o y medio, y que <strong>gracias a mi madre ser\u00eda testigo de nuestra haza\u00f1a \u2026<\/strong> Est\u00e1bamos muy nerviosos ante la incertidumbre de esta nueva experiencia.<\/p>\n<p align=\"justify\"><span style=\"text-decoration: underline;\"><a href=\"\/correrparavivir\/wp-content\/uploads\/sites\/52\/2017\/02\/pobladefarnals070210_2253.jpg\"><img loading=\"lazy\" class=\"size-medium wp-image-101 alignnone\" title=\"pobladefarnals070210_2253\" src=\"\/correrparavivir\/wp-content\/uploads\/sites\/52\/2017\/02\/pobladefarnals070210_2253.jpg\" alt=\"\" width=\"199\" height=\"300\" srcset=\"https:\/\/static-blogs.lasprovincias.es\/wp-content\/uploads\/sites\/52\/2017\/02\/pobladefarnals070210_2253.jpg 698w, https:\/\/static-blogs.lasprovincias.es\/wp-content\/uploads\/sites\/52\/2017\/02\/pobladefarnals070210_2253-199x300.jpg 199w, https:\/\/static-blogs.lasprovincias.es\/wp-content\/uploads\/sites\/52\/2017\/02\/pobladefarnals070210_2253-681x1024.jpg 681w\" sizes=\"(max-width: 199px) 100vw, 199px\" \/><\/a><\/span><\/p>\n<p align=\"justify\"><strong>\u00a0\u00a0\u00a0\u00a0 Dieron el pistoletazo y todo empez\u00f3 <\/strong>\u2026 los nervios desaparecieron y poco a poco fuimos sumando kil\u00f3metros, <strong>con ilusi\u00f3n y disciplina<\/strong>, d\u00e1ndolo todo tal y como acostumbr\u00e1bamos a hacer en nuestros entrenamientos, sufriendo cada minuto, sobre todo pasado el km 15, <strong>d<\/strong><strong>o<\/strong><strong>nde todos sabemos que es cuando realmente comienza una media \u2026<\/strong> esos \u00faltimos kil\u00f3metros son los decisivos y nosotros no defraudamos. Fuimos adelantando <strong>a mujeres y hombres<\/strong> de vuelta a la <strong>playa de La Pobla de Farnals<\/strong>, y una vez all\u00ed, superamos a una \u00faltima chica. No ve\u00edamos a ninguna m\u00e1s delante de nosotros, <strong>aunque imagin\u00e9 que quiz\u00e1s las m\u00e1s destacadas ya habr\u00edan entrado \u2026<\/strong><\/p>\n<p align=\"justify\"><span style=\"text-decoration: underline;\"><a href=\"\/correrparavivir\/wp-content\/uploads\/sites\/52\/2017\/02\/pobladefarnals070210_0406.jpg\"><img loading=\"lazy\" class=\"wp-image-102 alignnone\" title=\"pobladefarnals070210_0406\" src=\"\/correrparavivir\/wp-content\/uploads\/sites\/52\/2017\/02\/pobladefarnals070210_0406.jpg\" alt=\"\" width=\"300\" height=\"199\" srcset=\"https:\/\/static-blogs.lasprovincias.es\/wp-content\/uploads\/sites\/52\/2017\/02\/pobladefarnals070210_0406.jpg 1050w, https:\/\/static-blogs.lasprovincias.es\/wp-content\/uploads\/sites\/52\/2017\/02\/pobladefarnals070210_0406-300x200.jpg 300w, https:\/\/static-blogs.lasprovincias.es\/wp-content\/uploads\/sites\/52\/2017\/02\/pobladefarnals070210_0406-768x511.jpg 768w, https:\/\/static-blogs.lasprovincias.es\/wp-content\/uploads\/sites\/52\/2017\/02\/pobladefarnals070210_0406-1024x682.jpg 1024w\" sizes=\"(max-width: 300px) 100vw, 300px\" \/><\/a><\/span><\/p>\n<p align=\"justify\">\u00a0\u00a0\u00a0\u00a0 Poco despu\u00e9s cruzamos la meta, <strong>siempre recordar\u00e9 la sensaci\u00f3n de felicidad que sent\u00ed al hacerlo, <\/strong>hab\u00edamos corrido <strong>21.097\u00b45 metros<\/strong> por primera vez , saliendo airosos de nuestro nuevo objetivo y con un tiempo bastante aceptable<strong>.<\/strong> Al pasar por debajo del crono, <strong>David y yo enlazamos nuestras manos y las elevamos al cielo para celebrarlo<\/strong>. \u00a1\u00a1Para nosotros era un gran triunfo haberlo conseguido!!.<\/p>\n<p align=\"justify\"><span style=\"text-decoration: underline;\"><a href=\"\/correrparavivir\/wp-content\/uploads\/sites\/52\/2017\/02\/pobladefarnals070210_1220-1.jpg\"><img loading=\"lazy\" class=\"size-medium wp-image-103 alignnone\" title=\"pobladefarnals070210_1220 (1)\" src=\"\/correrparavivir\/wp-content\/uploads\/sites\/52\/2017\/02\/pobladefarnals070210_1220-1.jpg\" alt=\"\" width=\"300\" height=\"199\" srcset=\"https:\/\/static-blogs.lasprovincias.es\/wp-content\/uploads\/sites\/52\/2017\/02\/pobladefarnals070210_1220-1.jpg 1050w, https:\/\/static-blogs.lasprovincias.es\/wp-content\/uploads\/sites\/52\/2017\/02\/pobladefarnals070210_1220-1-300x200.jpg 300w, https:\/\/static-blogs.lasprovincias.es\/wp-content\/uploads\/sites\/52\/2017\/02\/pobladefarnals070210_1220-1-768x511.jpg 768w, https:\/\/static-blogs.lasprovincias.es\/wp-content\/uploads\/sites\/52\/2017\/02\/pobladefarnals070210_1220-1-1024x682.jpg 1024w\" sizes=\"(max-width: 300px) 100vw, 300px\" \/><\/a><\/span><\/p>\n<p align=\"justify\">\u00a0\u00a0\u00a0\u00a0 Seguimos andando para llegar al avituallamiento de final de carrera, cuando uno de los fot\u00f3grafos me indic\u00f3:<strong> \u201cponte con la segunda y os hago una foto\u201d\u2026 <\/strong>\u00bfc\u00f3mo que con la segunda? No habr\u00eda escuchado bien, pens\u00e9 incr\u00e9dula \u2026 Ante la duda, mi marido se acerc\u00f3 a la mesa de cronometraje a pregutar cu\u00e1l hab\u00eda sido mi posici\u00f3n \u2026 <strong>\u201cPrimera\u201d<\/strong> le respondi\u00f3 \u00e9l, \u201c\u00bfprimera de su categor\u00eda?\u201d, dijo David, <strong>\u201cNo, primera de la general \u2026\u201d<\/strong> le indic\u00f3. No nos lo pod\u00edamos creer, <strong>hab\u00eda sido la primera mujer en cruzar la meta<\/strong>, en nuestra primera carrera \u2026 Fuimos a buscar a mi madre y a Andrea, que estaban entre el p\u00fablico y les dimos la grata sorpresa \u2026<\/p>\n<p align=\"justify\"><span style=\"text-decoration: underline;\"><a href=\"\/correrparavivir\/wp-content\/uploads\/sites\/52\/2017\/02\/pobladefarnals070210_2393.jpg\"><img loading=\"lazy\" class=\"wp-image-104 alignnone\" title=\"pobladefarnals070210_2393\" src=\"\/correrparavivir\/wp-content\/uploads\/sites\/52\/2017\/02\/pobladefarnals070210_2393.jpg\" alt=\"\" width=\"199\" height=\"300\" srcset=\"https:\/\/static-blogs.lasprovincias.es\/wp-content\/uploads\/sites\/52\/2017\/02\/pobladefarnals070210_2393.jpg 699w, https:\/\/static-blogs.lasprovincias.es\/wp-content\/uploads\/sites\/52\/2017\/02\/pobladefarnals070210_2393-200x300.jpg 200w, https:\/\/static-blogs.lasprovincias.es\/wp-content\/uploads\/sites\/52\/2017\/02\/pobladefarnals070210_2393-682x1024.jpg 682w\" sizes=\"(max-width: 199px) 100vw, 199px\" \/><\/a><\/span><\/p>\n<p align=\"justify\">\u00a0\u00a0\u00a0\u00a0 Mientras intent\u00e1bamos asimilar nuestro gran triunfo, <strong>vimos llegar a Jes\u00fas<\/strong>, que como no, qued\u00f3 impresionado con el resultado y se empez\u00f3 a percatar de que est\u00e1bamos hechos de otra pasta \u2026 No es nuestra gen\u00e9tica la que nos ayuda a conseguir nuestras metas, sino nuestra capacidad de sufrimiento, perseverancia y nuestro af\u00e1n . Gracias a \u00e9l, <strong>hab\u00edamos descubierto un mundo maravilloso lleno de amantes del deporte como nosotros<\/strong>, en el que con los a\u00f1os hemos ido enriqueciendo nuestras vidas con experiencias y amistades.<\/p>\n<p align=\"justify\"><span style=\"text-decoration: underline;\"><a href=\"\/correrparavivir\/wp-content\/uploads\/sites\/52\/2017\/02\/llegadadejesus.jpg\"><img loading=\"lazy\" class=\"size-medium wp-image-105 alignnone\" title=\"llegadadejesus\" src=\"\/correrparavivir\/wp-content\/uploads\/sites\/52\/2017\/02\/llegadadejesus.jpg\" alt=\"\" width=\"199\" height=\"300\" srcset=\"https:\/\/static-blogs.lasprovincias.es\/wp-content\/uploads\/sites\/52\/2017\/02\/llegadadejesus.jpg 699w, https:\/\/static-blogs.lasprovincias.es\/wp-content\/uploads\/sites\/52\/2017\/02\/llegadadejesus-200x300.jpg 200w, https:\/\/static-blogs.lasprovincias.es\/wp-content\/uploads\/sites\/52\/2017\/02\/llegadadejesus-682x1024.jpg 682w\" sizes=\"(max-width: 199px) 100vw, 199px\" \/><\/a><\/span><\/p>\n<p align=\"justify\">\u00a0\u00a0\u00a0\u00a0 Como ya os podr\u00e9is imaginar, <strong>esto s\u00f3lo fue el detonante de lo que aconteci\u00f3 despu\u00e9s<\/strong>. A la siguiente semana, ya est\u00e1bamos buscando una nueva carrera donde participar, con tal atino, que nos apuntamos al <strong>10k de Pedralba<\/strong> (los que la conoc\u00e9is sabr\u00e9is de su dureza). Esta vez no hubo tanta suerte, <strong>salimos \u201ca tope\u201d con la inconsciencia del principiante<\/strong> y en la primera cuesta, como se suele decir, <strong>me qued\u00e9 clavada, je j<\/strong><strong>e<\/strong> \u00a1cre\u00eda que me mor\u00eda!, nosotros que nunca hab\u00edamos entrenado con desnivel \u2026 Acabamos como pudimos, <strong>aunque nuestras ganas de pelear no se vieron mermadas por el resultado <\/strong>(5\u00aa abs). Parad\u00f3jicamente, ahora s\u00ed que pod\u00edamos decir que est\u00e1bamos <strong>\u201cenganchados\u201d<\/strong>, ya que sent\u00edamos unas ganas tremendas de<strong> volver a ponernos un dorsal \u2026<\/strong><\/p>\n<p align=\"justify\"><span style=\"text-decoration: underline;\"><a href=\"\/correrparavivir\/wp-content\/uploads\/sites\/52\/2017\/02\/pedralba.jpg\"><img loading=\"lazy\" class=\"size-medium wp-image-106 alignnone\" title=\"pedralba\" src=\"\/correrparavivir\/wp-content\/uploads\/sites\/52\/2017\/02\/pedralba.jpg\" alt=\"\" width=\"300\" height=\"199\" srcset=\"https:\/\/static-blogs.lasprovincias.es\/wp-content\/uploads\/sites\/52\/2017\/02\/pedralba.jpg 1100w, https:\/\/static-blogs.lasprovincias.es\/wp-content\/uploads\/sites\/52\/2017\/02\/pedralba-300x199.jpg 300w, https:\/\/static-blogs.lasprovincias.es\/wp-content\/uploads\/sites\/52\/2017\/02\/pedralba-768x510.jpg 768w, https:\/\/static-blogs.lasprovincias.es\/wp-content\/uploads\/sites\/52\/2017\/02\/pedralba-1024x680.jpg 1024w\" sizes=\"(max-width: 300px) 100vw, 300px\" \/><\/a><\/span><\/p>\n<p align=\"justify\">\u00a0\u00a0\u00a0\u00a0 Desde mi perspectiva de entrenadora siempre intento transmitir que <strong>lo importante es vivir con pasi\u00f3n todo lo que hacemos,<\/strong> ser constantes y buscar siempre el aspecto m\u00e1s gratificante para continuar. De esta forma, el sufrimiento es proporcionalmente tan peque\u00f1o, que nunca le har\u00e1 sombra a lo maravilloso que tiene este mundo &#8230; <strong>Siete a\u00f1os despu\u00e9s<\/strong>, doy las gracias a mi <strong>\u201ccompi\u201c Jes\u00fas,<\/strong> por empujarnos a cometer aquella locura, <strong>y tambi\u00e9n a la vida<\/strong>, que nos hizo ser capaces de despojarnos de miedos y prejuicios, reuniendo el valor suficiente &#8230; para <strong>caer en la tentaci\u00f3n<\/strong>.<\/p>\n<!-- AddThis Advanced Settings generic via filter on the_content --><!-- AddThis Share Buttons generic via filter on the_content -->","protected":false},"excerpt":{"rendered":"<p>\u00a0\u00a0\u00a0\u00a0 Para cualquier persona que se inicia en el mundo del running, la primera vez que te colocas un dorsal se convierte en un d\u00eda muy especial y muy dif\u00edcil de olvidar, ya que no sabes c\u00f3mo va a responder tu cuerpo ante tantos est\u00edmulos. Casi siempre hay alguien: un amigo, un familiar, un conocido [&hellip;]<!-- AddThis Advanced Settings generic via filter on get_the_excerpt --><!-- AddThis Share Buttons generic via filter on get_the_excerpt --><\/p>\n","protected":false},"author":57,"featured_media":103,"comment_status":"open","ping_status":"closed","sticky":false,"template":"","format":"standard","meta":[],"categories":[2],"tags":[],"_links":{"self":[{"href":"https:\/\/blogs.lasprovincias.es\/correrparavivir\/wp-json\/wp\/v2\/posts\/98"}],"collection":[{"href":"https:\/\/blogs.lasprovincias.es\/correrparavivir\/wp-json\/wp\/v2\/posts"}],"about":[{"href":"https:\/\/blogs.lasprovincias.es\/correrparavivir\/wp-json\/wp\/v2\/types\/post"}],"author":[{"embeddable":true,"href":"https:\/\/blogs.lasprovincias.es\/correrparavivir\/wp-json\/wp\/v2\/users\/57"}],"replies":[{"embeddable":true,"href":"https:\/\/blogs.lasprovincias.es\/correrparavivir\/wp-json\/wp\/v2\/comments?post=98"}],"version-history":[{"count":1,"href":"https:\/\/blogs.lasprovincias.es\/correrparavivir\/wp-json\/wp\/v2\/posts\/98\/revisions"}],"predecessor-version":[{"id":225,"href":"https:\/\/blogs.lasprovincias.es\/correrparavivir\/wp-json\/wp\/v2\/posts\/98\/revisions\/225"}],"wp:featuredmedia":[{"embeddable":true,"href":"https:\/\/blogs.lasprovincias.es\/correrparavivir\/wp-json\/wp\/v2\/media\/103"}],"wp:attachment":[{"href":"https:\/\/blogs.lasprovincias.es\/correrparavivir\/wp-json\/wp\/v2\/media?parent=98"}],"wp:term":[{"taxonomy":"category","embeddable":true,"href":"https:\/\/blogs.lasprovincias.es\/correrparavivir\/wp-json\/wp\/v2\/categories?post=98"},{"taxonomy":"post_tag","embeddable":true,"href":"https:\/\/blogs.lasprovincias.es\/correrparavivir\/wp-json\/wp\/v2\/tags?post=98"}],"curies":[{"name":"wp","href":"https:\/\/api.w.org\/{rel}","templated":true}]}}