{"id":149,"date":"2015-05-15T12:13:57","date_gmt":"2015-05-15T10:13:57","guid":{"rendered":"http:\/\/blogs.lasprovincias.es\/danos-prejuicios\/?p=149"},"modified":"2015-05-15T12:13:57","modified_gmt":"2015-05-15T10:13:57","slug":"dime-como-viste-y-te-dire-si-es-abogado","status":"publish","type":"post","link":"https:\/\/blogs.lasprovincias.es\/danos-prejuicios\/2015\/05\/15\/dime-como-viste-y-te-dire-si-es-abogado\/","title":{"rendered":"Dime c\u00f3mo viste y te dir\u00e9 si es abogado"},"content":{"rendered":"<p><span style=\"float: left; color: #087dd6; font-family: fjord one; font-size: 100px; line-height: 70px; padding-top: 4px;\"> E<\/span> l abogado ha de vestir como tal\u201d, o eso dicen. A lo que los periodistas contamos con un libro de estilo, ellos tienen en la mesilla de noche un manual sobre la indumentaria que deben portar, tanto  dentro como fuera de la vida judicial. Conozco de buena mano c\u00f3mo es el armario de un letrado: trajes, pantalones de pinza, camisas a conjunto con las americanas\u2026 Abres aquello y parece el ajuar de un enterrador, desde el cari\u00f1o. Por no hablar del pedazo de problema que tienen los fines de semana, porque acaban tan sumamente hartos de ir de etiqueta que se tiran el primer vaquero ro\u00f1oso que pillan por el ropero y la camiseta que iba de regalo con la caja de galletas. \u00bfY cuando tienen una cita, boda o derivados? Pues nada, ya pueden ponerse, maquillarse, peinarse o acicalarse lo que quieran que no se notar\u00e1 ni una pizca la diferencia, si es que llevan la misma ropa que para ir a trabajar&#8230; Y no lo digo yo, me lo confiesan ellos cada s\u00e1bado.<br \/>\n<!--more--><br \/>\nAunque parezca broma en algunos despachos y Colegios de Abogados al entrar por primera vez a trabajar te dan: el contrato para firmar, el C\u00f3digo Civil y C\u00f3digo Penal, la Ley de Enjuiciamiento Criminal, la Ley de Arrendamientos Urbanos, unos cuantos textos legales m\u00e1s y el \u2018<strong>Vadem\u00e9cum para Abogados Noveles<\/strong>\u2019 que contiene un cap\u00edtulo dedicado en exclusiva a su vestimenta. Entre t\u00fa y yo no nos vamos a enga\u00f1ar, pese a que a estas alturas de campa\u00f1a electoral suene un tanto casposo, las corbatas siguen dando cierta sensaci\u00f3n de seriedad, pero es com\u00fan a muchos oficios. As\u00ed que si quieres disfrazarte de abogado o pretendes pasar la ma\u00f1ana del lunes en la calle Col\u00f3n adivinando qui\u00e9nes pertenecen a esta especie <a href=\"http:\/\/blogs.lasprovincias.es\/elsindromededarrin\/2015\/02\/02\/los-abogados-los-carga-el-diablo\/\" target=\"_blank\">cargada por el diablo<\/a>, aqu\u00ed te dejo un <strong>dec\u00e1logo de los 18 puntos b\u00e1sicos para que consigas reconocerlos a primera vista<\/strong>:<br \/>\n&nbsp;<br \/>\n<span style=\"color: #fff; background-color: #087dd6; padding: 0 5px;\"><strong>AMBOS SEXOS<\/strong><\/span><br \/>\n&nbsp;<br \/>\n<span style=\"color: #fff; background-color: #d10a10; padding: 0 5px;\"><strong>1<\/strong><\/span> Hasta 2001 era necesario que los abogados comparecieran ante los Tribunales con traje, camisa blanca, corbata, zapatos negros, por supuesto <strong>vistiendo toga<\/strong> y en algunos casos birrete. Una buena forma de diferenciarlos de ciertos periodistas como <a href=\"http:\/\/blogs.lasprovincias.es\/togadoyhundido\/\" target=\"_blank\">Togado&#038;Hundido<\/a> que pasan el d\u00eda en la Ciudad de la Justicia.<br \/>\n&nbsp;<br \/>\n<span style=\"color: #fff; background-color: #d10a10; padding: 0 5px;\"><strong>2<\/strong><\/span> Desde entonces, aunque utilizar la t\u00fanica negra sigue siendo imperativo para los Magistrados, Fiscales, Secretarios, Abogados y Procuradores, ya <strong>no importa lo que lleven debajo<\/strong>. No obstante, siempre es mejor no hacer la broma de ir desnudo porque pueden obligarles a descubrirse al entrar y salir de la Sala, no vaya a ser que guarden un as en la manga.<br \/>\n&nbsp;<br \/>\n<span style=\"color: #fff; background-color: #d10a10; padding: 0 5px;\"><strong>3<\/strong><\/span> El tema de la toga tiene su intringulis. Los juristas no suelen contar con una propia, son bastante caras y la mayor\u00eda opta por la que ofrece el Colegio de Abogados corriendo el riesgo de que sea diez tallas m\u00e1s grande o que contenga restos de sudoraci\u00f3n de un inseguro compa\u00f1ero de estrados. Pero siempre ha habido clases, ya que los decanos deber\u00e1n llevar vuelillos en la misma y para cuando la ocasi\u00f3n lo requiera, la placa o medalla de acuerdo a su rango. Adem\u00e1s, en los reglamentos <strong>no se dice nada del color de la misma<\/strong>, qui\u00e9n sabe si alg\u00fan d\u00eda ocurre como con los gorros de los celadores y un pobre despistado se tira el mantel de casa encima.<br \/>\n&nbsp;<br \/>\n<span style=\"color: #fff; background-color: #d10a10; padding: 0 5px;\"><strong>4<\/strong><\/span> <strong>&#8220;Adecuar\u00e1n su indumentaria a la dignidad y prestigio de la toga que visten y al respeto a la Justicia&#8221;<\/strong> o eso dice su Estatuto. Aunque es recomendable que la ajusten a su materia, no es lo mismo un laboralista que uno penalista, \u00bfno?<br \/>\n&nbsp;<br \/>\n<span style=\"color: #fff; background-color: #d10a10; padding: 0 5px;\"><strong>5<\/strong><\/span> \u00a1Viernes al sol! El mismo manual de instrucciones les permite tomarse <strong>ciertas liberalidades<\/strong> con el vestuario el \u00faltimo d\u00eda de la semana (para ellos, porque algunos trabajamos los findes) siempre que no tengan citas o reuniones importantes en agenda. Pero vamos, que el libertinaje no te creas que llega muy lejos, igual pueden quitarse la corbata, que no el traje, y eso que estamos a 35 grados a la sombra.<br \/>\n&nbsp;<br \/>\n<span style=\"color: #fff; background-color: #d10a10; padding: 0 5px;\"><strong>6<\/strong><\/span> Aunque suene a chiste, en muchos convenios colectivos de todos los sectores se considera <strong>falta leve no ducharse<\/strong>. \u00bfHay gente tan guarra como para que se tenga que incluir en el reglamento interno de la empresa? Pues se ve que s\u00ed. Pese a que creo que deber\u00eda elevarse a derecho fundamental de los compa\u00f1eros de trabajo, al menos el manual del buen abogado advierte que el cuidado personal ha de ser impecable, pero sin caer en el excesivo acicalamiento para que no parezca artificial. Tampoco se trata de ser el estirado del despacho.<br \/>\n&nbsp;<br \/>\n<span style=\"color: #fff; background-color: #d10a10; padding: 0 5px;\"><strong>7<\/strong><\/span> <strong>Controlar los niveles de sudoraci\u00f3n<\/strong> es otra de las recomendaciones, para lo cual siempre es buena opci\u00f3n tener desodorante y kit de ducha en la taquilla. Adi\u00f3s a las manos h\u00famedas, es enormemente desagradable tener que limpiarte disimuladamente despu\u00e9s de saludar a alguien.<br \/>\n&nbsp;<br \/>\n<span style=\"color: #fff; background-color: #d10a10; padding: 0 5px;\"><strong>8<\/strong><\/span> Trabajan mucho y muchas horas, es cierto, pero cuando lees el librito parece que no tengan casa, porque al neceser con roll-on de frangancia fresca y champ\u00fa anticaspa o antica\u00edda, hay que a\u00f1adirle el <strong>cepillo de dientes y la maquinilla de afeitar<\/strong>. Asimismo, el pelo debe estar siempre brillante y los dientes relucientes. Cobrar\u00e1n mucho, pero con lo que se gastan en est\u00e9tica se les va la mitad del sueldo.<br \/>\n&nbsp;<br \/>\n<img loading=\"lazy\" src=\"\/danos-prejuicios\/wp-content\/uploads\/sites\/43\/2015\/05\/abogados.jpg\" alt=\"\" title=\"abogados\" width=\"619\" height=\"464\" class=\"alignnone size-full wp-image-151\" srcset=\"https:\/\/static-blogs.lasprovincias.es\/wp-content\/uploads\/sites\/43\/2015\/05\/abogados.jpg 619w, https:\/\/static-blogs.lasprovincias.es\/wp-content\/uploads\/sites\/43\/2015\/05\/abogados-300x225.jpg 300w\" sizes=\"(max-width: 619px) 100vw, 619px\" \/><br \/>\n&nbsp;<br \/>\n<span style=\"color: #fff; background-color: #087dd6; padding: 0 5px;\"><strong>MUJERES<\/strong><\/span><br \/>\n&nbsp;<br \/>\n<span style=\"color: #fff; background-color: #d10a10; padding: 0 5px;\"><strong>9<\/strong><\/span> No es broma, en el texto aparece una tabla de indumentaria recomendable y la que no lo es tanto. Por ejemplo, para las mujeres lo m\u00e1s adecuado son los trajes, indistintamente de que sean de <strong>falda o pantal\u00f3n<\/strong>, pero de tonos oscuros, grises, negros o azules marinos. Lo que ya te he dicho, de funeral total. Nada de vaqueros ni faldas demasiado cortas. A lo que cabe preguntarse: \u00bfcorto respecto a qu\u00e9?<br \/>\n&nbsp;<br \/>\n<span style=\"color: #fff; background-color: #d10a10; padding: 0 5px;\"><strong>10<\/strong><\/span> Las mejores camisas son las de cot\u00f3 piqu\u00e9, que no s\u00e9 muy bien lo que es, pero as\u00ed lo indica. Tambi\u00e9n son dignos de ser llevados por una letrada los jers\u00e9is de cuello alto y las blusas. <strong>Ni camisetas, ni &#8220;escotes profundos<\/strong>&#8220;.<br \/>\n&nbsp;<br \/>\n<span style=\"color: #fff; background-color: #d10a10; padding: 0 5px;\"><strong>11<\/strong><\/span> <strong>\u00bfY los zapatos planos o de tac\u00f3n?<\/strong> Depende. Para el pantal\u00f3n mucho mejor el calzado plano o los botines, para la falda el tac\u00f3n bajo. Nada de esos taconazos afilados que en los aeropuertos no saben si son arma blanca o remate femenino. Y por supuesto, ni plataformas ni suela gruesa.<br \/>\n&nbsp;<br \/>\n<span style=\"color: #fff; background-color: #d10a10; padding: 0 5px;\"><strong>12<\/strong><\/span> Los complementos son el mejor aliado de la mujer, o su peor enemigo, porque parece ser poco profesional que una abogada lleve <strong>pendientes grandes, bolsos de lona<\/strong> o similares y que abuse del perfume. Que para dejar huella en alguien no es necesario impregnar el juzgado de un rastro oloroso.<br \/>\n&nbsp;<br \/>\n<span style=\"color: #fff; background-color: #d10a10; padding: 0 5px;\"><strong>13<\/strong><\/span> Prohibidos los \u201c<strong>tatuajes y pins<\/strong>\u201d, aunque no s\u00e9 si con pins se refiere a piercings o a chapas de &#8220;no a las tasas&#8221;. Y siempre con la comodidad y discreci\u00f3n necesarios para transmitir la suficiente confianza y seguridad. Adem\u00e1s, las u\u00f1as debes estar bien cortadas para que la longitud de las mismas no sea desproporcionada, con manicura discreta y colores poco estridentes. Y ah\u00ed te lo deja.<br \/>\n&nbsp;<br \/>\n<img loading=\"lazy\" src=\"\/danos-prejuicios\/wp-content\/uploads\/sites\/43\/2015\/05\/corbatas.jpg\" alt=\"\" title=\"corbatas\" width=\"619\" height=\"464\" class=\"alignnone size-full wp-image-150\" srcset=\"https:\/\/static-blogs.lasprovincias.es\/wp-content\/uploads\/sites\/43\/2015\/05\/corbatas.jpg 619w, https:\/\/static-blogs.lasprovincias.es\/wp-content\/uploads\/sites\/43\/2015\/05\/corbatas-300x225.jpg 300w\" sizes=\"(max-width: 619px) 100vw, 619px\" \/><br \/>\n&nbsp;<br \/>\n<span style=\"color: #fff; background-color: #087dd6; padding: 0 5px;\"><strong>HOMBRES<\/strong><\/span><br \/>\n&nbsp;<br \/>\n<span style=\"color: #fff; background-color: #d10a10; padding: 0 5px;\"><strong>14<\/strong><\/span> El gran enemigo del hombre, la <strong>corbata<\/strong>. Y esto va tanto para los abogados como para los que no lo son, por favor, retirad de una vez las que tengan dibujitos extravagantes de Homer Simpson, Mickey Mouse o los superh\u00e9roes de Marvel, que esa etapa, aunque os cueste asumirlo, ya pas\u00f3. Mucho m\u00e1s decoroso es que utilic\u00e9is colores sobrios y que aprend\u00e1is de una vez a confeccionaros el nudo vosotros solos. No obstante, es aconsejable que cont\u00e9is con una de repuesto en el despacho por si os manch\u00e1is con el bollo o el caf\u00e9.<br \/>\n&nbsp;<br \/>\n<span style=\"color: #fff; background-color: #d10a10; padding: 0 5px;\"><strong>15<\/strong><\/span> El <strong>traje<\/strong>, al igual que para el caso de las mujeres, mejor gris o azul marino, con camisa blanca o de tonos suaves. No est\u00e1 muy bien visto eso del marr\u00f3n o granate que utilizan los <a href=\"http:\/\/www.lasprovincias.es\/v\/20130109\/gente\/messi-aumenta-balon-traje-20130109.html\" target=\"_blank\" rel=\"external nofollow\">jugadores de f\u00fatbol<\/a> cuando asisten a la Gala del Bal\u00f3n de Oro.<br \/>\n&nbsp;<br \/>\n<span style=\"color: #fff; background-color: #d10a10; padding: 0 5px;\"><strong>16<\/strong><\/span> La falda no est\u00e1 contemplado para el sexo masculino, as\u00ed que nos centraremos en los pantalones. Tienen que ser cl\u00e1sicos, que no del Pleistoceno, y oscuros. Nada de <strong>calcetines blancos<\/strong>, porque aunque esta espantosa combinaci\u00f3n muri\u00f3 el mismo d\u00eda que Michael Jackson, por si las moscas, el vadem\u00e9cum lo previene. Los zapatos de &#8220;piel o similar&#8221;,  que con lo que cobran ya podr\u00edan ser aut\u00e9nticos.<br \/>\n&nbsp;<br \/>\n<span style=\"color: #fff; background-color: #d10a10; padding: 0 5px;\"><strong>17<\/strong><\/span> Prohibidas las <strong>&#8220;camisetas con publicidad&#8221;<\/strong> y los vaqueros, indicaci\u00f3n que no hace a las mujeres. El buen gusto es universal, pero parece imperar entre nosotras. \u00bfLo ideal? Camisas de colores claros, para contrastar un poquito con el desolador panorama.<br \/>\n&nbsp;<br \/>\n<span style=\"color: #fff; background-color: #d10a10; padding: 0 5px;\"><strong>18<\/strong><\/span> Otra cosa que no advierte a las letradas pero s\u00ed a los abogados, es que no es aconsejable el <strong>calzado deportivo<\/strong>. No s\u00e9 si es porque a nosotras no se nos ocurrir\u00eda o porque ellos practican m\u00e1s deporte por cuestiones de colesterol y tal, pero s\u00ed que coincidimos en los pins y tatuajes.<br \/>\n&nbsp;<br \/>\n&nbsp;<br \/>\n<span style=\"color: #fff; background-color: #d10a10; padding: 0 5px;\"><strong>Llega la \u00e9poca de ex\u00e1menes y me entristece enormemente confirmaros que hasta nuevo Real Decreto-ley, s\u00f3lo podremos disfrutar del blog una vez a la semana. Deseadme suerte.<\/strong><\/span><br \/>\n&nbsp;<\/p>\n<h2><span style=\"font-size: 25px; color: #087dd6;\"><strong>ALGO DE LEGISLACI\u00d3N<\/strong><\/span><\/h2>\n<p><strong>Art\u00edculo 49 del Estatuto General de la Abogac\u00eda \u2013 Derogado en 2001<\/strong><\/p>\n<p style=\"font-size: 14px;\"> Los Abogados comparecer\u00e1n ante los Tribunales con traje, corbata y zapatos negros, camisa blanca y vistiendo toga y, potestativamente, birrete, sin distintivos de ninguna clase.<br \/>\nEn la apertura de Tribunales, tomas de posesi\u00f3n, recepciones y dem\u00e1s actos oficiales solemnes, as\u00ed como ante cualquier Tribunal o Autoridad en que haya de hacer valer su condici\u00f3n el Decano llevar\u00e1 vuelillos en su toga, si le correspondiere, as\u00ed como la medalla con el emblema del Colegio, que tambi\u00e9n podr\u00e1n ostentar los dem\u00e1s miembros de la Junta de Gobierno.<br \/>\nLos Abogados no estar\u00e1n obligados a descubrirse m\u00e1s que a la entrada y salida de las Salas a que concurran para las vistas y en el momento de tomar la venia para informar. <\/p>\n<p><strong>Art\u00edculo 37 del Estatuto General de la Abogac\u00eda- Vigente <\/strong><\/p>\n<p style=\"font-size: 14px;\">1. Los abogados comparecer\u00e1n ante los Tribunales vistiendo toga y, potestativamente, birrete, sin distintivo de ninguna clase, salvo el colegial, y adecuar\u00e1n su indumentaria a la dignidad y prestigio de la toga que visten y al respeto a la Justicia.<br \/>\n2. Los abogados no estar\u00e1n obligados a descubrirse m\u00e1s que a la entrada y salida de las Salas a que concurran para las vistas y en el momento de solicitar la venia para informar.<\/p>\n<p><strong>Art\u00edculo 187 de la Ley Org\u00e1nica del Poder Judicial del 1 de julio de 1985<\/strong><\/p>\n<p style=\"font-size: 14px;\"> 1. En audiencia p\u00fablica, reuniones del Tribunal y actos solemnes judiciales, los Jueces, Magistrados, Fiscales, Secretarios, Abogados y Procuradores usar\u00e1n toga y, en su caso, placa y medalla de acuerdo con su rango.<br \/>\n2. Asimismo, todos ellos, en estrados, se sentar\u00e1n a la misma altura.<\/p>\n<p><strong>Vadem\u00e9cum para Abogados Noveles<\/strong><\/p>\n<p style=\"font-size: 14px;\">Autor: Jos\u00e9 \u00c1ngel Garc\u00eda Fern\u00e1ndez<br \/>\nEditorial: Tirant lo Blanch<br \/>\nPrecio: 11, 30\u20ac<\/p>\n<p>&nbsp;<br \/>\n&nbsp;<br \/>\n<span style=\"font-size: 14px; color: #999999;\"><em>Con estas l\u00edneas no pretendo cerrar la cuesti\u00f3n, s\u00f3lo se trata de una exposici\u00f3n de ideas. Si se encuentra en esta situaci\u00f3n acuda a un buen abogado y recuerde que siempre es mejor un mal acuerdo que un buen pleito.<\/em><\/span><br \/>\n<span style=\"font-size: 14px; color: #999999;\"><em>Para sugerencias, quejas o recomendaciones puede escribirme a <a href=\"mailto:bzuniga@lasprovincias.es?Subject=Para Da\u00f1os y Prejuicios\" target=\"_top\">bzuniga@lasprovincias.es<\/a><\/em><\/span><br \/>\n&nbsp;<br \/>\n&nbsp;<\/p>\n<!-- AddThis Advanced Settings generic via filter on the_content --><!-- AddThis Share Buttons generic via filter on the_content -->","protected":false},"excerpt":{"rendered":"<p>E l abogado ha de vestir como tal\u201d, o eso dicen. A lo que los periodistas contamos con un libro de estilo, ellos tienen en la mesilla de noche un manual sobre la indumentaria que deben portar, tanto dentro como fuera de la vida judicial. Conozco de buena mano c\u00f3mo es el armario de un [&hellip;]<!-- AddThis Advanced Settings generic via filter on get_the_excerpt --><!-- AddThis Share Buttons generic via filter on get_the_excerpt --><\/p>\n","protected":false},"author":48,"featured_media":0,"comment_status":"open","ping_status":"open","sticky":false,"template":"","format":"standard","meta":[],"categories":[3],"tags":[18,158,263,269],"_links":{"self":[{"href":"https:\/\/blogs.lasprovincias.es\/danos-prejuicios\/wp-json\/wp\/v2\/posts\/149"}],"collection":[{"href":"https:\/\/blogs.lasprovincias.es\/danos-prejuicios\/wp-json\/wp\/v2\/posts"}],"about":[{"href":"https:\/\/blogs.lasprovincias.es\/danos-prejuicios\/wp-json\/wp\/v2\/types\/post"}],"author":[{"embeddable":true,"href":"https:\/\/blogs.lasprovincias.es\/danos-prejuicios\/wp-json\/wp\/v2\/users\/48"}],"replies":[{"embeddable":true,"href":"https:\/\/blogs.lasprovincias.es\/danos-prejuicios\/wp-json\/wp\/v2\/comments?post=149"}],"version-history":[{"count":0,"href":"https:\/\/blogs.lasprovincias.es\/danos-prejuicios\/wp-json\/wp\/v2\/posts\/149\/revisions"}],"wp:attachment":[{"href":"https:\/\/blogs.lasprovincias.es\/danos-prejuicios\/wp-json\/wp\/v2\/media?parent=149"}],"wp:term":[{"taxonomy":"category","embeddable":true,"href":"https:\/\/blogs.lasprovincias.es\/danos-prejuicios\/wp-json\/wp\/v2\/categories?post=149"},{"taxonomy":"post_tag","embeddable":true,"href":"https:\/\/blogs.lasprovincias.es\/danos-prejuicios\/wp-json\/wp\/v2\/tags?post=149"}],"curies":[{"name":"wp","href":"https:\/\/api.w.org\/{rel}","templated":true}]}}