{"id":181,"date":"2015-07-21T10:04:04","date_gmt":"2015-07-21T08:04:04","guid":{"rendered":"http:\/\/blogs.lasprovincias.es\/danos-prejuicios\/?p=181"},"modified":"2015-07-21T10:04:04","modified_gmt":"2015-07-21T08:04:04","slug":"de-estas-27-palabras-cuantas-utilizas-mal","status":"publish","type":"post","link":"https:\/\/blogs.lasprovincias.es\/danos-prejuicios\/2015\/07\/21\/de-estas-27-palabras-cuantas-utilizas-mal\/","title":{"rendered":"De estas 27 palabras, \u00bfcu\u00e1ntas utilizas mal?"},"content":{"rendered":"<p><span style=\"float: left; color: #087dd6; font-family: fjord one; font-size: 100px; line-height: 70px; padding-top: 4px;\">H<\/span>ablar mal no es ninguna enfermedad, aunque a veces duela o\u00edr determinadas palabras&#8221;, o eso dice mi compa\u00f1era <a href=\"http:\/\/www.lasprovincias.es\/autor\/carmen-velasco-458.html\" target=\"_blank\" rel=\"external nofollow\">Carmen Velasco<\/a>, gran experta donde las haya, en detectar estos <a href=\"http:\/\/www.lasprovincias.es\/v\/20110415\/culturas\/hablar-20110415.html\" target=\"_blank\" rel=\"external nofollow\">equ\u00edvocos terminol\u00f3gicos<\/a>. A menudo confundimos los vocablos, pero deseo que ese <em>lapsus l\u00ednguae<\/em> nunca te pille en una cena rom\u00e1ntica y se refiera a un nombre propio, \u00a1menudo problem\u00f3n! Sin ninguna duda, lo que peor llevamos son las frases hechas, hay gente que no da ni una y por poner alg\u00fan ejemplo te confesar\u00e9 que he llegado a escuchar cosas como &#8220;arrimarse al sol que m\u00e1s deslumbra&#8221; o que &#8220;Dios sea lo que quiera&#8221;, s\u00f3lo hay que leer las columnas en fasc\u00edculos sobre <a href=\"http:\/\/www.lasprovincias.es\/v\/20110415\/culturas\/hablar-20110415.html\" target=\"_blank\" rel=\"external nofollow\">&#8216;Hablar mal&#8217;<\/a> de la citada entendida, para saber de lo que hablo.<br \/>\n<!--more--><br \/>\nS\u00e9 que est\u00e1s de vacaciones y que seguramente mientras lees este post la arena de la playa se est\u00e9 deslizando por tus pies y de fondo suene la banda sonora del Mediterr\u00e1neo -\u00a1maldigo mi capacidad de visualizaci\u00f3n!-, pero durante este periodo estival no debes olvidar dos cosas: que aunque haga calor no hay que perder el decoro en la <a href=\"https:\/\/blogs.lasprovincias.es\/danos-prejuicios\/2015\/05\/15\/dime-como-viste-y-te-dire-si-es-abogado\/\" target=\"_blank\">vestimenta<\/a> y que hablar bien de momento es gratis.<br \/>\nA estas alturas me atrever\u00eda a decir que casi cada vez que alguien habla de Derecho muere un jurista, o un fil\u00f3logo seg\u00fan los casos, y no niego mi condici\u00f3n de c\u00f3mplice en estos homicidios. No es que yo sea una experta ni mucho menos, de momento sigo sin tener un asiento entre los acad\u00e9micos porque meto la pata como la que m\u00e1s, a veces conscientemente para no parecer pedante y otras por pura dejadez. Es por eso que me veo obligada a hacer este post y repasar contigo, ahora que ya ha terminado el curso escolar, los siguientes <strong>27 t\u00e9rminos jur\u00eddicos<\/strong> y que de una vez por todas aprendamos a hablar con propiedad:<br \/>\n&nbsp;<br \/>\n<img loading=\"lazy\" src=\"\/danos-prejuicios\/wp-content\/uploads\/sites\/43\/2015\/07\/mesa-hablando.jpg\" alt=\"\" title=\"mesa hablando\" width=\"619\" height=\"464\" class=\"alignnone size-full wp-image-183\" srcset=\"https:\/\/static-blogs.lasprovincias.es\/wp-content\/uploads\/sites\/43\/2015\/07\/mesa-hablando.jpg 619w, https:\/\/static-blogs.lasprovincias.es\/wp-content\/uploads\/sites\/43\/2015\/07\/mesa-hablando-300x225.jpg 300w\" sizes=\"(max-width: 619px) 100vw, 619px\" \/><br \/>\n&nbsp;<br \/>\n<span style=\"color: #fff; background-color: #d10a10; padding: 0 5px;\"><strong>1<\/strong><\/span> <span style=\"color: #fff; background-color: #087dd6; padding: 0 5px;\"><strong>Asesinato<\/strong><\/span> Aunque debido a la proliferaci\u00f3n de series sobre criminalistas esta diferenciaci\u00f3n casi la tienes controlada, recuerda que ser\u00e1 un asesinato cuando se mata a alguien con alevos\u00eda o ensa\u00f1amiento; a cambio de precio, recompensa o promesa; o para facilitar la comisi\u00f3n de otro delito o evitar que se descubra.<br \/>\n<span style=\"color: #fff; background-color: #087dd6; padding: 0 5px;\"><strong>Homicidio<\/strong><\/span> Con saber la definici\u00f3n anterior te sobra, para todo lo dem\u00e1s &#8220;el que matare a otro ser\u00e1 castigado, como reo de homicidio, con la pena de prisi\u00f3n de diez a quince a\u00f1os&#8221;.<br \/>\n&nbsp;<br \/>\n<span style=\"color: #fff; background-color: #d10a10; padding: 0 5px;\"><strong>2<\/strong><\/span> <span style=\"color: #fff; background-color: #087dd6; padding: 0 5px;\"><strong>Denuncia<\/strong><\/span> La mayor\u00eda de las veces utilizas este t\u00e9rmino para referirte a todo, pero denunciar supone informar a la autoridad competente de la existencia de un hecho delictivo.<br \/>\n<span style=\"color: #fff; background-color: #087dd6; padding: 0 5px;\"><strong>Demanda<\/strong><\/span> Util\u00edzala s\u00f3lo cuando quieras aludir a las peticiones o pretensiones formales y escritas presentadas ante cualquier juzgado que no sea de lo Penal, es decir ante el Civil, Laboral, Mercantil&#8230;<br \/>\n<span style=\"color: #fff; background-color: #087dd6; padding: 0 5px;\"><strong>Querella<\/strong><\/span> O tambi\u00e9n la mal llamada &#8220;querella criminal&#8221;, porque no existe ninguna que no tenga tal condici\u00f3n, es casi lo mismo que la demanda pero dirigida al Jugado de lo Penal competente.<br \/>\n&nbsp;<br \/>\n<span style=\"color: #fff; background-color: #d10a10; padding: 0 5px;\"><strong>3<\/strong><\/span> <span style=\"color: #fff; background-color: #087dd6; padding: 0 5px;\"><strong>Robo<\/strong><\/span> Aunque casi siempre lo emplees para referirte al apoderamiento de cosas muebles ajenas, para que te puedan acusar de dicho delito es necesario que exista violencia o intimidaci\u00f3n.<br \/>\n<span style=\"color: #fff; background-color: #087dd6; padding: 0 5px;\"><strong>Hurto<\/strong><\/span> De lo contrario, simplemente cuando cojas algo sin la voluntad de su due\u00f1o, ser\u00e1s castigado como reo de hurto si la cuant\u00eda de los sustra\u00eddo excede de los 400\u20ac.<br \/>\n&nbsp;<br \/>\n<span style=\"color: #fff; background-color: #d10a10; padding: 0 5px;\"><strong>4<\/strong><\/span> <span style=\"color: #fff; background-color: #087dd6; padding: 0 5px;\"><strong>Proceso<\/strong><\/span> es el litigio o el pleito, es decir, el conflicto que existe entre las partes. En este sentido, el proceso equivaldr\u00eda al \u201ccontenido\u201d concreto de la actividad jurisdiccional.<br \/>\n<span style=\"color: #fff; background-color: #087dd6; padding: 0 5px;\"><strong>Procedimiento<\/strong><\/span> supone la sucesi\u00f3n de los diferentes actos procesales formales a trav\u00e9s de los cuales el proceso se sustancia. As\u00ed, para que sea m\u00e1s f\u00e1cil de recordar, habla de procedimiento cuanto te refieras al \u201ccontinente\u201d.<br \/>\n&nbsp;<br \/>\n<span style=\"color: #fff; background-color: #d10a10; padding: 0 5px;\"><strong>5<\/strong><\/span> <span style=\"color: #fff; background-color: #087dd6; padding: 0 5px;\"><strong>Delito<\/strong><\/span> Aunque con la reforma del C\u00f3digo Penal ya no tengo muy claro si es interesante que te explique esta distinci\u00f3n, por si las Generales traen un nuevo Gobierno y volvemos a lo anterior, es mejor que sepas de antemano que la diferencia entre estas dos categor\u00edas reside b\u00e1sicamente en las penas impuestas, que en el caso de los delitos ser\u00e1 prisi\u00f3n o multa.<br \/>\n<span style=\"color: #fff; background-color: #087dd6; padding: 0 5px;\"><strong>Falta<\/strong><\/span> Normalmente las faltas se refieren a lesiones menos da\u00f1osas que los delitos y son sancionadas con arresto o multa. As\u00ed que si tienes que elegir, mejor que te condenen por una falta de lesiones que por equivalente en delito.<br \/>\n&nbsp;<br \/>\n<span style=\"color: #fff; background-color: #d10a10; padding: 0 5px;\"><strong>6<\/strong><\/span> <span style=\"color: #fff; background-color: #087dd6; padding: 0 5px;\"><strong>Injurias<\/strong><\/span> Como ya te recomend\u00e9 en un post anterior ser\u00eda maravilloso que aprendieses a cocinar la <a href=\"https:\/\/blogs.lasprovincias.es\/danos-prejuicios\/2015\/03\/24\/como-cocinar-la-libertad-de-expresion-sin-injuriar-en-el-intento\/\" target=\"_blank\">libertad de expresi\u00f3n sin injuriar en el intento<\/a>, pero por si no te qued\u00f3 del todo claro y aunque acostumbres a unirlas como si fuesen un mismo hecho delictivo, estas ofensas son las expresiones que lesionan la dignidad de otras personas.<br \/>\n<span style=\"color: #fff; background-color: #087dd6; padding: 0 5px;\"><strong>Calumnias<\/strong><\/span> Por su parte, cuando imputes a alguien un delito con conocimiento de su falsedad o desprecio hacia la verdad, estar\u00e1s calumniando.<br \/>\n&nbsp;<br \/>\n<img loading=\"lazy\" src=\"\/danos-prejuicios\/wp-content\/uploads\/sites\/43\/2015\/07\/congreso.jpg\" alt=\"\" title=\"congreso\" width=\"619\" height=\"464\" class=\"alignnone size-full wp-image-182\" srcset=\"https:\/\/static-blogs.lasprovincias.es\/wp-content\/uploads\/sites\/43\/2015\/07\/congreso.jpg 619w, https:\/\/static-blogs.lasprovincias.es\/wp-content\/uploads\/sites\/43\/2015\/07\/congreso-300x225.jpg 300w\" sizes=\"(max-width: 619px) 100vw, 619px\" \/><br \/>\n&nbsp;<br \/>\n<span style=\"color: #fff; background-color: #d10a10; padding: 0 5px;\"><strong>7<\/strong><\/span> <span style=\"color: #fff; background-color: #087dd6; padding: 0 5px;\"><strong>Inconstitucional<\/strong><\/span> Tenemos mucha man\u00eda de decir si esto o aquello es inconstitucional y hasta donde s\u00e9 ninguno de nosotros est\u00e1 autorizado para dictar tal sentencia. El Tribunal Constitucional, y s\u00f3lo \u00e9l, es el encargado de garantizar la supremac\u00eda de la Constituci\u00f3n y de discernir sobre la conformidad de las leyes respecto de la Carta Magna, aunque si entre vosotros hay alguno que forme parte de dicho \u00f3rgano, por favor que levante la mano.<br \/>\n&nbsp;<br \/>\n<span style=\"color: #fff; background-color: #d10a10; padding: 0 5px;\"><strong>8<\/strong><\/span> <span style=\"color: #fff; background-color: #087dd6; padding: 0 5px;\"><strong>Licencia<\/strong><\/span> en el \u00e1mbito local la licencia era hasta hace unos a\u00f1os el permiso administrativo \u201cestrella\u201d, el acto por el que la Administraci\u00f3n reconoc\u00eda y amparaba el derecho solicitado por el administrado.<br \/>\n<span style=\"color: #fff; background-color: #087dd6; padding: 0 5px;\"><strong>Declaraci\u00f3n responsable<\/strong><\/span> En la actualidad la mayor\u00eda de actos y usos a nivel local est\u00e1n sujetos a este r\u00e9gimen. En este caso, el administrado es quien presenta un documento a la Administraci\u00f3n donde manifiesta bajo su responsabilidad, a grandes rasgos, que cumple con todos los requisitos legales exigidos para el reconocimiento o ejercicio de un derecho, as\u00ed que ya sabes que no todo lo que te concede el Ayuntamiento son licencias.<br \/>\n&nbsp;<br \/>\n<span style=\"color: #fff; background-color: #d10a10; padding: 0 5px;\"><strong>9<\/strong><\/span> <span style=\"color: #fff; background-color: #087dd6; padding: 0 5px;\"><strong>Nulidad<\/strong><\/span> El efecto b\u00e1sico y principal de la nulidad es que el acto del que se predica es inexistente para el ordenamiento jur\u00eddico, no genera ning\u00fan efecto puesto que es como si nunca hubiera existido.<br \/>\n<span style=\"color: #fff; background-color: #087dd6; padding: 0 5px;\"><strong>Anulabilidad<\/strong><\/span> En cambio, la anulabilidad supone la ineficacia del acto desde el momento en que se declara la nulidad; es decir, no es inexistente para el ordenamiento jur\u00eddico sino que deviene ineficaz desde que se declar\u00f3 la anulabilidad del mismo. Complicado, \u00bfverdad?<br \/>\n&nbsp;<br \/>\n<span style=\"color: #fff; background-color: #d10a10; padding: 0 5px;\"><strong>10<\/strong><\/span> <span style=\"color: #fff; background-color: #087dd6; padding: 0 5px;\"><strong>Prescripci\u00f3n<\/strong><\/span> Seguro que la mayor\u00eda de las veces que has utilizado esta palabra ha sido para comprobar si la multa que tienes pendiente de embargo ha prescrito o no, pero debes saber que esta condici\u00f3n consiste en la extinci\u00f3n del derecho por su no ejercicio en el transcurso de un periodo de tiempo.<br \/>\n<span style=\"color: #fff; background-color: #087dd6; padding: 0 5px;\"><strong>Caducidad<\/strong><\/span> Por su parte, la caducidad no se puede interrumpir, por hacerlo humano, si te denuncian y la Administraci\u00f3n te reclama el dinero aunque el plazo de prescripci\u00f3n sea de un a\u00f1o, cada vez que te mande una notificaci\u00f3n el reloj reanudar\u00e1 su cuenta, de lo contrario, si en un documento te pone que el plazo de caducidad es de un a\u00f1o, cuando se cumpla dicho t\u00e9rmino, dar\u00e1 igual las veces que te hayan pedido la pasta, porque el derecho quedar\u00e1 totalmente extinguido y no tendr\u00e1s que pagar.<br \/>\n&nbsp;<br \/>\n<span style=\"color: #fff; background-color: #d10a10; padding: 0 5px;\"><strong>11<\/strong><\/span> <span style=\"color: #fff; background-color: #087dd6; padding: 0 5px;\"><strong>Incapacitado<\/strong><\/span> Cuando un familiar tuyo no pueda gobernarse con autonom\u00eda podr\u00e1s solicitar su incapacitaci\u00f3n para que mediante una sentencia judicial se limite su capacidad de obrar, es decir que no pueda realizar determinados actos sin la autorizaci\u00f3n de la persona encargada a tal efecto, como por ejemplo, comprar o vender bienes.<br \/>\n<span style=\"color: #fff; background-color: #087dd6; padding: 0 5px;\"><strong>Discapacitado<\/strong><\/span> Por su parte, debes decir que una persona es discapacitada cuando tenga impedida alguna de sus funciones intelectuales o f\u00edsicas.<br \/>\n&nbsp;<br \/>\n<span style=\"color: #fff; background-color: #d10a10; padding: 0 5px;\"><strong>12<\/strong><\/span> <span style=\"color: #fff; background-color: #087dd6; padding: 0 5px;\"><strong>Impuesto<\/strong><\/span> Aunque \u00e9stas tres palabras tienen una cosa en com\u00fan, el odio que suscitan, no todas significan lo mismo. As\u00ed, un impuesto es el dinero que debes abonar cuando llegas a una determinada capacidad econ\u00f3mica.<br \/>\n<span style=\"color: #fff; background-color: #087dd6; padding: 0 5px;\"><strong>Tasa<\/strong><\/span> Tambi\u00e9n es un tributo pero, en este caso, nace cuando una actividad administrativa genera un beneficio especial para un particular o cuando este particular hace uso del dominio p\u00fablico.<br \/>\n<span style=\"color: #fff; background-color: #087dd6; padding: 0 5px;\"><strong>Contribuci\u00f3n especial<\/strong><\/span> Por \u00faltimo, esta tercera clase de tributos surge, a grandes rasgos, cuando una actividad administrativa genera un beneficio o ventaja especial a un grupo de personas por inversiones p\u00fablicas (por ejemplo, en obras p\u00fablicas o prestaciones sociales).<br \/>\n&nbsp;<br \/>\n<span style=\"color: #fff; background-color: #d10a10; padding: 0 5px;\"><strong>13<\/strong><\/span> <span style=\"color: #fff; background-color: #087dd6; padding: 0 5px;\"><strong>Juez<\/strong><\/span> Pese a que casi siempre hablamos de jueces y en cierta medida no es incorrecto hacerlo as\u00ed, lo cierto es que los \u00e9stos ocupan \u00f3rganos unipersonales, los juzgados.<br \/>\n<span style=\"color: #fff; background-color: #087dd6; padding: 0 5px;\"><strong>Magistrado<\/strong><\/span> Dichos se\u00f1ores b\u00e1sicamente son jueces de \u00f3rganos pluripersonales, es decir, de los tribunales o de las audiencias.<br \/>\n&nbsp;<br \/>\n&nbsp;<br \/>\n<span style=\"font-size: 14px; color: #999999;\"><em>Con estas l\u00edneas no pretendo cerrar la cuesti\u00f3n, s\u00f3lo se trata de una exposici\u00f3n de ideas. Si se encuentra en esta situaci\u00f3n acuda a un buen abogado y recuerde que siempre es mejor un mal acuerdo que un buen pleito.<\/em><\/span><br \/>\n<span style=\"font-size: 14px; color: #999999;\"><em>Para sugerencias, quejas o recomendaciones puede escribirme a <a href=\"mailto:bzuniga@lasprovincias.es?Subject=Para Da\u00f1os y Prejuicios\" target=\"_top\">bzuniga@lasprovincias.es<\/a><\/em><\/span><br \/>\n&nbsp;<br \/>\n&nbsp;<\/p>\n<!-- AddThis Advanced Settings generic via filter on the_content --><!-- AddThis Share Buttons generic via filter on the_content -->","protected":false},"excerpt":{"rendered":"<p>Hablar mal no es ninguna enfermedad, aunque a veces duela o\u00edr determinadas palabras&#8221;, o eso dice mi compa\u00f1era Carmen Velasco, gran experta donde las haya, en detectar estos equ\u00edvocos terminol\u00f3gicos. A menudo confundimos los vocablos, pero deseo que ese lapsus l\u00ednguae nunca te pille en una cena rom\u00e1ntica y se refiera a un nombre propio, [&hellip;]<!-- AddThis Advanced Settings generic via filter on get_the_excerpt --><!-- AddThis Share Buttons generic via filter on get_the_excerpt --><\/p>\n","protected":false},"author":48,"featured_media":0,"comment_status":"open","ping_status":"open","sticky":false,"template":"","format":"standard","meta":[],"categories":[3],"tags":[26,32,80,153,156,160,209,227,247,256],"_links":{"self":[{"href":"https:\/\/blogs.lasprovincias.es\/danos-prejuicios\/wp-json\/wp\/v2\/posts\/181"}],"collection":[{"href":"https:\/\/blogs.lasprovincias.es\/danos-prejuicios\/wp-json\/wp\/v2\/posts"}],"about":[{"href":"https:\/\/blogs.lasprovincias.es\/danos-prejuicios\/wp-json\/wp\/v2\/types\/post"}],"author":[{"embeddable":true,"href":"https:\/\/blogs.lasprovincias.es\/danos-prejuicios\/wp-json\/wp\/v2\/users\/48"}],"replies":[{"embeddable":true,"href":"https:\/\/blogs.lasprovincias.es\/danos-prejuicios\/wp-json\/wp\/v2\/comments?post=181"}],"version-history":[{"count":0,"href":"https:\/\/blogs.lasprovincias.es\/danos-prejuicios\/wp-json\/wp\/v2\/posts\/181\/revisions"}],"wp:attachment":[{"href":"https:\/\/blogs.lasprovincias.es\/danos-prejuicios\/wp-json\/wp\/v2\/media?parent=181"}],"wp:term":[{"taxonomy":"category","embeddable":true,"href":"https:\/\/blogs.lasprovincias.es\/danos-prejuicios\/wp-json\/wp\/v2\/categories?post=181"},{"taxonomy":"post_tag","embeddable":true,"href":"https:\/\/blogs.lasprovincias.es\/danos-prejuicios\/wp-json\/wp\/v2\/tags?post=181"}],"curies":[{"name":"wp","href":"https:\/\/api.w.org\/{rel}","templated":true}]}}