{"id":41,"date":"2015-02-20T10:03:29","date_gmt":"2015-02-20T09:03:29","guid":{"rendered":"http:\/\/blogs.lasprovincias.es\/danos-prejuicios\/?p=41"},"modified":"2015-02-20T10:03:29","modified_gmt":"2015-02-20T09:03:29","slug":"que-lio-de-edades-a-los-18-puedes-hacer-de-todo-salvo-una-cosa","status":"publish","type":"post","link":"https:\/\/blogs.lasprovincias.es\/danos-prejuicios\/2015\/02\/20\/que-lio-de-edades-a-los-18-puedes-hacer-de-todo-salvo-una-cosa\/","title":{"rendered":"\u00a1Qu\u00e9 l\u00edo de edades! A los 18 puedes hacer de todo salvo una cosa"},"content":{"rendered":"<p><span style=\"float: left; color: #087dd6; font-family: fjord one; font-size: 100px; line-height: 70px; padding-top: 4px;\">T<\/span><\/p>\n<p>e has pasado toda la adolescencia esperando a cumplir los dieciocho para entrar en la discoteca de moda, o conducir el viejo coche de tu madre? Pues ese no ha sido el \u00fanico aniversario que ha marcado un cambio sustancial en tu vida, aunque quiz\u00e1 no lo hayas notado. A menudo oir\u00e1s que los ni\u00f1os de hoy en d\u00eda son unos inmaduros para su edad, pero (por suerte o por desgracia) el ordenamiento adopta\u00a0\u00a0un sistema objetivo para atribuir al individuo el pleno ejercicio de sus derechos y obligaciones: la edad con independencia de su madurez personal. \u00a1Menudo riesgo!<!--more--><\/p>\n<p>Y aunque la capacidad\u00a0de obrar se atribuye de forma plena al alcanzar los dieciocho a\u00f1os (salvo en casos de emancipaci\u00f3n o incapacidad), <span style=\"color: #d10a10;\"><strong>el l\u00edo de edades m\u00ednimas para realizar unas u otras cosas es considerable<\/strong>:<\/span><\/p>\n<p>Desde los <span style=\"color: #fff; background-color: #d10a10; padding: 0 5px;\"><strong>0 a\u00f1os<\/strong><\/span> podr\u00e1s <strong>intervenir en espect\u00e1culos p\u00fablicos<\/strong> con la aprobaci\u00f3n de la autoridad laboral, siempre que no suponga un peligro para tu salud f\u00edsica ni para tu formaci\u00f3n personal y humana (al leer esto, seguro que a mi profesor de Laboral se le ha dibujado una sonrisa).\u00a0Pero, hasta los\u00a0<span style=\"color: #fff; background-color: #d10a10; padding: 0 5px;\"><strong>7 a\u00f1os<\/strong><\/span>\u00a0se te considera\u00a0<strong>infante<\/strong>, edad en la que el C\u00f3digo Can\u00f3nico te concede la <strong>capacidad de entendimiento. <\/strong>Mi sobrina Lola los cumple hoy y lo \u00fanico capaz de entender es la diferencia entre lo divertido que es jugar y el rollo que es recoger los juguetes.<\/p>\n<p>Antes de leer estas l\u00edneas, debes tener en cuenta que <strong>para el c\u00f3mputo de los a\u00f1os se incluir\u00e1 por completo el d\u00eda del nacimiento<\/strong>, deja de recordar a la hora a la que naciste, pues no tiene efectos civiles. Adem\u00e1s, la edad se alcanza en el momento en que empieza el d\u00eda del aniversario sin necesidad de que transcurra, de ah\u00ed que nuestro <strong><a href=\"http:\/\/www.lasprovincias.es\/150aniversario\/\" target=\"_blank\" rel=\"external nofollow\">150 aniversario<\/a><\/strong>\u00a0(que se celebra durante todo un a\u00f1o) ya haya comenzado.<\/p>\n<p>Hasta los <span style=\"color: #fff; background-color: #d10a10; padding: 0 5px;\"><strong>12 a\u00f1os<\/strong><\/span> <strong>no podr\u00e1s ir de copiloto<\/strong> en el coche de tus padres, pero se escuchar\u00e1 tu <strong>opini\u00f3n en intervenciones<\/strong> que afecten a tu salud. Con tan s\u00f3lo uno m\u00e1s, a los\u00a0<span style=\"color: #fff; background-color: #d10a10; padding: 0 5px;\"><strong>13 a\u00f1os<\/strong><\/span>, tendr\u00e1s\u00a0<strong>libertad sexual, <\/strong>aunque con la reforma del C\u00f3digo Penal se quiere subir a los diecis\u00e9is. Si antes de cumplirlos mantienes relaciones sexuales consentidas con tu pareja (mayor de edad), ser\u00e1 condenada de dos a seis a\u00f1os por un delito de abusos.\u00a0<strong>\u00bfTendr\u00eda Carolina menos de 13 a\u00f1os?\u00a0<\/strong><\/p>\n<p><a href=\"https:\/\/www.youtube.com\/watch?v=hEKJnaHwihw\" target=\"_blank\" rel=\"external nofollow\">CAROLINA DE M-CLAN<\/a><a style=\"text-transform: uppercase;\"><br \/>\n<iframe loading=\"lazy\" src=\"https:\/\/www.youtube.com\/embed\/hEKJnaHwihw\" frameborder=\"0\" width=\"560\" height=\"315\"><\/iframe><\/a><\/p>\n<p>Ahora es donde empieza lo delicado. Con\u00a0<span style=\"color: #fff; background-color: #d10a10; padding: 0 5px;\"><strong>14 a\u00f1os<\/strong><\/span>\u00a0(muy mala edad),<strong> responder\u00e1s penalmente<\/strong> de los hechos da\u00f1osos tipificado que cometas. Pero, hasta la mayor\u00eda de edad, la responsabilidad de los que no est\u00e1n contemplados en el C\u00f3digo Penal como delito o falta, ser\u00e1 de tus padres. Si eres padre, siempre te queda la opci\u00f3n de acreditar que actuaste con la diligencia &#8220;del buen padre de familia&#8221;.<\/p>\n<p>[<span style=\"color: #087dd6;\"><strong>ACTUALIZACI\u00d3N,\u00a0<\/strong><\/span>tal y como me comenta Ximo Batista: A los 14 a\u00f1os (3\u00ba de ESO), los alumnos tienen derecho a la huelga (m\u00e1s bien a la inasistencia colectiva a clase) seg\u00fan la Ley Org\u00e1nica Reguladora del Derecho a la Educaci\u00f3n (1985). Hasta hace nada en la Comunitat se exig\u00eda un permiso firmado por los padres, pero una denuncia presentada por la principal confederaci\u00f3n de Ampas ha provocado una sentencia que tumba esta exigencia]<\/p>\n<p>A esta misma edad, podr\u00e1s <strong>otorgar testamento<\/strong>, salvo que sea ol\u00f3grafo. Si te lo dispensa un juez, podr\u00e1s <strong>casarte, <\/strong>pero ten en cuenta que el matrimonio conduce a la emancipaci\u00f3n. \u00bfC\u00f3mo puede ser que te permitan tener una familia y no te den la opci\u00f3n de mantenerla (como ver\u00e1s despu\u00e9s, hasta los 16 no puedes trabajar)? Supongo que el Estado y su benevolencia, te ayudar\u00e1n. Adem\u00e1s, muchas leyes auton\u00f3micas te permitir\u00e1n <strong>cazar utilizando armas de fuego<\/strong> o arcos, \u00bfrecuerdas el disparo en el pie de Froil\u00e1n con 13 a\u00f1os?<\/p>\n<p>Con\u00a0<span style=\"color: #fff; background-color: #d10a10; padding: 0 5px;\"><strong>15 a\u00f1os<\/strong><\/span>\u00a0s\u00f3lo tendr\u00e1s <strong>una canci\u00f3n dedicada por el D\u00fao Din\u00e1mico:<\/strong><\/p>\n<p><a style=\"text-transform: uppercase;\" href=\"https:\/\/www.youtube.com\/watch?v=e0E9geFbuFU\" target=\"_blank\" rel=\"external nofollow\">15 a\u00f1os tiene mi amor del D\u00fao Din\u00e1mico<\/a><br \/>\n<iframe loading=\"lazy\" src=\"https:\/\/www.youtube.com\/embed\/e0E9geFbuFU\" frameborder=\"0\" width=\"560\" height=\"315\"><\/iframe><\/p>\n<p>Cumplidos los\u00a0<span style=\"color: #fff; background-color: #d10a10; padding: 0 5px;\"><strong>16 a\u00f1os<\/strong><\/span> podr\u00e1s\u00a0<strong> interrumpir voluntariamente tu embarazo <\/strong>y\u00a0para cualquier actuaci\u00f3n que afecte a tu salud, ahora no s\u00f3lo deber\u00e1s ser escuchado, sino que\u00a0<strong>necesitar\u00e1n tu consentimiento<\/strong>. Podr\u00e1s conseguir la <strong>emancipaci\u00f3n<\/strong> si te la conceden tus padres o un juez y ahora s\u00ed, podr\u00e1s empezar a <strong>trabajar. <\/strong>Pero, ten en cuenta, que\u00a0hasta la mayor edad nada de trabajos nocturnos ni horas extraordinarias. \u00bfA esto le llaman trabajar? Adem\u00e1s, podr\u00e1s <strong>conducir un ciclomotor<\/strong> y por regla general, te permitir\u00e1n participar en <strong>festejos taurinos.<\/strong><br \/>\nA los <span style=\"color: #fff; background-color: #d10a10; padding: 0 5px;\"><strong>17 a\u00f1os<\/strong><\/span> estar\u00e1s en plena edad del pavo y con ganas de cumplir los\u00a0<span style=\"color: #fff; background-color: #d10a10; padding: 0 5px;\"><strong>18 a\u00f1os<\/strong><\/span>\u00a0para ser <strong>mayor de edad.<\/strong>\u00a0\u00bfTe das cuenta de lo que ha cambiando tu vida a cada cumplea\u00f1os? Como sabes, la mayor\u00eda de edad se ha ido rebajando hasta llegar a la actual. Se aprob\u00f3 por decreto antes de que se votase la Constituci\u00f3n de 1978 con la intenci\u00f3n de que fuese ratificada por las nuevas generaciones. Si ya los has cumplido, debes saber que se ha <strong>extinguido la patria potestad<\/strong> por la que tus padres asum\u00edan la obligaci\u00f3n de velar por tus intereses, alimentarte, educarte, protegerte, y a los que t\u00fa les deb\u00edas respeto y obediencia. Fin. Ahora, ya eres capaz para todos los <strong>actos de la vida civil<\/strong>, salvo algunos&#8230;<br \/>\nLos\u00a0<span style=\"color: #fff; background-color: #d10a10; padding: 0 5px;\"><strong>19 a\u00f1os<\/strong><\/span>\u00a0y los\u00a0<span style=\"color: #fff; background-color: #d10a10; padding: 0 5px;\"><strong>20 a\u00f1os<\/strong><\/span>\u00a0est\u00e1n para disfrutar, yo, por ejemplo, &#8220;fa cinc anys que tinc vint anys&#8221;.<strong><\/strong><\/p>\n<p><a href=\"https:\/\/www.youtube.com\/watch?v=ADsMQlSAfXg\" target=\"_blank\" rel=\"external nofollow\">Fa vint anys que tinc vint anys de Joan Manuel Serrat<\/a><a style=\"text-transform: uppercase;\"><br \/>\n<iframe loading=\"lazy\" src=\"https:\/\/www.youtube.com\/embed\/ADsMQlSAfXg\" frameborder=\"0\" width=\"560\" height=\"315\"><\/iframe><\/a><\/p>\n<p>A partir de los\u00a0<span style=\"color: #fff; background-color: #d10a10; padding: 0 5px;\"><strong>21 a\u00f1os<\/strong><\/span>\u00a0 ya escuchar\u00e1s a alg\u00fan ni\u00f1o llamarte &#8220;se\u00f1ora&#8221; o &#8220;se\u00f1or&#8221;, es traum\u00e1tico, pero debes asumirlo. Dejar\u00e1s de tener el mismo valor, pues <strong>te indemnizar\u00e1n menos por lesiones permanentes<\/strong>. As\u00ed, en la m\u00e1xima, cumplidos los veintiuno, pasar\u00e1s de cobrar 3.483,84\u20ac a 3.216,41\u20ac, seg\u00fan la Direcci\u00f3n General de Seguros y Fondos de Pensiones.<br \/>\nA los\u00a0<span style=\"color: #fff; background-color: #d10a10; padding: 0 5px;\"><strong>22 a\u00f1os<\/strong><\/span>\u00a0estar\u00e1s a tiempo de <strong>anular algunos contratos que hayas realizado<\/strong>. Puesto que los menores no pueden prestar consentimiento v\u00e1lido para contratar, podr\u00e1s requerir la acci\u00f3n de nulidad a contar cuatro a\u00f1os desde que cumplas la mayor\u00eda de edad. Pero, no seas listo y pretendas que te devuelvan el dinero del cine o de tus trayectos en bus, pues se tienen en cuenta las condiciones de madurez para salvar la validez de algunos contratos que se realizan en la vida diaria.<br \/>\nA los\u00a0<span style=\"color: #fff; background-color: #d10a10; padding: 0 5px;\"><strong>23 a\u00f1os<\/strong><\/span>\u00a0supongo que habr\u00e1s acabado la carrera, aprovecha y t\u00f3mate un a\u00f1o de disfrute.\u00a0Con\u00a0<span style=\"color: #fff; background-color: #d10a10; padding: 0 5px;\"><strong>24 a\u00f1os<\/strong><\/span>\u00a0si te hace mucha ilusi\u00f3n, ya podr\u00e1s obtener el permiso de <strong>conducci\u00f3n de autobuses. <\/strong>Y, pese a que quieres ser un padre joven, <span style=\"color: #d10a10;\"><strong>hasta los<\/strong><\/span>\u00a0<span style=\"color: #fff; background-color: #d10a10; padding: 0 5px;\"><strong>25 a\u00f1os<\/strong><\/span>\u00a0<span style=\"color: #d10a10;\"><strong>no podr\u00e1s adoptar<\/strong>.<\/span><br \/>\nFinalmente, ten en cuenta que a partir de los \u00a0<span style=\"color: #fff; background-color: #d10a10; padding: 0 5px;\"><strong>26 a\u00f1os<\/strong><\/span> ya no podr\u00e1s utilizar algunos tipos de Carn\u00e9 Joven. Y despu\u00e9s de esto, ya s\u00f3lo te queda esperar que no incrementen la edad de jubilaci\u00f3n.<\/p>\n<p>Como has podido comprobar, en nuestro ordenamiento el baile de edades es fren\u00e9tico, si se te ocurre alguna m\u00e1s no dudes en dec\u00edrmelo.<\/p>\n<p><img loading=\"lazy\" class=\"alignnone size-full wp-image-43\" title=\"EDADES\" src=\"\/danos-prejuicios\/wp-content\/uploads\/sites\/43\/2015\/02\/EDADES.jpg\" alt=\"\" width=\"560\" height=\"315\" \/><br \/>\n&nbsp;<\/p>\n<h2><span style=\"font-size: 25px; color: #087dd6;\"><strong>ALGO DE LEGISLACI\u00d3N<\/strong><\/span><\/h2>\n<p><strong>Art\u00edculo 315 del C\u00f3digo Civil (CC)<\/strong><\/p>\n<p style=\"font-size: 14px;\">La mayor edad empieza a los dieciocho a\u00f1os cumplidos.<br \/>\nPara el c\u00f3mputo de los a\u00f1os de la mayor\u00eda de edad se incluir\u00e1 completo el d\u00eda del nacimiento.<\/p>\n<p><strong>Art\u00edculo 183 bis del CP<\/strong><\/p>\n<p style=\"font-size: 14px;\">El que a trav\u00e9s de Internet, del tel\u00e9fono o de cualquier otra tecnolog\u00eda de la informaci\u00f3n y la comunicaci\u00f3n contacte con un menor de trece a\u00f1os y proponga concertar un encuentro con el mismo a fin de cometer cualquiera de los delitos descritos en los art\u00edculos 178 a 183 y 189, siempre que tal propuesta se acompa\u00f1e de actos materiales encaminados al acercamiento, ser\u00e1 castigado con la pena de uno a tres a\u00f1os de prisi\u00f3n o multa de doce a veinticuatro meses, sin perjuicio de las penas correspondientes a los delitos en su caso cometidos. Las penas se impondr\u00e1n en su mitad superior cuando el acercamiento se obtenga mediante coacci\u00f3n, intimidaci\u00f3n o enga\u00f1o.<\/p>\n<p><strong>Art\u00edculo 13.4 de la Ley Org\u00e1nica 2\/2010, de 3 de marzo, de salud sexual y reproductiva y de la interrupci\u00f3n voluntaria del embarazo.<\/strong><\/p>\n<p style=\"font-size: 14px;\">En el caso de las mujeres de 16 y 17 a\u00f1os, el consentimiento para la interrupci\u00f3n voluntaria del embarazo les corresponde exclusivamente a ellas de acuerdo con el r\u00e9gimen general aplicable a las mujeres mayores de edad.<\/p>\n<p><strong>Art\u00edculo 9.3 de la Ley 41\/2002, de 14 de noviembre, b\u00e1sica reguladora de la autonom\u00eda del paciente y de derechos y obligaciones en materia de informaci\u00f3n y documentaci\u00f3n cl\u00ednica.<\/strong><\/p>\n<p style=\"font-size: 14px;\">Cuando el paciente menor de edad no sea capaz intelectual ni emocionalmente de comprender el alcance de la intervenci\u00f3n. En este caso, el consentimiento lo dar\u00e1 el representante legal del menor despu\u00e9s de haber escuchado su opini\u00f3n si tiene doce a\u00f1os cumplidos. Cuando se trate de menores no incapaces ni incapacitados, pero emancipados o con diecis\u00e9is a\u00f1os cumplidos, no cabe prestar el consentimiento por representaci\u00f3n. Sin embargo, en caso de actuaci\u00f3n de grave riesgo, seg\u00fan el criterio del facultativo, los padres ser\u00e1n informados y su opini\u00f3n ser\u00e1 tenida en cuenta para la toma de la decisi\u00f3n correspondiente.<\/p>\n<p><strong>Art\u00edculo 663 CC<\/strong><\/p>\n<p style=\"font-size: 14px;\">Est\u00e1n incapacitados para testar:<br \/>\n1.\u00ba Los menores de catorce a\u00f1os de uno y otro sexo.<br \/>\n2.\u00ba El que habitual o accidentalmente no se hallare en su cabal juicio.<\/p>\n<p><strong>Art\u00edculo 48 del CC<\/strong><\/p>\n<p style=\"font-size: 14px;\">El Ministro de Justicia puede dispensar, a instancia de parte, el impedimento de muerte dolosa del c\u00f3nyuge anterior.<br \/>\nEl Juez de Primera Instancia podr\u00e1 dispensar, con justa causa y a instancia de parte, los impedimentos del grado tercero entre colaterales y de edad a partir de los catorce a\u00f1os. En los expedientes de dispensa de edad deber\u00e1n ser o\u00eddos el menor y sus padres o guardadores.<br \/>\nLa dispensa ulterior convalida, desde su celebraci\u00f3n, el matrimonio cuya nulidad no haya sido instada judicialmente por alguna de las partes.<\/p>\n<p><strong>Art\u00edculo 46 del CC<\/strong><\/p>\n<p style=\"font-size: 14px;\">No pueden contraer matrimonio:<br \/>\n1.\u00ba Los menores de edad no emancipados.<br \/>\n2.\u00ba Los que est\u00e9n ligados con v\u00ednculo matrimonial.<\/p>\n<p><strong>Art\u00edculo 316 del CC<\/strong><\/p>\n<p style=\"font-size: 14px;\">El matrimonio produce de derecho la emancipaci\u00f3n.<\/p>\n<p><strong>Art\u00edculo 6 del Estatuto de los Trabajadores<\/strong><\/p>\n<p style=\"font-size: 14px;\">1. Se proh\u00edbe la admisi\u00f3n al trabajo a los menores de diecis\u00e9is a\u00f1os.<br \/>\n2. Los trabajadores menores de dieciocho a\u00f1os no podr\u00e1n realizar trabajos nocturnos ni aquellas actividades o puestos de trabajo que el Gobierno, a propuesta del Ministerio de Trabajo y Seguridad Social, previa consulta con las organizaciones sindicales m\u00e1s representativas, declare insalubres, penosos, nocivos o peligrosos, tanto para su salud como para su formaci\u00f3n profesional y humana.<br \/>\n3. Se proh\u00edbe realizar horas extraordinarias a los menores de dieciocho a\u00f1os.<br \/>\n4. La intervenci\u00f3n de los menores de diecis\u00e9is a\u00f1os en espect\u00e1culos p\u00fablicos s\u00f3lo se autorizar\u00e1 en casos excepcionales por la autoridad laboral, siempre que no suponga peligro para su salud f\u00edsica ni para su formaci\u00f3n profesional y humana; el permiso deber\u00e1 constar por escrito y para actos determinados.<\/p>\n<p><strong>Art\u00edculo 175 del CC<\/strong><\/p>\n<p style=\"font-size: 14px;\">1.La adopci\u00f3n requiere que el adoptante sea mayor de veinticinco a\u00f1os. En la adopci\u00f3n por ambos c\u00f3nyuges basta que uno de ellos haya alcanzado dicha edad. En todo caso, el adoptante habr\u00e1 de tener, por lo menos, catorce a\u00f1os m\u00e1s que el adoptado.<\/p>\n<p><strong>Art\u00edculo 12 de la Constituci\u00f3n Espa\u00f1ola<\/strong><\/p>\n<p style=\"font-size: 14px;\">Los espa\u00f1oles son mayores de edad a los dieciocho a\u00f1os.<\/p>\n<p><strong>M\u00e1s legislaci\u00f3n:<\/strong><\/p>\n<p style=\"font-size: 14px;\">Canon 97 del C\u00f3digo Can\u00f3nico<br \/>\nArt\u00edculo 183 bis del CP<br \/>\nArt\u00edculo 1903 del CC<br \/>\nArt\u00edculo 162 del CC<br \/>\nArt\u00edculo 314 del CC<br \/>\nArt\u00edculo 155 del CC<\/p>\n<p>&nbsp;<\/p>\n<p><span style=\"font-size: 14px; color: #999999;\"><em>Con estas l\u00edneas no pretendo cerrar la cuesti\u00f3n, s\u00f3lo se trata de una exposici\u00f3n de ideas. Si se encuentra en esta situaci\u00f3n acuda a un buen abogado y recuerde que siempre es mejor un mal acuerdo que un buen pleito.<\/em><\/span><br \/>\n<span style=\"font-size: 14px; color: #999999;\"><em>Para sugerencias, quejas o recomendaciones puede escribirme a <a href=\"mailto:bzuniga@lasprovincias.es?Subject=Para Da\u00f1os y Prejuicios\" target=\"_top\">bzuniga@lasprovincias.es<\/a><\/em><\/span><\/p>\n<p>&nbsp;<\/p>\n<p>&nbsp;<\/p>\n<!-- AddThis Advanced Settings generic via filter on the_content --><!-- AddThis Share Buttons generic via filter on the_content -->","protected":false},"excerpt":{"rendered":"<p>T e has pasado toda la adolescencia esperando a cumplir los dieciocho para entrar en la discoteca de moda, o conducir el viejo coche de tu madre? Pues ese no ha sido el \u00fanico aniversario que ha marcado un cambio sustancial en tu vida, aunque quiz\u00e1 no lo hayas notado. A menudo oir\u00e1s que los [&hellip;]<!-- AddThis Advanced Settings generic via filter on get_the_excerpt --><!-- AddThis Share Buttons generic via filter on get_the_excerpt --><\/p>\n","protected":false},"author":48,"featured_media":0,"comment_status":"open","ping_status":"open","sticky":false,"template":"","format":"standard","meta":[],"categories":[3],"tags":[10,11,12,14,55,96,98,113,201],"_links":{"self":[{"href":"https:\/\/blogs.lasprovincias.es\/danos-prejuicios\/wp-json\/wp\/v2\/posts\/41"}],"collection":[{"href":"https:\/\/blogs.lasprovincias.es\/danos-prejuicios\/wp-json\/wp\/v2\/posts"}],"about":[{"href":"https:\/\/blogs.lasprovincias.es\/danos-prejuicios\/wp-json\/wp\/v2\/types\/post"}],"author":[{"embeddable":true,"href":"https:\/\/blogs.lasprovincias.es\/danos-prejuicios\/wp-json\/wp\/v2\/users\/48"}],"replies":[{"embeddable":true,"href":"https:\/\/blogs.lasprovincias.es\/danos-prejuicios\/wp-json\/wp\/v2\/comments?post=41"}],"version-history":[{"count":0,"href":"https:\/\/blogs.lasprovincias.es\/danos-prejuicios\/wp-json\/wp\/v2\/posts\/41\/revisions"}],"wp:attachment":[{"href":"https:\/\/blogs.lasprovincias.es\/danos-prejuicios\/wp-json\/wp\/v2\/media?parent=41"}],"wp:term":[{"taxonomy":"category","embeddable":true,"href":"https:\/\/blogs.lasprovincias.es\/danos-prejuicios\/wp-json\/wp\/v2\/categories?post=41"},{"taxonomy":"post_tag","embeddable":true,"href":"https:\/\/blogs.lasprovincias.es\/danos-prejuicios\/wp-json\/wp\/v2\/tags?post=41"}],"curies":[{"name":"wp","href":"https:\/\/api.w.org\/{rel}","templated":true}]}}