{"id":46,"date":"2015-02-24T07:53:56","date_gmt":"2015-02-24T06:53:56","guid":{"rendered":"http:\/\/blogs.lasprovincias.es\/danos-prejuicios\/?p=46"},"modified":"2015-02-24T07:53:56","modified_gmt":"2015-02-24T06:53:56","slug":"10-cosas-que-deberias-saber-de-nuestra-legislacion-i","status":"publish","type":"post","link":"https:\/\/blogs.lasprovincias.es\/danos-prejuicios\/2015\/02\/24\/10-cosas-que-deberias-saber-de-nuestra-legislacion-i\/","title":{"rendered":"10 cosas que deber\u00edas saber de nuestra legislaci\u00f3n (I)"},"content":{"rendered":"<p><span style=\"float: left; color: #087dd6; font-family: fjord one; font-size: 100px; line-height: 70px; padding-top: 4px;\">E<\/span>n todos los post de este <a href=\"https:\/\/blogs.lasprovincias.es\/danos-prejuicios\/\" target=\"_blank\">blog<\/a> trato de demostrarte que el Derecho no es tan aburrido como te han podido contar y que nuestra legislaci\u00f3n, de vez en cuando, nos puede sacar alguna que otra sonrisa. Pese a que los manuales y c\u00f3digos son lo que coloquialmente se entiende por un &#8220;tost\u00f3n&#8221;, llevarlo a la pr\u00e1ctica puede resultar verdaderamente interesante. Por ejemplo, el chico que le <a href=\"http:\/\/valenciacf.lasprovincias.es\/noticias\/201502\/15\/pedida-mano-sorpresa-mestalla-20150215130200.html\" target=\"_blank\" rel=\"external nofollow\">pidi\u00f3 matrimonio a su novia en Mestalla<\/a>, igual no sab\u00eda lo que se le pod\u00eda venir encima con la <a href=\"https:\/\/blogs.lasprovincias.es\/danos-prejuicios\/2015\/02\/03\/decir-si-quiero-puede-salirte-literalmente-muy-caro\/\" target=\"_blank\">propuesta de matrimonio<\/a> hecha ante tantos testigos. Con estos art\u00edculos de <strong>&#8220;10 cosas que deber\u00edas saber de nuestra legislaci\u00f3n&#8221;<\/strong> empiezo una serie a la que recurrir\u00e9 para darte a conocer pellizcos de nuestro ordenamiento que te pueden ser \u00fatiles o que te valdr\u00e1n para fardar con tus amigos.<!--more--><\/p>\n<p><span style=\"color: #fff; background-color: #d10a10; padding: 0 5px;\"><strong>1<\/strong><\/span>\u00a0Desde 2011 ya <strong>no se necesita tener forma humana para ser considerado persona<\/strong>. S\u00e9 que suena un poco fuerte, pero con anterioridad a la reforma de 2011, el art\u00edculo <a href=\"http:\/\/noticias.juridicas.com\/base_datos\/Privado\/cc.l1t2.html\" target=\"_blank\" rel=\"external nofollow\">30 del C\u00f3digo Civil<\/a> se\u00f1alaba que &#8220;para los efectos civiles, s\u00f3lo reputar\u00e1 nacido el feto que tuviere figura humana y viviere veinticuatro horas enteramente desprendido del seno materno&#8221;. Ahora, este mismo art\u00edculo, apunta que basta con estar separado del cuerpo de tu madre: &#8220;la personalidad se adquiere en el momento del nacimiento con vida, una vez producido el entero desprendimiento del seno materno&#8221;.<\/p>\n<p><span style=\"color: #fff; background-color: #d10a10; padding: 0 5px;\"><strong>2<\/strong><\/span>\u00a0Pese a que actualmente pueda sonar familiar esto del resarcimiento de da\u00f1os, lo cierto es que\u00a0<strong>hasta 1912, el Tribunal Supremo se opon\u00eda a que el da\u00f1o moral fuese reparable<\/strong>.\u00a0El da\u00f1o moral es aquel que afecta a la persona en su esfera no patrimonial y por el que la indemnizaci\u00f3n trata de proporcionar una m\u00ednima satisfacci\u00f3n econ\u00f3mica. Cuando el Supremo\u00a0cambi\u00f3 de criterio, empez\u00f3 a considerar indemnizables los da\u00f1os morales estrictos, como los ataques al honor, adem\u00e1s de los indirectamente econ\u00f3micos, como, por ejemplo, que no te quieran contratar por las opiniones vertidas sobre tu persona.<\/p>\n<p><span style=\"color: #fff; background-color: #d10a10; padding: 0 5px;\"><strong>3<\/strong><\/span>\u00a0Anta\u00f1o, la jurisprudencia admiti\u00f3 que los transexuales quir\u00fargicamente operados pudieran cambiar su menci\u00f3n del sexo en el Registro Civil, pero excluy\u00f3 que, por ejemplo, <strong>un hombre convertido en mujer pudiese casarse con un hombre al tratarse de personas con el mismo sexo cromos\u00f3mico<\/strong>. Aunque, obviamente, tras la <a href=\"http:\/\/noticias.juridicas.com\/base_datos\/Privado\/l13-2005.html\" target=\"_blank\" rel=\"external nofollow\">Ley del matrimonio homosexual<\/a> \u00a0ya no se plantea ning\u00fan tipo de duda sobre la validez de este enlace, debes saber que desde <a href=\"http:\/\/noticias.juridicas.com\/base_datos\/Admin\/lo3-2007.html\" target=\"_blank\" rel=\"external nofollow\">2007<\/a> el matrimonio contra\u00eddo por un transexual con una persona de mismo sexo cromos\u00f3mico, pero legalmente diverso al haber sido inscrito en el Registro Civil, se considera un enlace heterosexual.<\/p>\n<p><span style=\"color: #fff; background-color: #d10a10; padding: 0 5px;\"><strong>4<\/strong><\/span>\u00a0A veces nos quejamos de las absurdas prohibiciones que tienen algunas empresas sobre que sus trabajadores mantengan relaciones sentimentales, pues lee este <a href=\"http:\/\/noticias.juridicas.com\/base_datos\/Admin\/lo6-1985.l4t2.html\" target=\"_blank\" rel=\"external nofollow\">art\u00edculo<\/a>: &#8220;<strong>no podr\u00e1n pertenecer a una misma Sala de Justicia o Audiencia Provincial Magistrados que estuvieren unidos por v\u00ednculo matrimonial<\/strong> o situaci\u00f3n de hecho equivalente&#8221;. Una suerte, o una desgracia, seg\u00fan se mire.<\/p>\n<p><span style=\"color: #fff; background-color: #d10a10; padding: 0 5px;\"><strong>5<\/strong><\/span> <strong>El plazo de prescripci\u00f3n y de caducidad no es lo mismo<\/strong>. Pese a que en muchas ocasiones se utilicen ambos t\u00e9rminos indistintamente, la prescripci\u00f3n puede ser interrumpida tanto por\u00a0v\u00eda judicial, por reclamaci\u00f3n extrajudicial, como por cualquier otro acto de reconocimiento de deuda por parte deudor.\u00a0Esta interrupci\u00f3n significa, no s\u00f3lo que el plazo dejar\u00e1 de correr, sino que adem\u00e1s se entender\u00e1 que ha renacido. Por su parte,\u00a0la caducidad consiste en la extinci\u00f3n de un derecho por su falta de ejercicio durante un plazo temporal prefijado y que no es susceptible de ser interrumpido.<\/p>\n<p><img loading=\"lazy\" class=\"alignnone size-full wp-image-47\" title=\"DUDAS\" src=\"\/danos-prejuicios\/wp-content\/uploads\/sites\/43\/2015\/02\/DUDAS.jpg\" alt=\"\" width=\"560\" height=\"315\" \/><br \/>\n&nbsp;<br \/>\n<span style=\"color: #fff; background-color: #d10a10; padding: 0 5px;\"><strong>6<\/strong><\/span> En la <a href=\"http:\/\/noticias.juridicas.com\/base_datos\/Admin\/l30-1979.html\" target=\"_blank\" rel=\"external nofollow\">extracci\u00f3n de \u00f3rganos<\/a> con finalidad terap\u00e9utica de personas fallecidas se sigue el principio de solidaridad, de partida ser\u00e1s donante. As\u00ed, <strong>la extracci\u00f3n estar\u00e1 autorizada salvo oposici\u00f3n expresa del difunto<\/strong>, aunque en la pr\u00e1ctica bastar\u00e1 con que tus familiares digan que estabas en contra de una hipot\u00e9tica extracci\u00f3n de tus \u00f3rganos.<\/p>\n<p><span style=\"color: #fff; background-color: #d10a10; padding: 0 5px;\"><strong>7<\/strong><\/span>\u00a0Pese a que hayas escuchado millones de veces eso de que tienes derecho &#8220;<strong>a disfrutar de una vivienda digna y adecuada<\/strong>&#8220;, tal y como apunta el art\u00edculo <a href=\"http:\/\/www.congreso.es\/consti\/constitucion\/indice\/titulos\/articulos.jsp?ini=47&#038;tipo=2\" target=\"_blank\" rel=\"external nofollow\">47 de nuestra Constituci\u00f3n<\/a>, deja de so\u00f1ar porque no existe tal derecho. Al encontrarse ubicado en el Cap\u00edtulo Tercero de la Constituci\u00f3n, no se reconoce como un derecho subjetivo, sino como un principio rector. Se trata de una norma dirigida a los poderes p\u00fablicos para que promuevan todas las medidas necesarias para dar satisfacci\u00f3n al disfrute de una vivienda digna.<\/p>\n<p><span style=\"color: #fff; background-color: #d10a10; padding: 0 5px;\"><strong>8<\/strong><\/span>\u00a0<strong>La costumbre es fuente del ordenamiento jur\u00eddico<\/strong>. Se trata de una <a href=\"http:\/\/noticias.juridicas.com\/base_datos\/Privado\/cc.tp.html\" target=\"_blank\" rel=\"external nofollow\">norma jur\u00eddica<\/a> creada por una conducta social uniforme, acompa\u00f1ada de la convicci\u00f3n de que est\u00e1s obligado a su cumplimiento.\u00a0No tiene origen en los \u00f3rganos del Estado, sino que ha sido creada e impuesta por la misma sociedad. Pese a ser no escrita, es verdaderamente una norma que regir\u00e1 en defecto de ley aplicable y siempre que no sea contraria a la moral o al orden p\u00fablico y que puedas probarla. Ya sabes, empieza a aprovecharte de ella en tu vida cotidiana, puedes decir que tienes por costumbre hacerlo as\u00ed.<\/p>\n<p><span style=\"color: #fff; background-color: #d10a10; padding: 0 5px;\"><strong>9<\/strong><\/span> Las leyes <strong>entran en vigor a los 20 d\u00edas de su publicaci\u00f3n en el Bolet\u00edn Oficial del Estado<\/strong>, salvo que en ellas se disponga otra cosa. A este plazo de tiempo se le denomina\u00a0<em>vacatio legis, <\/em>son como las vacaciones de las leyes. Algunas, incluso, podr\u00edamos decir que se cogen directamente una excedencia, como la <a href=\"http:\/\/noticias.juridicas.com\/base_datos\/Vacatio\/l20-2011.t3.html\" target=\"_blank\" rel=\"external nofollow\">Ley del Registro Civil<\/a> que est\u00e1 de viaje desde 2011.<\/p>\n<p><span style=\"color: #fff; background-color: #d10a10; padding: 0 5px;\"><strong>10<\/strong><\/span>\u00a0La ca\u00edda de la publicidad en los medios igual no tiene \u00fanicamente que ver con la ca\u00edda en ventas. La reforma de una\u00a0<a href=\"http:\/\/noticias.juridicas.com\/base_datos\/Privado\/rdleg1-2010.t5.html\" target=\"_blank\" rel=\"external nofollow\">ley<\/a> puede influirte y mucho. Por ejemplo, antes de 2010, las juntas generales deb\u00edan convocarse a trav\u00e9s del Bolet\u00edn Oficial del Registro Mercantil, as\u00ed como a trav\u00e9s de la <strong>publicaci\u00f3n en uno de los diarios de mayor circulaci\u00f3n<\/strong> en la provincia en la que estuviese situado el domicilio social de la empresa. Ahora, esta junta de accionistas pude ser anunciada en la p\u00e1gina web de la sociedad sin necesidad de pasar por la publicidad en papel.<br \/>\n&nbsp;<br \/>\n<span style=\"font-size: 14px; color: #999999;\"><em>Con estas l\u00edneas no pretendo cerrar la cuesti\u00f3n, s\u00f3lo se trata de una exposici\u00f3n de ideas. Si se encuentra en esta situaci\u00f3n acuda a un buen abogado y recuerde que siempre es mejor un mal acuerdo que un buen pleito.<\/em><\/span><br \/>\n<span style=\"font-size: 14px; color: #999999;\"><em>Para sugerencias, quejas o recomendaciones puede escribirme a <a href=\"mailto:bzuniga@lasprovincias.es?Subject=Para Da\u00f1os y Prejuicios\" target=\"_top\">bzuniga@lasprovincias.es<\/a><\/em><\/span><\/p>\n<p>&nbsp;<\/p>\n<p>&nbsp;<\/p>\n<!-- AddThis Advanced Settings generic via filter on the_content --><!-- AddThis Share Buttons generic via filter on the_content -->","protected":false},"excerpt":{"rendered":"<p>En todos los post de este blog trato de demostrarte que el Derecho no es tan aburrido como te han podido contar y que nuestra legislaci\u00f3n, de vez en cuando, nos puede sacar alguna que otra sonrisa. Pese a que los manuales y c\u00f3digos son lo que coloquialmente se entiende por un &#8220;tost\u00f3n&#8221;, llevarlo a [&hellip;]<!-- AddThis Advanced Settings generic via filter on get_the_excerpt --><!-- AddThis Share Buttons generic via filter on get_the_excerpt --><\/p>\n","protected":false},"author":48,"featured_media":0,"comment_status":"open","ping_status":"open","sticky":false,"template":"","format":"standard","meta":[],"categories":[4],"tags":[41,72,73,111,142,171,192,226,250,264,273],"_links":{"self":[{"href":"https:\/\/blogs.lasprovincias.es\/danos-prejuicios\/wp-json\/wp\/v2\/posts\/46"}],"collection":[{"href":"https:\/\/blogs.lasprovincias.es\/danos-prejuicios\/wp-json\/wp\/v2\/posts"}],"about":[{"href":"https:\/\/blogs.lasprovincias.es\/danos-prejuicios\/wp-json\/wp\/v2\/types\/post"}],"author":[{"embeddable":true,"href":"https:\/\/blogs.lasprovincias.es\/danos-prejuicios\/wp-json\/wp\/v2\/users\/48"}],"replies":[{"embeddable":true,"href":"https:\/\/blogs.lasprovincias.es\/danos-prejuicios\/wp-json\/wp\/v2\/comments?post=46"}],"version-history":[{"count":0,"href":"https:\/\/blogs.lasprovincias.es\/danos-prejuicios\/wp-json\/wp\/v2\/posts\/46\/revisions"}],"wp:attachment":[{"href":"https:\/\/blogs.lasprovincias.es\/danos-prejuicios\/wp-json\/wp\/v2\/media?parent=46"}],"wp:term":[{"taxonomy":"category","embeddable":true,"href":"https:\/\/blogs.lasprovincias.es\/danos-prejuicios\/wp-json\/wp\/v2\/categories?post=46"},{"taxonomy":"post_tag","embeddable":true,"href":"https:\/\/blogs.lasprovincias.es\/danos-prejuicios\/wp-json\/wp\/v2\/tags?post=46"}],"curies":[{"name":"wp","href":"https:\/\/api.w.org\/{rel}","templated":true}]}}