{"id":50,"date":"2015-02-27T09:58:45","date_gmt":"2015-02-27T08:58:45","guid":{"rendered":"http:\/\/blogs.lasprovincias.es\/danos-prejuicios\/?p=50"},"modified":"2015-02-27T09:58:45","modified_gmt":"2015-02-27T08:58:45","slug":"10-cosas-que-nuestros-politicos-tendrian-que-aprender-de-los-romanos","status":"publish","type":"post","link":"https:\/\/blogs.lasprovincias.es\/danos-prejuicios\/2015\/02\/27\/10-cosas-que-nuestros-politicos-tendrian-que-aprender-de-los-romanos\/","title":{"rendered":"10 cosas que nuestros pol\u00edticos tendr\u00edan que aprender de los romanos"},"content":{"rendered":"<p><span style=\"float: left; color: #087dd6; font-family: fjord one; font-size: 100px; line-height: 70px; padding-top: 4px;\">D<\/span>emocracia, que bonita palabra. A nuestros pol\u00edticos se les llena la boca utiliz\u00e1ndola, s\u00f3lo hab\u00eda que ver el martes el debate sobre el estado de la naci\u00f3n. Incluso al diputado <a href=\"http:\/\/www.lasprovincias.es\/politica\/201502\/25\/valenciano-joan-baldovi-desvanece-20150225111923.html\" target=\"_blank\" rel=\"external nofollow\">Baldov\u00ed<\/a>, le cogi\u00f3 alg\u00fan que otro &#8216;<a href=\"https:\/\/www.youtube.com\/watch?v=sXkgkCACmus\" target=\"_blank\" rel=\"external nofollow\">caloret<\/a>&#8216; de escuchar tantas veces el t\u00e9rmino mal empleado. \u00bfTenemos realmente lo que se conoc\u00eda en Grecia por Democracia? Este vocablo de origen griego y que etimol\u00f3gicamente podr\u00eda significar algo as\u00ed como &#8220;el poder del pueblo&#8221; (<em>demos<\/em>: pueblo y k<em>r\u00e1tos: <\/em>poder), tal y como defini\u00f3 Abraham Lincoln es &#8220;el gobierno del pueblo, por el pueblo y para el pueblo&#8221;. Fin de la cita.<!--more--><\/p>\n<p style=\"text-transform: uppercase;\"><a href=\"https:\/\/www.youtube.com\/watch?v=kLeEbkxQwEQ\" target=\"_blank\" rel=\"external nofollow\">&#8220;FIN DE LA CITA&#8221; DE RAJOY<\/a><\/p>\n<p><iframe loading=\"lazy\" src=\"https:\/\/www.youtube.com\/embed\/kLeEbkxQwEQ\" frameborder=\"0\" width=\"560\" height=\"315\"><\/iframe><\/p>\n<p>Pero no nos enga\u00f1emos, \u00a0formas de gobierno absolutamente distintas se han calificado a s\u00ed mismas de dem\u00f3cratas, parafraseando a Hobbes, podemos decir que llamamos Democracia a lo que nos gusta. Como los <em>memes<\/em>, que nos cautivan hasta tal punto que se ha acu\u00f1ado el t\u00e9rmino\u00a0<em><a href=\"http:\/\/www.delia2d.com\/memecracia\/\" target=\"_blank\" rel=\"external nofollow\">Memecracia<\/a><\/em>\u00a0, palabra que por cierto, igual define un poco mejor a nuestra forma de organizaci\u00f3n del Estado, &#8220;el poder de los <em>memes<\/em>&#8220;, que no memos.<\/p>\n<p>Lo s\u00e9, no podemos comparar a nuestros pol\u00edticos con lo que en la rep\u00fablica romana se conoc\u00edan como magistrados. Ellos eran mejores. Estos <strong>10 puntos te demostrar\u00e1n por qu\u00e9 anta\u00f1o se pod\u00eda hablar de la &#8220;er\u00f3tica del poder&#8221;<\/strong>, mientras que en la actualidad la mayor\u00eda de nosotros no se acercar\u00eda ni con un palo. Antes contaban con\u00a0<em>auctoritas<\/em>, la legitimaci\u00f3n social, y ahora s\u00f3lo tienen\u00a0<em>potestas<\/em>, el poder, el &#8216;decretazo&#8217;, el &#8216;mando y ordeno&#8217;:<\/p>\n<p><span style=\"color: #fff; background-color: #d10a10; padding: 0 5px;\"><strong>1<\/strong><\/span>\u00a0<strong>Los mandatarios romanos eran elegidos por los ciudadanos, <\/strong>ten en cuenta que el t\u00e9rmino ciudadano era mucho restrictivo que en la actualidad, puesto que exist\u00eda la esclavitud y el machismo. Pero eso s\u00ed, nada de herencias ni &#8216;dedazos&#8217;, aunque tambi\u00e9n es cierto, que las puertas giratorias y autom\u00e1ticas en aquella \u00e9poca todav\u00eda no se hab\u00edan inventado.<\/p>\n<p><span style=\"color: #fff; background-color: #d10a10; padding: 0 5px;\"><strong>2<\/strong><\/span> <strong>Los cargos p\u00fablicos eran gratuitos<\/strong>. Por amor al arte, no como ahora que cobran y mucho. En la rep\u00fablica romana nunca se plantearon pagar a sus pol\u00edticos ni por ir a las asambleas ni por ejercer sus funciones. Por hacer una malvada comparaci\u00f3n, s\u00f3lo hay que ver la que se mont\u00f3 hace escasos d\u00edas cuando el Consell Jur\u00eddic Consultiu invit\u00f3 a los parlamentarios de Les Corts a que se <a href=\"http:\/\/www.lasprovincias.es\/politica\/201502\/03\/quite-sueldo-juridic-20150203121544.html\" target=\"_blank\" rel=\"external nofollow\">bajasen el sueldo<\/a>.<\/p>\n<p><span style=\"color: #fff; background-color: #d10a10; padding: 0 5px;\"><strong>3<\/strong><\/span> Desempe\u00f1ar el gobierno de las magistraturas era concebido como un honor dispensado por el <em>populus romanus<\/em> a sus elegidos. <strong>Su sueldo consist\u00eda en el reconocimiento social. <\/strong>Y nosotros con Rajoy que s\u00f3lo como Presidente ronda los 6.000\u20ac mensuales y que a duras penas alcanza el 3 sobre 10 en el bar\u00f3metro del <a href=\"http:\/\/www.cis.es\/cis\/opencms\/ES\/index.html\" target=\"_blank\" rel=\"external nofollow\">CIS<\/a>, o Pedro S\u00e1nchez que tampoco consigue ni un 4.<\/p>\n<p><span style=\"color: #fff; background-color: #d10a10; padding: 0 5px;\"><strong>4<\/strong><\/span>\u00a0Adem\u00e1s, en el sistema republicano exist\u00edan <strong>limitaciones mercantiles<\/strong> para los miembros del conocido Senado (encargados de votar las leyes), todos los negocios privados estaban controlados. Igualito que ahora. Los romanos no crearon los para\u00edsos fiscales, pero vamos, tampoco imagino que hubieran podido salir libremente de Andorra con un mill\u00f3n de quilos de trigo sin que J\u00fapiter (para ti que te gustan m\u00e1s los griegos, Zeus) les hubiese mandado unos cuantos rayos.<\/p>\n<p><span style=\"color: #fff; background-color: #d10a10; padding: 0 5px;\"><strong>5<\/strong><\/span>\u00a0Nada de heredar cargos, ni de entrar en el despacho del Congreso como si fuese su casa. <strong>Estaba prohibida la elecci\u00f3n sucesiva<\/strong> e incluso, en algunos casos, ten\u00edan que transcurrir 10 a\u00f1os para volver a optar a la misma magistratura. Adem\u00e1s, en el caso de los censores, que entre otras cosas se encargaban de supervisar la moralidad p\u00fablica, ni siquiera pod\u00edan ser reelegidos. De la misma forma ocurr\u00eda en Grecia, en la democracia ateniense, los que gobernaban un pa\u00eds s\u00f3lo pod\u00edan hacerlo una vez en la vida. A m\u00e1s de uno en Espa\u00f1a se le iba a acabar el chollo.<br \/>\n&nbsp;<br \/>\n<img loading=\"lazy\" class=\"alignnone size-large wp-image-52\" title=\"DOCU_GRUPO\" src=\"\/danos-prejuicios\/wp-content\/uploads\/sites\/43\/2015\/02\/POLITICOS.jpg\" alt=\"\" width=\"645\" height=\"428\" srcset=\"https:\/\/static-blogs.lasprovincias.es\/wp-content\/uploads\/sites\/43\/2015\/02\/POLITICOS.jpg 1200w, https:\/\/static-blogs.lasprovincias.es\/wp-content\/uploads\/sites\/43\/2015\/02\/POLITICOS-300x200.jpg 300w, https:\/\/static-blogs.lasprovincias.es\/wp-content\/uploads\/sites\/43\/2015\/02\/POLITICOS-768x511.jpg 768w, https:\/\/static-blogs.lasprovincias.es\/wp-content\/uploads\/sites\/43\/2015\/02\/POLITICOS-645x429.jpg 645w\" sizes=\"(max-width: 645px) 100vw, 645px\" \/><br \/>\n&nbsp;<br \/>\n<span style=\"color: #fff; background-color: #d10a10; padding: 0 5px;\"><strong>6<\/strong><\/span> Es m\u00e1s, <strong>no se permit\u00eda acumular magistraturas<\/strong>. Ahora, por el contrario, cuentan con m\u00e1s cargos que <a href=\"https:\/\/blogs.lasprovincias.es\/danos-prejuicios\/2015\/02\/06\/has-tenido-un-hijo-los-nombres-que-por-ley-no-le-puedes-poner-2\/\" target=\"_blank\">nombres<\/a> tiene el Rey. Y para llegar a los altos cometidos primero ten\u00edan que haber ocupado todos los menores, era lo que se conoc\u00eda como\u00a0<em>Cursus Honorum.<\/em><\/p>\n<p><span style=\"color: #fff; background-color: #d10a10; padding: 0 5px;\"><strong>7<\/strong><\/span>\u00a0Las magistraturas eran colegiadas y <strong>sus miembros ten\u00edan la facultad rec\u00edproca de veto<\/strong> (<em>intercessio<\/em>). Deb\u00edan actuar conjuntamente, ponerse todos de acuerdo en lo que iba a ser aprobado. \u00bfTe imaginas el Congreso con el panel repleto de votos verdes? Pues ha pasado, tal y como te he recordado en el punto dos, la totalidad de los grupos con representaci\u00f3n en Les Corts, rechazaron la propuesta del CJC sobre bajarse el sueldo. Para una vez que se ponen de acuerdo&#8230;<\/p>\n<p><span style=\"color: #fff; background-color: #d10a10; padding: 0 5px;\"><strong>8<\/strong><\/span>\u00a0Adem\u00e1s, como hab\u00edan prestado juramento ante el pueblo de gestionar conforme a la legalidad, se les pod\u00eda exigir <strong>responsabilidad penal y civil por sus actos<\/strong>, as\u00ed como tambi\u00e9n, por los abusos cometidos en el ejercicio de sus funciones. Nosotros, por el contrario, tenemos este maravilloso <a href=\"http:\/\/noticias.juridicas.com\/base_datos\/Admin\/constitucion.t3.html\" target=\"_blank\" rel=\"external nofollow\">art\u00edculo<\/a> en nuestra Constituci\u00f3n: &#8220;los Diputados y Senadores gozar\u00e1n de inviolabilidad por las opiniones manifestadas en el ejercicio de sus funciones&#8221;.<\/p>\n<p><span style=\"color: #fff; background-color: #d10a10; padding: 0 5px;\"><strong>9<\/strong><\/span>\u00a0Las asambleas del pueblo o comicios inclu\u00edan a todos los ciudadanos. <strong>Los magistrados gobernaban, pero las decisiones importantes las tomaba el pueblo<\/strong>.<\/p>\n<p><span style=\"color: #fff; background-color: #d10a10; padding: 0 5px;\"><strong>10<\/strong><\/span>\u00a0Ahora que estamos en campa\u00f1a, les recuerdo a nuestros pol\u00edticos que en Roma <strong>la petici\u00f3n del voto era considerado poco digno. <\/strong>Las dimensiones de la comunidad permit\u00eda conocer al candidato e incluso <strong>se creaba un consenso previo para elegir a los mejores.<\/strong>\u00a0Ni &#8216;amiguismos&#8217; ni populistas, s\u00f3lo llegaban al poder los m\u00e1s v\u00e1lidos. \u00a1Viva Grecia!, ay perd\u00f3n, \u00a1Viva Roma!<\/p>\n<p style=\"text-transform: uppercase;\"><a href=\"https:\/\/www.youtube.com\/watch?v=wy5lSeww9NE\" rel=\"external nofollow\">&#8220;VIVA HONDURAS&#8221; DE TRILLO<\/a><\/p>\n<p><iframe loading=\"lazy\" src=\"https:\/\/www.youtube.com\/embed\/wy5lSeww9NE\" frameborder=\"0\" width=\"560\" height=\"315\"><\/iframe><\/p>\n<p><span style=\"color: #fff; background-color: #d10a10; padding: 0 5px;\"><strong>+<\/strong><\/span>\u00a0Saliendo de Roma y mirando un poco a Grecia, cabe destacar que all\u00ed se cre\u00f3 la instituci\u00f3n del ostracismo que ten\u00eda como finalidad salvaguardar la Democracia y a trav\u00e9s de la cual cualquier <strong>ciudadano que se excediese era desterrado durante diez a\u00f1os<\/strong>. Imag\u00ednate si existiese el <em>Ministerio de Ostracismo y Destierro,<\/em>\u00a0a ver qui\u00e9n quedaba en Espa\u00f1a, ni Zapatero pese a los momentos tan graciosos que nos ha dejado&#8230;<\/p>\n<p style=\"text-transform: uppercase;\"><a href=\"https:\/\/www.youtube.com\/watch?v=Mj6MjaJ1H-Q\" rel=\"external nofollow\">&#8220;FOLLAR&#8221; DE ZAPATERO<\/a><\/p>\n<p><iframe loading=\"lazy\" src=\"https:\/\/www.youtube.com\/embed\/Mj6MjaJ1H-Q\" frameborder=\"0\" width=\"560\" height=\"315\"><\/iframe><br \/>\n&nbsp;<\/p>\n<h2><span style=\"font-size: 25px; color: #087dd6;\"><strong>LEGISLACI\u00d3N Y TERMINOLOG\u00cdA<\/strong><\/span><\/h2>\n<p><em><strong>Iteratio<\/strong><\/em><\/p>\n<p style=\"font-size: 14px;\">Proh\u00edbe el ejercicio repetido de la misma magistratura en a\u00f1os consecutivos con el fin de propiciar la rotaci\u00f3n dentro de la clase dirigente<\/p>\n<p><strong>Art\u00edculo 71 de la Constituci\u00f3n<\/strong><\/p>\n<p style=\"font-size: 14px;\">1.Los Diputados y Senadores gozar\u00e1n de inviolabilidad por las opiniones manifestadas en el ejercicio de sus funciones.<br \/>\n2.Durante el per\u00edodo de su mandato los Diputados y Senadores gozar\u00e1n asimismo de inmunidad y s\u00f3lo podr\u00e1n ser detenidos en caso de flagrante delito. No podr\u00e1n ser inculpados ni procesados sin la previa autorizaci\u00f3n de la C\u00e1mara respectiva.<br \/>\n3.En las causas contra Diputados y Senadores ser\u00e1 competente la Sala de lo Penal del Tribunal Supremo.<br \/>\n4.Los Diputados y Senadores percibir\u00e1n una asignaci\u00f3n que ser\u00e1 fijada por las respectivas C\u00e1maras.<\/p>\n<p>&nbsp;<br \/>\n&nbsp;<br \/>\n<span style=\"font-size: 14px; color: #999999;\"><em>Con estas l\u00edneas no pretendo cerrar la cuesti\u00f3n, s\u00f3lo se trata de una exposici\u00f3n de ideas. Si se encuentra en esta situaci\u00f3n acuda a un buen abogado y recuerde que siempre es mejor un mal acuerdo que un buen pleito.<\/em><\/span><br \/>\n<span style=\"font-size: 14px; color: #999999;\"><em>Para sugerencias, quejas o recomendaciones puede escribirme a <a href=\"mailto:bzuniga@lasprovincias.es?Subject=Para Da\u00f1os y Prejuicios\" target=\"_top\">bzuniga@lasprovincias.es<\/a><\/em><\/span><\/p>\n<p>&nbsp;<\/p>\n<p>&nbsp;<\/p>\n<!-- AddThis Advanced Settings generic via filter on the_content --><!-- AddThis Share Buttons generic via filter on the_content -->","protected":false},"excerpt":{"rendered":"<p>Democracia, que bonita palabra. A nuestros pol\u00edticos se les llena la boca utiliz\u00e1ndola, s\u00f3lo hab\u00eda que ver el martes el debate sobre el estado de la naci\u00f3n. Incluso al diputado Baldov\u00ed, le cogi\u00f3 alg\u00fan que otro &#8216;caloret&#8216; de escuchar tantas veces el t\u00e9rmino mal empleado. \u00bfTenemos realmente lo que se conoc\u00eda en Grecia por Democracia? [&hellip;]<!-- AddThis Advanced Settings generic via filter on get_the_excerpt --><!-- AddThis Share Buttons generic via filter on get_the_excerpt --><\/p>\n","protected":false},"author":48,"featured_media":0,"comment_status":"open","ping_status":"open","sticky":false,"template":"","format":"standard","meta":[],"categories":[7],"tags":[19,35,84,99,144,193,240,266,276],"_links":{"self":[{"href":"https:\/\/blogs.lasprovincias.es\/danos-prejuicios\/wp-json\/wp\/v2\/posts\/50"}],"collection":[{"href":"https:\/\/blogs.lasprovincias.es\/danos-prejuicios\/wp-json\/wp\/v2\/posts"}],"about":[{"href":"https:\/\/blogs.lasprovincias.es\/danos-prejuicios\/wp-json\/wp\/v2\/types\/post"}],"author":[{"embeddable":true,"href":"https:\/\/blogs.lasprovincias.es\/danos-prejuicios\/wp-json\/wp\/v2\/users\/48"}],"replies":[{"embeddable":true,"href":"https:\/\/blogs.lasprovincias.es\/danos-prejuicios\/wp-json\/wp\/v2\/comments?post=50"}],"version-history":[{"count":0,"href":"https:\/\/blogs.lasprovincias.es\/danos-prejuicios\/wp-json\/wp\/v2\/posts\/50\/revisions"}],"wp:attachment":[{"href":"https:\/\/blogs.lasprovincias.es\/danos-prejuicios\/wp-json\/wp\/v2\/media?parent=50"}],"wp:term":[{"taxonomy":"category","embeddable":true,"href":"https:\/\/blogs.lasprovincias.es\/danos-prejuicios\/wp-json\/wp\/v2\/categories?post=50"},{"taxonomy":"post_tag","embeddable":true,"href":"https:\/\/blogs.lasprovincias.es\/danos-prejuicios\/wp-json\/wp\/v2\/tags?post=50"}],"curies":[{"name":"wp","href":"https:\/\/api.w.org\/{rel}","templated":true}]}}