{"id":75,"date":"2015-03-17T10:50:04","date_gmt":"2015-03-17T09:50:04","guid":{"rendered":"http:\/\/blogs.lasprovincias.es\/danos-prejuicios\/?p=75"},"modified":"2015-03-17T10:50:04","modified_gmt":"2015-03-17T09:50:04","slug":"en-fallas-con-ordenanza-y-a-lo-loco","status":"publish","type":"post","link":"https:\/\/blogs.lasprovincias.es\/danos-prejuicios\/2015\/03\/17\/en-fallas-con-ordenanza-y-a-lo-loco\/","title":{"rendered":"En Fallas, con ordenanza y a lo loco"},"content":{"rendered":"<p><span style=\"float: left; color: #087dd6; font-family: fjord one; font-size: 100px; line-height: 70px; padding-top: 4px;\">A<\/span> hora que ya estamos metidos de lleno en las Fallas (fiesta para algunos y tortura para otros), seguro que no tienes ni un segundo para leer este post, pero por si acaso topo con alg\u00fan aislado del mundo exterior, aqu\u00ed lo dejo. No soy una &#8220;talibana&#8221; de la fiesta, ni mucho menos, como dir\u00eda Ana Pastor en su programa: &#8220;yo te ofrezco los datos y tuyas son las conclusiones&#8221;. No insto a que boicotees el incesable guateque que &#8220;s\u00f3lo&#8221; dura cinco d\u00edas (tranquilo, porque contando hoy, todav\u00eda quedan tres). No tires cubos de agua a las comisiones por la ventana, ni huevos, ni elementos punzantes, es de tener muy poca educaci\u00f3n, adem\u00e1s de que te puede costar una denuncia. Si no te gusta la fiesta, siempre puedes optar por irte lejos, hacer una visita a Madrid para ver qu\u00e9 se cuece en las colas del pol\u00e9mico <a href=\"http:\/\/www.lasprovincias.es\/economia\/201503\/16\/cnmv-bloquea-depositos-fondos-20150316124249.html\" target=\"_blank\" rel=\"external nofollow\">banco<\/a>, o\u00a0pasarte por Andaluc\u00eda que tiene las <a href=\"http:\/\/www.lasprovincias.es\/videos\/politica\/201503\/15\/siete-dias-elecciones-andaluzas-4112872667001-mm.html\" target=\"_blank\" rel=\"external nofollow\">elecciones<\/a> a la vuelta de la esquina. Pero ante todo, dedica cinco minutos a leer estos<strong> 14 puntos curiosos sobre la normativa de Fallas en Valencia para el a\u00f1o 2015<\/strong>.<!--more--><\/p>\n<p>Si por el contrario, te encuentras en la misma situaci\u00f3n que yo y te toca ir a trabajar, te recomiendo paciencia al volante y esta canci\u00f3n para que la puedas versionar (abandona de una vez el &#8220;<a href=\"https:\/\/www.youtube.com\/watch?v=lIpjX2I3huI\" target=\"_blank\" rel=\"external nofollow\">Caloret<\/a>&#8221; porque el tiempo no acompa\u00f1a): &#8220;me&#8217;n vaig a treballaaaar a tope per la ciutaaaaaat&#8221;.<\/p>\n<p style=\"text-transform: uppercase;\"><a href=\"https:\/\/www.youtube.com\/watch?v=H3qPAiif9tc\" rel=\"external nofollow\">Me&#8217;n vaig a la masclet\u00e0<\/a><\/p>\n<p><iframe loading=\"lazy\" src=\"https:\/\/www.youtube.com\/embed\/H3qPAiif9tc\" frameborder=\"0\" width=\"560\" height=\"315\"><\/iframe><br \/>\n&nbsp;<br \/>\n<span style=\"color: #fff; background-color: #087dd6; padding: 0 5px;\"><strong>CIRCULACI\u00d3N<\/strong><\/span><\/p>\n<p><span style=\"color: #fff; background-color: #d10a10; padding: 0 5px;\"><strong>1<\/strong><\/span> <strong>La restricci\u00f3n a la circulaci\u00f3n en la parte derecha del r\u00edo (torres de Serrano) presuntamente no te afectar\u00e1 si eres residente<\/strong> y muestras el DNI, el permiso de circulaci\u00f3n, el recibo de IBI o el contrato de alquiler a tu nombre.\u00a0Vete t\u00fa a saber d\u00f3nde guardaste el recibo del impuesto sobre bienes inmuebles. Adem\u00e1s, hay que saber que la f\u00edsica tiene razones que la ley no entiende. \u00bfQu\u00e9 haces si tienes una carpa o el mercardillo medieval en la puerta de casa? Opci\u00f3n A: lo saltas con tu veh\u00edculo supers\u00f3nico. Opci\u00f3n B: abandonas el coche durante una temporada en alg\u00fan descampado y rezas para que no le pase nada. Igual sea el momento de arrepentirte al no haber contratado un seguro a todo riesgo.<\/p>\n<p><span style=\"color: #fff; background-color: #d10a10; padding: 0 5px;\"><strong>2<\/strong><\/span> Siempre es grato recordarte que esta fiesta tiene cosas muy buenas, <strong>la ORA, conocida popularmente como zona azul, est\u00e1 suspendida en toda Valencia durante las Fallas. <\/strong>Pero, ojo, que a las 9:00 del viernes vuelven las recetas, no vayas a coger la borrachera de tu vida el d\u00eda de la Crem\u00e0 y luego no te puedas ni levantar a cambiarlo de sitio.<\/p>\n<p><span style=\"color: #fff; background-color: #d10a10; padding: 0 5px;\"><strong>3<\/strong><\/span> Antes de continuar, si eres el aguafiestas del barrio, imprime el post o el <a href=\"http:\/\/www.valencia.es\/twav\/ordenanzas.nsf\/vCategorias\/51D356DB240F933AC125728F00423AE1\/$file\/BANDO%20FALLAS%202015.pdf?openElement&#038;lang=1&#038;nivel=4\" target=\"_blank\" rel=\"external nofollow\">Bando<\/a>, ten en cuenta que despu\u00e9s de leerlo igual no lo recuerdas \u00edntegramente a causa del \u2018jet lag\u2019 fallero o de las numerosas interrupciones de la banda de m\u00fasica. As\u00ed, podr\u00e1s convertirte en el \u2018carca\u2019 que vaya diciendo a la gente lo que no puede hacer. Por ejemplo, <strong>durante los desfiles de las comitivas, podr\u00e1s exigirles que ocupen \u00fanicamente la parte derecha de la calzada<\/strong> (en el sentido de su marcha). Adem\u00e1s, tienen que garantizar en todo momento el acceso a garajes privados y p\u00fablicos, as\u00ed como el paso de los veh\u00edculos de emergencia.<br \/>\n&nbsp;<br \/>\n<span style=\"color: #fff; background-color: #087dd6; padding: 0 5px;\"><strong>PETARDOS<\/strong><\/span><\/p>\n<p><span style=\"color: #fff; background-color: #d10a10; padding: 0 5px;\"><strong>4<\/strong><\/span> Atento a este p\u00e1rrafo extra\u00eddo literalmente de la <a href=\"http:\/\/www.valencia.es\/twav\/ordenanzas.nsf\/vCategorias\/51D356DB240F933AC125728F00423AE1\/$file\/BANDO%20FALLAS%202015.pdf?openElement&#038;lang=1&#038;nivel=4\" target=\"_blank\" rel=\"external nofollow\">normativa municipal<\/a>: \u201c<strong>El Ayuntamiento y la Junta Central Fallera no se hacen responsables de los da\u00f1os y perjuicios que puedan ocasionarse con motivo del disparo de fuegos artificiales<\/strong> que, en todo caso, lo ser\u00e1n por cuenta y riesgo de las personas que observen el espect\u00e1culo, consider\u00e1ndose imprudencia de las mismas o de sus representantes legales no estar suficientemente alejadas de los disparos para evitar los efectos de las falsas explosiones, ca\u00edda de ca\u00f1as, etc. No obstante, ser\u00e1n de obligada observancia cuantas medidas de emergencia dicte la Junta Local de Protecci\u00f3n Civil.\u201d Cuidado con salir a la calle a la hora de la despert\u00e0 que todav\u00eda no han puesto las calles e igual te cae un cohete.<\/p>\n<p><span style=\"color: #fff; background-color: #d10a10; padding: 0 5px;\"><strong>5<\/strong><\/span> \u00bfTe alteran los petardos o tu perro (como el m\u00edo) sale corriendo cada vez que tiran uno? Pues debes saber que adem\u00e1s de estar prohibido que los particulares disparen cohetes no autorizados, si tiran <strong>petardos permitidos, no deber\u00e1n alterar la tranquilidad de los viandantes<\/strong>. Si tienes un polic\u00eda local cerca, que en estas fiestas parecen omnipresentes, podr\u00e1s reclamarle que decomise la caja de bombitas y denuncie a esos pobres ni\u00f1os (o a sus padres que son los responsables, ejem ejem).<\/p>\n<p><span style=\"color: #fff; background-color: #d10a10; padding: 0 5px;\"><strong>6<\/strong><\/span> Aunque no lo parezca, existen limitaciones respecto al horario en estas nuestras fiestas. As\u00ed pues, el <strong>disparo de fuegos artificiales realizado por las comisiones de falla s\u00f3lo est\u00e1 permitido hasta la 1:30 horas<\/strong> y siempre que lo hagan dentro de las zonas autorizadas.<br \/>\n&nbsp;<br \/>\n<span style=\"color: #fff; background-color: #087dd6; padding: 0 5px;\"><strong>CARPAS<\/strong><\/span><\/p>\n<p><span style=\"color: #fff; background-color: #d10a10; padding: 0 5px;\"><strong>7<\/strong><\/span> Las verbenas populares y <strong>disco m\u00f3viles en la v\u00eda p\u00fablica deben contar con aseos p\u00fablicos port\u00e1tile<\/strong>s, esos cacharros azules que pasada la media noche ya no sabes si entrar a hacer tus necesidades o a devolver por el olor. Adem\u00e1s, estos conciertillos de barrio s\u00f3lo <strong>est\u00e1n autorizados desde las 23:00 hasta las 4:00 de la madrugada<\/strong> y el incumplimiento de dicho horario puede suponer la suspensi\u00f3n de la autorizaci\u00f3n, as\u00ed como la prohibici\u00f3n de celebrar m\u00e1s verbenas durante el resto del a\u00f1o, incluida la semana fallera del a\u00f1o siguiente. Igual te sale m\u00e1s rentable dejarlos hacer estas fiestas y as\u00ed tener un a\u00f1o de tranquilidad.<\/p>\n<p><span style=\"color: #fff; background-color: #d10a10; padding: 0 5px;\"><strong>8<\/strong><\/span>\u00a0A los m\u00fasicos de interior (de las carpas) personalmente les recomiendo que cuenten con un peque\u00f1o repertorio de canciones depresivas o hipnotizantes para que a las <strong>4:30 la carpa est\u00e9 totalmente vac\u00eda<\/strong>, pues a partir de dicha hora empiezan las sanciones. Pese a que tienen la misma restricci\u00f3n horaria que las disco m\u00f3viles, cuentan con media hora de margen para despejar la sala de baile. Siempre he pensado que poner <em><a href=\"https:\/\/www.youtube.com\/watch?v=9zdEXRKJSNY\" target=\"_blank\" rel=\"external nofollow\">P\u00e1jaros de Barro<\/a><\/em> es una buena forma de conducir a la gente a la cama.<br \/>\n&nbsp;<br \/>\n<img loading=\"lazy\" class=\"alignnone size-large wp-image-77\" title=\"Churrer\u00eda\" src=\"\/danos-prejuicios\/wp-content\/uploads\/sites\/43\/2015\/03\/churros.jpg\" alt=\"\" width=\"610\" height=\"394\" \/><\/p>\n<p style=\"font-size: 10px; text-transform: uppercase; text-align: right; max-width: 610px;\"><a style=\"color: #000;\" href=\"http:\/\/www.lasprovincias.es\/\" target=\"_blank\" rel=\"external nofollow\">Foto: LAS PROVINCIAS<\/a><\/p>\n<p><span style=\"color: #fff; background-color: #087dd6; padding: 0 5px;\"><strong>CHURRER\u00cdAS<\/strong><\/span><\/p>\n<p><span style=\"color: #fff; background-color: #d10a10; padding: 0 5px;\"><strong>9<\/strong><\/span> Pese a que a veces no sabes si te adentras en el supermercado de la esquina o en la churrer\u00eda del barrio, lo cierto es que los <strong>puestos de bu\u00f1uelos deben estar dedicados exclusivamente a la venta de masa frita<\/strong> cuya composici\u00f3n se limita a \u201charina de trigo, aceite vegetal comestible autorizado, agua potable y aditivos autorizados as\u00ed como productos tradicionales (higos, calabaza\u2026)\u201d tal y como se\u00f1ala la normativa. Y en ning\u00fan caso podr\u00e1n tener instalaciones o maquinaria destinada a la elaboraci\u00f3n o expedici\u00f3n de cualquier otro producto.<\/p>\n<p><span style=\"color: #fff; background-color: #d10a10; padding: 0 5px;\"><strong>10<\/strong><\/span> Adem\u00e1s, los puestos de venta autorizados <strong>no pueden exceder, por lo general, de los 8 metros de largo por 3 de ancho<\/strong>. Ya le puedes dar utilidad al rollo m\u00e9trico que te regalaron en el mec\u00e1nico y que todav\u00eda conservas con precinto en el caj\u00f3n de la cocina. Asimismo, has de saber que est\u00e1 \u201c<strong>terminantemente prohibido instalar terrazas<\/strong> a\u00f1adidas a los puestos de venta de masas fritas\u201d. No te perturbar\u00e1n con esa pregunta sin respuesta \u201c\u00bfpara llevar o para tomar?\u201d que como dir\u00eda el humorista Luis Piedrahita, \u201cyo me lo quiero llevar, pero es que tambi\u00e9n me lo quiero tomar\u201d.<\/p>\n<p><span style=\"color: #fff; background-color: #d10a10; padding: 0 5px;\"><strong>11<\/strong><\/span> Lo cierto es que la ordenanza contiene numerosas restricciones respecto a esta venta en caravana, pero aqu\u00ed s\u00f3lo te he destacado las m\u00e1s interesantes. Que te vistas de inspector Gadget y vayas cual detective torpe y despistado comprobando que los puestos<strong> no almacenan las botellas de butano en el exterior y que cuentan con una campana extractora<\/strong> adecuada para eliminar olores y humos, lo dejo a tu elecci\u00f3n. Yo como vivo justo arriba de uno de estos puestos, me basta con estar en el sof\u00e1 de casa para cerciorarme de su cumplimiento.<\/p>\n<p><span style=\"color: #fff; background-color: #d10a10; padding: 0 5px;\"><strong>12<\/strong><\/span> Para terminar con estas peculiares zonas de venta al p\u00fablico, tienes que saber que <strong>deben anunciar de forma visible el precio<\/strong> de los productos y que <strong>tienen prohibido utilizar dispositivos sonoros<\/strong> que produzcan molestias, con fines de propaganda o reclamo. \u00bfImaginas el afilador de los bu\u00f1uelos los cinco d\u00edas en tu portal?<br \/>\n&nbsp;<br \/>\n<span style=\"color: #fff; background-color: #087dd6; padding: 0 5px;\"><strong>JARDINES<\/strong><\/span><\/p>\n<p><span style=\"color: #fff; background-color: #d10a10; padding: 0 5px;\"><strong>13<\/strong><\/span> Los jardines, que junto con las papeleras, son los grandes maltratados de estas fiestas, cuentan con algunas normas que les amparan. Has de saber que tienes <strong>prohibido realizar cualquier tipo de ligadura en los \u00e1rboles<\/strong> para instalar banderas, altavoces, cables de luces o cualquier otro adorno o elemento festivo. Esta prohibici\u00f3n tambi\u00e9n se extiende a los sem\u00e1foros, c\u00e1maras de control de tr\u00e1fico y monumentos o elementos arquitect\u00f3nicos relevantes. Digo yo que con los carteles de venta de pisos tenemos suficiente.<\/p>\n<p><span style=\"color: #fff; background-color: #d10a10; padding: 0 5px;\"><strong>14<\/strong><\/span> Asimismo, est\u00e1 <strong>prohibido realizar concursos de paellas y fuegos artificiales en los jardines<\/strong>, parques y espacios ajardinados. Las comisiones cuidar\u00e1n no situar ni suspender de los \u00e1rboles tracas, petardos u otros elementos de fuegos de artificios. Seguro que al verlo alguno gritar\u00eda: \u201cmaltrato vegetal, al C\u00f3digo Penal\u201d.<br \/>\n&nbsp;<br \/>\n<img loading=\"lazy\" class=\"alignnone size-large wp-image-76\" title=\"Masclet\u00e1 en la Plaza del Ayuntamiento - Fallas\" src=\"\/danos-prejuicios\/wp-content\/uploads\/sites\/43\/2015\/03\/mascleta.jpg\" alt=\"\" width=\"610\" height=\"394\" \/><\/p>\n<p style=\"font-size: 10px; text-transform: uppercase; text-align: right; max-width: 610px;\"><a style=\"color: #000;\" href=\"http:\/\/www.lasprovincias.es\/\" target=\"_blank\" rel=\"external nofollow\">Foto: LAS PROVINCIAS<\/a><\/p>\n<p><span style=\"color: #fff; background-color: #087dd6; padding: 0 5px;\"><strong>FINALMENTE<\/strong><\/span>\u00a0en la normativa, &#8220;la Alcald\u00eda agradece el pueblo valenciano el civismo demostrado en cumplimiento de las normas dictadas en a\u00f1os anteriores, esperando asimismo su colaboraci\u00f3n en el presente&#8221;. Ahora que ya sabes todo lo que no est\u00e1 permitido, abandona el ordenador y sal a disfrutar de la fiesta, o si lo prefieres, vente conmigo a trabajar perqu\u00e8 jo,\u00a0me&#8217;n vaig a treballaaaar a tope per la ciutaaaaaat!!!<br \/>\n&nbsp;<br \/>\n&nbsp;<\/p>\n<h2><span style=\"font-size: 25px; color: #087dd6;\"><strong>ALGO DE LEGISLACI\u00d3N<\/strong><\/span><\/h2>\n<p><strong><a href=\"http:\/\/www.valencia.es\/twav\/ordenanzas.nsf\/vCategorias\/51D356DB240F933AC125728F00423AE1\/$file\/BANDO%20FALLAS%202015.pdf?openElement&#038;lang=1&#038;nivel=4\" target=\"_blank\" rel=\"external nofollow\">Bando de Fallas 2015<\/a><\/strong><\/p>\n<p>&nbsp;<\/p>\n<p>&nbsp;<\/p>\n<p><span style=\"font-size: 14px; color: #999999;\"><em>Con estas l\u00edneas no pretendo cerrar la cuesti\u00f3n, s\u00f3lo se trata de una exposici\u00f3n de ideas. Si se encuentra en esta situaci\u00f3n acuda a un buen abogado y recuerde que siempre es mejor un mal acuerdo que un buen pleito.<\/em><\/span><br \/>\n<span style=\"font-size: 14px; color: #999999;\"><em>Para sugerencias, quejas o recomendaciones puede escribirme a <a href=\"mailto:bzuniga@lasprovincias.es?Subject=Para Da\u00f1os y Prejuicios\" target=\"_top\">bzuniga@lasprovincias.es<\/a><\/em><\/span><\/p>\n<p>&nbsp;<\/p>\n<p>&nbsp;<\/p>\n<!-- AddThis Advanced Settings generic via filter on the_content --><!-- AddThis Share Buttons generic via filter on the_content -->","protected":false},"excerpt":{"rendered":"<p>A hora que ya estamos metidos de lleno en las Fallas (fiesta para algunos y tortura para otros), seguro que no tienes ni un segundo para leer este post, pero por si acaso topo con alg\u00fan aislado del mundo exterior, aqu\u00ed lo dejo. No soy una &#8220;talibana&#8221; de la fiesta, ni mucho menos, como dir\u00eda [&hellip;]<!-- AddThis Advanced Settings generic via filter on get_the_excerpt --><!-- AddThis Share Buttons generic via filter on get_the_excerpt --><\/p>\n","protected":false},"author":48,"featured_media":0,"comment_status":"open","ping_status":"open","sticky":false,"template":"","format":"standard","meta":[],"categories":[3],"tags":[36,47,53,135,170,207,211],"_links":{"self":[{"href":"https:\/\/blogs.lasprovincias.es\/danos-prejuicios\/wp-json\/wp\/v2\/posts\/75"}],"collection":[{"href":"https:\/\/blogs.lasprovincias.es\/danos-prejuicios\/wp-json\/wp\/v2\/posts"}],"about":[{"href":"https:\/\/blogs.lasprovincias.es\/danos-prejuicios\/wp-json\/wp\/v2\/types\/post"}],"author":[{"embeddable":true,"href":"https:\/\/blogs.lasprovincias.es\/danos-prejuicios\/wp-json\/wp\/v2\/users\/48"}],"replies":[{"embeddable":true,"href":"https:\/\/blogs.lasprovincias.es\/danos-prejuicios\/wp-json\/wp\/v2\/comments?post=75"}],"version-history":[{"count":0,"href":"https:\/\/blogs.lasprovincias.es\/danos-prejuicios\/wp-json\/wp\/v2\/posts\/75\/revisions"}],"wp:attachment":[{"href":"https:\/\/blogs.lasprovincias.es\/danos-prejuicios\/wp-json\/wp\/v2\/media?parent=75"}],"wp:term":[{"taxonomy":"category","embeddable":true,"href":"https:\/\/blogs.lasprovincias.es\/danos-prejuicios\/wp-json\/wp\/v2\/categories?post=75"},{"taxonomy":"post_tag","embeddable":true,"href":"https:\/\/blogs.lasprovincias.es\/danos-prejuicios\/wp-json\/wp\/v2\/tags?post=75"}],"curies":[{"name":"wp","href":"https:\/\/api.w.org\/{rel}","templated":true}]}}