{"id":11,"date":"2012-02-06T09:53:39","date_gmt":"2012-02-06T09:53:39","guid":{"rendered":"http:\/\/blogs.lasprovincias.es\/elfrancotirador\/?p=11"},"modified":"2012-02-06T09:53:39","modified_gmt":"2012-02-06T09:53:39","slug":"aqui-no-cobra-ni-dios","status":"publish","type":"post","link":"https:\/\/blogs.lasprovincias.es\/elfrancotirador\/2012\/02\/06\/aqui-no-cobra-ni-dios\/","title":{"rendered":"Aqu\u00ed no cobra ni Dios"},"content":{"rendered":"<p>Mi hijo va a cumplir cinco a\u00f1os. Hace unos meses, mientras lo llevaba al colegio, pasamos por la residencia de ancianos. All\u00ed, dos mayores con una silla de ruedas como chasis rumiaban su vida a trav\u00e9s de una valla met\u00e1lica sin memoria por el Alzheimer o esperando la visita de hijos y nietos que hoy tampoco vendr\u00e1n. Mi chaval los mir\u00f3, me tir\u00f3 de la mano y me pregunt\u00f3: &#8220;Papi, \u00bfeso es el cielo?&#8221;. Me dej\u00f3 sin respuesta. Hoy, en ese cielo, que en el colegio (concertado) de curas donde estudi\u00e9 siempre me lo vendieron como el Para\u00edso, no hay dinero para pagar a los \u00e1ngeles desplumados que cuidan a los internos; a San Pedro, que lo hab\u00edan dejado de portero en la entrada, un ERE se lo llev\u00f3 por delante con 20 d\u00edas y a merced del Fogasa; la trompetas dejaron de sonar y las gasas y pa\u00f1ales se sirven a cuentagotas mientras a los pacientes ya no les devuelven la dignidad con toallitas perfumadas de doble capa sino con papel de estraza. Y todo por culpa de verbenas millonarias y frenes\u00ed dilapidador con mucho jiji y demasiado jaja. Una mala gesti\u00f3n del Consell ha provocado que en ese cielo que vio mi hijo ya no cobre ni Dios. Yo, que form\u00e9 una familia en pleno boom del ladrillo, ya me he comprado un loft con vistas al infierno.<\/p>\n<!-- AddThis Advanced Settings generic via filter on the_content --><!-- AddThis Share Buttons generic via filter on the_content -->","protected":false},"excerpt":{"rendered":"<p>Mi hijo va a cumplir cinco a\u00f1os. Hace unos meses, mientras lo llevaba al colegio, pasamos por la residencia de ancianos. All\u00ed, dos mayores con una silla de ruedas como chasis rumiaban su vida a trav\u00e9s de una valla met\u00e1lica sin memoria por el Alzheimer o esperando la visita de hijos y nietos que hoy [&hellip;]<!-- AddThis Advanced Settings generic via filter on get_the_excerpt --><!-- AddThis Share Buttons generic via filter on get_the_excerpt --><\/p>\n","protected":false},"author":22,"featured_media":0,"comment_status":"open","ping_status":"closed","sticky":false,"template":"","format":"standard","meta":[],"categories":[2],"tags":[159,175,246,328,536,568],"_links":{"self":[{"href":"https:\/\/blogs.lasprovincias.es\/elfrancotirador\/wp-json\/wp\/v2\/posts\/11"}],"collection":[{"href":"https:\/\/blogs.lasprovincias.es\/elfrancotirador\/wp-json\/wp\/v2\/posts"}],"about":[{"href":"https:\/\/blogs.lasprovincias.es\/elfrancotirador\/wp-json\/wp\/v2\/types\/post"}],"author":[{"embeddable":true,"href":"https:\/\/blogs.lasprovincias.es\/elfrancotirador\/wp-json\/wp\/v2\/users\/22"}],"replies":[{"embeddable":true,"href":"https:\/\/blogs.lasprovincias.es\/elfrancotirador\/wp-json\/wp\/v2\/comments?post=11"}],"version-history":[{"count":0,"href":"https:\/\/blogs.lasprovincias.es\/elfrancotirador\/wp-json\/wp\/v2\/posts\/11\/revisions"}],"wp:attachment":[{"href":"https:\/\/blogs.lasprovincias.es\/elfrancotirador\/wp-json\/wp\/v2\/media?parent=11"}],"wp:term":[{"taxonomy":"category","embeddable":true,"href":"https:\/\/blogs.lasprovincias.es\/elfrancotirador\/wp-json\/wp\/v2\/categories?post=11"},{"taxonomy":"post_tag","embeddable":true,"href":"https:\/\/blogs.lasprovincias.es\/elfrancotirador\/wp-json\/wp\/v2\/tags?post=11"}],"curies":[{"name":"wp","href":"https:\/\/api.w.org\/{rel}","templated":true}]}}