{"id":15,"date":"2012-02-10T11:32:53","date_gmt":"2012-02-10T11:32:53","guid":{"rendered":"http:\/\/blogs.lasprovincias.es\/elfrancotirador\/?p=15"},"modified":"2012-02-10T11:32:53","modified_gmt":"2012-02-10T11:32:53","slug":"el-submundo-de-les-corts","status":"publish","type":"post","link":"https:\/\/blogs.lasprovincias.es\/elfrancotirador\/2012\/02\/10\/el-submundo-de-les-corts\/","title":{"rendered":"El submundo de Les Corts"},"content":{"rendered":"<p><strong>Un d\u00eda cualquiera, de un mes cualquiera de 2012 en la Junta de S\u00edndics de Les Corts.<\/strong><\/p>\n<p>Una conversaci\u00f3n que, seguramente, nada tendr\u00e1 que ver con la realidad.<\/p>\n<p>En la carpeta del orden del d\u00eda, subrayado en rojo: Soluciones para la crisis.<\/p>\n<p>El presidente abre la sesi\u00f3n.<\/p>\n<p><strong>Raphael\u00a0Blanco\u00a0(PP):<\/strong> Yo y mi partido (aqu\u00ed el orden de los factores s\u00ed altera el producto) vamos a presentar una iniciativa para decir que Zapatero mat\u00f3 a Manolete.<\/p>\n<p><strong>George\u00a0Jalarte\u00a0(PSPV):<\/strong> Dir\u00e1 usted Rubalcaba. Ha visto como engolo la voz, a lo Jos\u00e9 Luis Moreno.<\/p>\n<p><strong>Raphael:<\/strong> Yo soy aqueeel&#8230;.<\/p>\n<p><strong>Jalarte:<\/strong> Que yo apoy\u00e9 al se\u00f1or Alfredo, \u00a1se\u00f1or, s\u00ed se\u00f1or! en Sevilla por mucho que le pese a los traidores de mi partido. Adem\u00e1s, salgo reforzado porque me lo ha dicho mi gur\u00fa Joseph Brown, que es la persona que nos llevar\u00e1 a la victoria final y m\u00e1s all\u00e1.<\/p>\n<p><strong>Raphael:<\/strong> Si yo y mi partido ponemos Zapatero es Zapatero. Adem\u00e1s, \u00bfusted de qu\u00e9 medio es?<\/p>\n<p><strong>Jalarte:<\/strong> Muchas gracias por su pregunta. Siempre contesto, lo que me da la gana, pero siempre contesto.<\/p>\n<p><strong>Raphael:<\/strong> N0, \u00bfpero de qu\u00e9 medio es usted y qu\u00e9 piensa su director?<\/p>\n<p><strong>Jalarte:<\/strong> Muchas gracias por su pregunta.<\/p>\n<p><strong>Raphael:<\/strong> \u00bfPero qu\u00e9 dice? \u00bfLo de su director? \u00bfQu\u00e9 no me oye?<\/p>\n<p><strong>Jalarte:<\/strong> Muchas gracias por su pregunta. Buena suerte, muchas grasias.<\/p>\n<p>(El di\u00e1logo se eterniza sin salir de la pregunta respuesta. Morente rompe el hielo&#8230;)<\/p>\n<p><strong>Enrique\u00a0Morente<\/strong> <strong>(Comprom\u00eds-Bloc):<\/strong> Tengo loter\u00eda&#8230; ciento cincuenta miiilll eurooooss. Xeeeee, la piloota de vaqueetaaa&#8230;<\/p>\n<p><strong>M\u00f3nic\u00a0Wanted<\/strong> <strong>(Comprom\u00eds-Iniciativa):<\/strong> Xe calla Enrique que a\u00e7\u00ed mane jo que s\u00f3c l&#8217;\u00fanica que se dir G\u00fcrtel.\u00a0A lo Ana Blanco: &#8220;Guuuuurtel&#8221;.\u00a0Mira, poneos de acuerdo que tengo que hacer un pedido de una camiseta XXS que por delante ponga Salvem\u00a0Islero, que fue el toro\u00a0del PP fascista y corrupto\u00a0que mat\u00f3 a Manolete\u00a0y detr\u00e1s algo con Wanted, pero con tanta duda\u00a0no s\u00e9 si Zapatero o Rubalcaba&#8230;<\/p>\n<p><strong>Morente:<\/strong> B\u00e9 M\u00f3nica, per\u00f2 que\u00a0porte loter\u00eda del Baldo&#8230; Venga que se me acaba (al estilo do\u00f1a Manolita)<\/p>\n<p><strong>Wanted:<\/strong> Xe calla! Que ac\u00ed mane jo! Venga rapidito, lo de la camiseta para el Circo Fashion Week&#8230;<\/p>\n<p><strong>Raphael:<\/strong> \u00bfEsta chica de qu\u00e9 medio es?<\/p>\n<p><strong>Jalarte:<\/strong> No lo s\u00e9, pero le agradezco tambi\u00e9n esa pregunta.<\/p>\n<p><strong>Gerania\u00a0Sanz (EU):<\/strong> Podiem pedir bocadills de xam\u00f3 y ques que esto es massa largo&#8230;<\/p>\n<p>(Las jornadas de Escola Valenciana para ense\u00f1ar valenciano a los diputados hacen estragos)<\/p>\n<p>El presidente de Les Corts mira la hora y abrevia: Va, que l&#8217;arr\u00f2s se gela. Ya debatiremos otros d\u00eda la muerte de Manolete.<\/p>\n<p>Punto segundo: subvenciones econ\u00f3micas para los grupos parlamentarios. Votos a favor.<\/p>\n<p><strong>Raphael:<\/strong> Yo y mi partido.<\/p>\n<p><strong>Jalarte:<\/strong> Brown me ha dicho que diga: yo y las familias<\/p>\n<p><strong>Morente:<\/strong> Y..<\/p>\n<p><strong>Wanted:<\/strong> X\u00e9 calla Enric. Yo, do\u00f1a Manolita\u00a0y el juego de moda de la se\u00f1orita Pepis<\/p>\n<p><strong>Gerania:<\/strong> Yo y el bocadill de xam\u00f3 y ques.<\/p>\n<p>Toc, se cierra la sesi\u00f3n<\/p>\n<p>&nbsp;<\/p>\n<p>&nbsp;<\/p>\n<!-- AddThis Advanced Settings generic via filter on the_content --><!-- AddThis Share Buttons generic via filter on the_content -->","protected":false},"excerpt":{"rendered":"<p>Un d\u00eda cualquiera, de un mes cualquiera de 2012 en la Junta de S\u00edndics de Les Corts. Una conversaci\u00f3n que, seguramente, nada tendr\u00e1 que ver con la realidad. En la carpeta del orden del d\u00eda, subrayado en rojo: Soluciones para la crisis. El presidente abre la sesi\u00f3n. Raphael\u00a0Blanco\u00a0(PP): Yo y mi partido (aqu\u00ed el orden [&hellip;]<!-- AddThis Advanced Settings generic via filter on get_the_excerpt --><!-- AddThis Share Buttons generic via filter on get_the_excerpt --><\/p>\n","protected":false},"author":22,"featured_media":0,"comment_status":"open","ping_status":"closed","sticky":false,"template":"","format":"standard","meta":[],"categories":[2],"tags":[24,81,152,170,253,524,539],"_links":{"self":[{"href":"https:\/\/blogs.lasprovincias.es\/elfrancotirador\/wp-json\/wp\/v2\/posts\/15"}],"collection":[{"href":"https:\/\/blogs.lasprovincias.es\/elfrancotirador\/wp-json\/wp\/v2\/posts"}],"about":[{"href":"https:\/\/blogs.lasprovincias.es\/elfrancotirador\/wp-json\/wp\/v2\/types\/post"}],"author":[{"embeddable":true,"href":"https:\/\/blogs.lasprovincias.es\/elfrancotirador\/wp-json\/wp\/v2\/users\/22"}],"replies":[{"embeddable":true,"href":"https:\/\/blogs.lasprovincias.es\/elfrancotirador\/wp-json\/wp\/v2\/comments?post=15"}],"version-history":[{"count":0,"href":"https:\/\/blogs.lasprovincias.es\/elfrancotirador\/wp-json\/wp\/v2\/posts\/15\/revisions"}],"wp:attachment":[{"href":"https:\/\/blogs.lasprovincias.es\/elfrancotirador\/wp-json\/wp\/v2\/media?parent=15"}],"wp:term":[{"taxonomy":"category","embeddable":true,"href":"https:\/\/blogs.lasprovincias.es\/elfrancotirador\/wp-json\/wp\/v2\/categories?post=15"},{"taxonomy":"post_tag","embeddable":true,"href":"https:\/\/blogs.lasprovincias.es\/elfrancotirador\/wp-json\/wp\/v2\/tags?post=15"}],"curies":[{"name":"wp","href":"https:\/\/api.w.org\/{rel}","templated":true}]}}