{"id":16,"date":"2012-02-13T19:44:49","date_gmt":"2012-02-13T19:44:49","guid":{"rendered":"http:\/\/blogs.lasprovincias.es\/elfrancotirador\/?p=16"},"modified":"2012-02-13T19:44:49","modified_gmt":"2012-02-13T19:44:49","slug":"soy-un-pecador","status":"publish","type":"post","link":"https:\/\/blogs.lasprovincias.es\/elfrancotirador\/2012\/02\/13\/soy-un-pecador\/","title":{"rendered":"Soy un pecador"},"content":{"rendered":"<p>Reconozco que he pecado.\u00a0No s\u00e9 c\u00f3mo os\u00e9 a\u00a0criticar que algunos diputados de Les Corts Valencianes trincaran\u00a0584 euros al mes\u00a0por 8 minutos de trabajo. Porque, como ya me han hecho ver algunas de sus se\u00f1or\u00edas, he atacado a la dignidad del Parlamento valenciano. Es la segunda\u00a0vez que peco casi de forma mortal en esta legislatura. La primera vez fue cuando un\u00a0alto cargo me\u00a0declar\u00f3 culpable de que los valencianos no compraran bonos patri\u00f3ticos por decir que Les Corts no ten\u00edan\u00a0dinero para pagar la n\u00f3mina de sus se\u00f1or\u00edas. Jur\u00e9 que no lo har\u00eda m\u00e1s. Que nunca m\u00e1s\u00a0mentar\u00eda el nombre de la instituci\u00f3n en vano. Pero ya\u00a0ven,\u00a0he vuelto a caer en la tentaci\u00f3n\u00a0porque soy un pecador. Porque 584 euros de complemento\u00a0al mes por 8 minutos de trabajo est\u00e1 mal pagado. Tanto como los 426 euros que reciben los parados de larga duraci\u00f3n que no tienen otros recursos para alimentar a sus hijos, a la suegra o al perro. O como las pensiones m\u00ednimas que reciben algunos jubilados que prefieren\u00a0esquivar el fr\u00edo polar de estos d\u00edas con mantas y doble calcet\u00edn antes de encender el calefactor que les descuadra el mes por la factura de la luz.\u00a0Y tampoco me olvido\u00a0de aquellos que estiran la carne del puchero para hacer croquetas y tener un segundo plato.\u00a0O de aquellos que por no gastarse\u00a0el dinero en el billete del transporte p\u00fablico prefieren zamparse kil\u00f3metros\u00a0llueva, haga calor\u00a0o nieve para ir a trabajar o intentar encontrar empleo.\u00a0Y tambi\u00e9n de los que han\u00a0vuelto a rescatar las coderas y las rodilleras,\u00a0que pasaron al olvido en el siglo pasado, para que a los ni\u00f1os el pantal\u00f3n de marras le dure por lo menos hasta final\u00a0de un curso en el que han tenido que sacar al nano del comedor para equilibrar la\u00a0econom\u00eda familiar.\u00a0Y a pesar de todo, me tengo que tragar milongas de\u00a0dignidad parlamentaria cuando sus se\u00f1or\u00edas son los primeros que\u00a0pactan sus prebendas con nocturnidad y alevos\u00eda por temor a la prensa y al qu\u00e9 dir\u00e1n. Si\u00a0est\u00e1 a mi alcance\u00a0y me entero, pecar\u00e9 siempre que pueda.<\/p>\n<p>Aqu\u00ed, la informaci\u00f3n<\/p>\n<p><a href=\"http:\/\/www.lasprovincias.es\/20120210\/mas-actualidad\/politica\/euros-comision-mujer-201202101159.html\" rel=\"external nofollow\">http:\/\/www.lasprovincias.es\/20120210\/mas-actualidad\/politica\/euros-comision-mujer-201202101159.html<\/a><\/p>\n<!-- AddThis Advanced Settings generic via filter on the_content --><!-- AddThis Share Buttons generic via filter on the_content -->","protected":false},"excerpt":{"rendered":"<p>Reconozco que he pecado.\u00a0No s\u00e9 c\u00f3mo os\u00e9 a\u00a0criticar que algunos diputados de Les Corts Valencianes trincaran\u00a0584 euros al mes\u00a0por 8 minutos de trabajo. Porque, como ya me han hecho ver algunas de sus se\u00f1or\u00edas, he atacado a la dignidad del Parlamento valenciano. Es la segunda\u00a0vez que peco casi de forma mortal en esta legislatura. La [&hellip;]<!-- AddThis Advanced Settings generic via filter on get_the_excerpt --><!-- AddThis Share Buttons generic via filter on get_the_excerpt --><\/p>\n","protected":false},"author":22,"featured_media":0,"comment_status":"open","ping_status":"closed","sticky":false,"template":"","format":"standard","meta":[],"categories":[2],"tags":[170,175,214,522,539],"_links":{"self":[{"href":"https:\/\/blogs.lasprovincias.es\/elfrancotirador\/wp-json\/wp\/v2\/posts\/16"}],"collection":[{"href":"https:\/\/blogs.lasprovincias.es\/elfrancotirador\/wp-json\/wp\/v2\/posts"}],"about":[{"href":"https:\/\/blogs.lasprovincias.es\/elfrancotirador\/wp-json\/wp\/v2\/types\/post"}],"author":[{"embeddable":true,"href":"https:\/\/blogs.lasprovincias.es\/elfrancotirador\/wp-json\/wp\/v2\/users\/22"}],"replies":[{"embeddable":true,"href":"https:\/\/blogs.lasprovincias.es\/elfrancotirador\/wp-json\/wp\/v2\/comments?post=16"}],"version-history":[{"count":0,"href":"https:\/\/blogs.lasprovincias.es\/elfrancotirador\/wp-json\/wp\/v2\/posts\/16\/revisions"}],"wp:attachment":[{"href":"https:\/\/blogs.lasprovincias.es\/elfrancotirador\/wp-json\/wp\/v2\/media?parent=16"}],"wp:term":[{"taxonomy":"category","embeddable":true,"href":"https:\/\/blogs.lasprovincias.es\/elfrancotirador\/wp-json\/wp\/v2\/categories?post=16"},{"taxonomy":"post_tag","embeddable":true,"href":"https:\/\/blogs.lasprovincias.es\/elfrancotirador\/wp-json\/wp\/v2\/tags?post=16"}],"curies":[{"name":"wp","href":"https:\/\/api.w.org\/{rel}","templated":true}]}}