{"id":18,"date":"2012-02-19T19:46:03","date_gmt":"2012-02-19T19:46:03","guid":{"rendered":"http:\/\/blogs.lasprovincias.es\/elfrancotirador\/?p=18"},"modified":"2012-02-19T19:46:03","modified_gmt":"2012-02-19T19:46:03","slug":"camisetas-porras-y-aprovechados","status":"publish","type":"post","link":"https:\/\/blogs.lasprovincias.es\/elfrancotirador\/2012\/02\/19\/camisetas-porras-y-aprovechados\/","title":{"rendered":"Camisetas, porras y aprovechados"},"content":{"rendered":"<p>Desde que me ingresaron en el reformatorio laboral intento hacer terapia reflexiva. Analizo con pausa. Y por eso concluyo que me he sentido utilizado por el ego de una <strong>diputada con camiseta\u00a0<\/strong>que a costa de su minuto de gloria ha\u00a0pisoteado la\u00a0colaboraci\u00f3n de 66.000 personas (yo tambi\u00e9n firm\u00e9) para aspirar a la gratuidad de las guarder\u00edas para nuestros hijos. Y me produce pena el pol\u00edtico que se\u00a0jacta de su estrategia para hurtar debates.\u00a0Y detesto ver <strong>cabezas abiertas a golpes de porra\u00a0<\/strong>cuando las concentraciones, manifestaciones o protestas legales e\u00a0ilegales se pueden disolver de una manera mucho m\u00e1s pac\u00edfica. Y lamento leer y escuchar cuando se intenta demonizar\u00a0a polic\u00edas que en ocasiones tienen que lidiar con\u00a0indeseables que apuestan por la violencia en un conjunto sin ganas de guerra.<\/p>\n<p>Y me dan asco las soflamas a favor y en contra, de grises, verdes, rojos\u00a0y azules. Y vomito ante la pol\u00edtica interesada que intenta colar en cuestiones de inter\u00e9s social mensajes de acomplejados de tiempos pasados que la mayor\u00eda ya ha superado y no entiende. Y cuestiono tambi\u00e9n por qu\u00e9 mi hijo ha estudiado casi todo este curso en <strong>barracones o aulas prefabricadas<\/strong>, seg\u00fan me cuenten el cuento, sin poder elegir centro pese a las promesas de un alcalde bobalic\u00f3n que busc\u00f3 mi voto y no se lo di. Y reniego de banderas que se enarbolan en peticiones que afectan a todos, a buenos y malos, seg\u00fan se vean ellos mismos. No me identifico con ninguno de esos colores que se exhiben, <strong>ni con blau\u00a0ni sense blau<\/strong>, ni con coronas ni himnos de Riego. Ni con pa\u00edses, pa\u00efsos,\u00a0reinos, regiones o entelequias. Y me da la risa cuando me dan lecciones aquellos que se bajaron los pantalones por un\u00a0plato de\u00a0lentejas.<\/p>\n<p>Y me apartan a manotazos de\u00a0las ideolog\u00edas los soberbios que\u00a0creen que<strong> la mayor\u00eda les permite el\u00a0todo vale\u00a0y la minor\u00eda carro\u00f1era de esa minor\u00eda <\/strong>que\u00a0aprovecha cualquier\u00a0rendija para colar mensajes que no tienen el soporte de las urnas. Y\u00a0reniego de los diputados y diputadas con carn\u00e9 en la\u00a0mano\u00a0y chal\u00e9 para el descanso. Y de aquellos <strong>cargos p\u00fablicos<\/strong> anclados a la contra que se llenan la boca de lo p\u00fablico\u00a0mientras sus\u00a0hijos no pasan fr\u00edo ni calor porque pueden tirar de chequera para acunarlos en el privado. Cosas de la vida.<\/p>\n<p>Otras entradas<\/p>\n<p><a title=\"Soy un pecador\" href=\"https:\/\/blogs.lasprovincias.es\/elfrancotirador\/2012\/02\/13\/soy-un-pecador\/\" rel=\"bookmark\">Soy un pecador<\/a><\/p>\n<p>&nbsp;<\/p>\n<p>&nbsp;<\/p>\n<!-- AddThis Advanced Settings generic via filter on the_content --><!-- AddThis Share Buttons generic via filter on the_content -->","protected":false},"excerpt":{"rendered":"<p>Desde que me ingresaron en el reformatorio laboral intento hacer terapia reflexiva. Analizo con pausa. Y por eso concluyo que me he sentido utilizado por el ego de una diputada con camiseta\u00a0que a costa de su minuto de gloria ha\u00a0pisoteado la\u00a0colaboraci\u00f3n de 66.000 personas (yo tambi\u00e9n firm\u00e9) para aspirar a la gratuidad de las guarder\u00edas [&hellip;]<!-- AddThis Advanced Settings generic via filter on get_the_excerpt --><!-- AddThis Share Buttons generic via filter on get_the_excerpt --><\/p>\n","protected":false},"author":22,"featured_media":0,"comment_status":"open","ping_status":"closed","sticky":false,"template":"","format":"standard","meta":[],"categories":[2],"tags":[152,175,516,524,539,557],"_links":{"self":[{"href":"https:\/\/blogs.lasprovincias.es\/elfrancotirador\/wp-json\/wp\/v2\/posts\/18"}],"collection":[{"href":"https:\/\/blogs.lasprovincias.es\/elfrancotirador\/wp-json\/wp\/v2\/posts"}],"about":[{"href":"https:\/\/blogs.lasprovincias.es\/elfrancotirador\/wp-json\/wp\/v2\/types\/post"}],"author":[{"embeddable":true,"href":"https:\/\/blogs.lasprovincias.es\/elfrancotirador\/wp-json\/wp\/v2\/users\/22"}],"replies":[{"embeddable":true,"href":"https:\/\/blogs.lasprovincias.es\/elfrancotirador\/wp-json\/wp\/v2\/comments?post=18"}],"version-history":[{"count":0,"href":"https:\/\/blogs.lasprovincias.es\/elfrancotirador\/wp-json\/wp\/v2\/posts\/18\/revisions"}],"wp:attachment":[{"href":"https:\/\/blogs.lasprovincias.es\/elfrancotirador\/wp-json\/wp\/v2\/media?parent=18"}],"wp:term":[{"taxonomy":"category","embeddable":true,"href":"https:\/\/blogs.lasprovincias.es\/elfrancotirador\/wp-json\/wp\/v2\/categories?post=18"},{"taxonomy":"post_tag","embeddable":true,"href":"https:\/\/blogs.lasprovincias.es\/elfrancotirador\/wp-json\/wp\/v2\/tags?post=18"}],"curies":[{"name":"wp","href":"https:\/\/api.w.org\/{rel}","templated":true}]}}